{"id":10375,"date":"2025-10-22T09:30:43","date_gmt":"2025-10-22T07:30:43","guid":{"rendered":"https:\/\/nccr-onthemove.ch\/blog\/?p=10375"},"modified":"2025-10-21T14:42:58","modified_gmt":"2025-10-21T12:42:58","slug":"qui-sont-les-personnes-etrangeres-arrivees-recemment-en-suisse-et-comment-vivent-elles","status":"publish","type":"post","link":"https:\/\/nccr-onthemove.ch\/blog\/qui-sont-les-personnes-etrangeres-arrivees-recemment-en-suisse-et-comment-vivent-elles\/","title":{"rendered":"Qui sont les personnes \u00e9trang\u00e8res arriv\u00e9es r\u00e9cemment en Suisse et comment vivent-elles ?"},"content":{"rendered":"<p><strong>Au cours des 13 derni\u00e8res ann\u00e9es, la population suisse s\u2019est accrue de pr\u00e8s de 1.2 millions de personnes selon l\u2019OFS. Plus de 80% de cette augmentation s\u2019explique par les mouvements migratoires, et 20% seulement par l\u2019exc\u00e9dent des naissances sur les d\u00e9c\u00e8s. Puisque le d\u00e9bat sur l\u2019initiative \u00ab\u00a0pour une Suisse \u00e0 10 millions d\u2019habitants\u00a0\u00bb pointe un doigt accusateur sur la migration, il est important de se pencher sur celles et ceux qui contribuent aujourd\u2019hui \u00e0 cette croissance d\u00e9mographique. <\/strong><\/p>\n<p>L\u2019enqu\u00eate Migration-Mobilit\u00e9 fournit de nombreuses informations sur les personnes \u00e9trang\u00e8res arriv\u00e9es en Suisse \u00e0 partir de 2006, \u00e0 l\u2019\u00e2ge adulte. Cette enqu\u00eate exclut toutefois les personnes venues en Suisse au titre de l\u2019asile, un motif d\u2019immigration qui est minoritaire (6,2% en 2023). Le mode d\u2019\u00e9chantillonnage permet de disposer de donn\u00e9es pour la plupart des r\u00e9gions de provenance.<\/p>\n<p>En 2024, la cinqui\u00e8me vague de cette enqu\u00eate a confirm\u00e9 la tendance \u00e0 une migration de plus en plus hautement qualifi\u00e9e, dict\u00e9e par l\u2019exercice d\u2019une activit\u00e9 professionnelle. Quelque 64 % des personnes arriv\u00e9es en Suisse apr\u00e8s 2006 ont un niveau de formation tertiaire et 47 % d\u2019entre elles (hommes 61 %, femmes 33 %) disposaient d\u2019un contrat de travail ou d\u2019une promesse d\u2019emploi au moment de leur arriv\u00e9e.<\/p>\n<p>Pour celles et ceux venu\u00b7e\u00b7s en Suisse pour des raisons non professionnelles (souvent familiales), l\u2019int\u00e9gration professionnelle est certes plus complexe et conduit parfois \u00e0 une d\u00e9qualification, mais reste possible. Ainsi, au moment de l\u2019enqu\u00eate, 64\u00a0% des r\u00e9pondant\u00b7e\u00b7s d\u00e9claraient une activit\u00e9 professionnelle \u00e0 temps plein et 20\u00a0% une activit\u00e9 \u00e0 temps partiel.<\/p>\n<p>Malgr\u00e9 son caract\u00e8re essentiellement hautement qualifi\u00e9, la migration fournit \u00e9galement une main-d\u2019\u0153uvre indispensable pour des postes \u00e0 faible niveau de r\u00e9mun\u00e9ration d\u00e9laiss\u00e9s par les natif\u00b7ve\u00b7s. Les personnes de nationalit\u00e9 portugaise (61,0 %) et d\u2019une nationalit\u00e9 africaine (54,8\u00a0%) pr\u00e9sentent ainsi majoritairement un niveau de formation secondaire. Cette population moyennement qualifi\u00e9e r\u00e9pond \u00e0 la demande du march\u00e9 du travail. Le taux de ch\u00f4mage est d\u2019ailleurs l\u00e9g\u00e8rement plus faible parmi les personnes de formation secondaire I (7,4 %) ou secondaire II (6,6 %) que parmi celles de formation tertiaire (7,7 %).<\/p>\n<p>L\u2019activit\u00e9 professionnelle en Suisse est jug\u00e9e positivement. La majorit\u00e9 des personnes interrog\u00e9es (79,4 %) indique avoir connu une am\u00e9lioration de la situation professionnelle suite \u00e0 la migration. Cela s\u2019explique notamment par le fait que la migration est souvent conditionn\u00e9e \u00e0 l\u2019obtention d\u2019un contrat de travail. Le ou la candidate dispose ainsi de la possibilit\u00e9 d\u2019accepter ou non l\u2019offre d\u2019emploi\u00a0: si elle ne correspond pas aux attentes, elle peut \u00eatre refus\u00e9e. Le cadre de vie en Suisse est aussi jug\u00e9 positivement, m\u00eame si certain\u00b7e\u00b7s r\u00e9pondant\u00b7e\u00b7s \u00e9prouvent des difficult\u00e9s dans les contacts sociaux.<\/p>\n<h5><strong>Comment les personnes \u00e9trang\u00e8res se sentent-elles jug\u00e9es\u00a0?<\/strong><\/h5>\n<p>Une question de l\u2019enqu\u00eate fait r\u00e9f\u00e9rence aux rapports entre personnes natives et \u00e9trang\u00e8res. Cette question porte sur la discrimination ressentie. Au total, trois-quarts (76,4\u00a0%) des personnes ayant r\u00e9pondu \u00e0 l\u2019enqu\u00eate d\u00e9clarent n\u2019avoir jamais ou rarement ressenti de la discrimination au cours des 24 derniers mois. La proportion de personnes n\u2019ayant jamais ou rarement \u00e9t\u00e9 confront\u00e9es \u00e0 de la discrimination augmente depuis 2018 (73,7\u00a0%), ce qui permet d\u2019exclure l\u2019hypoth\u00e8se d\u2019une intol\u00e9rance en hausse de la part de la population suisse envers les personnes \u00e9trang\u00e8res.<\/p>\n<p>Ce constat rejoint les r\u00e9sultats des enqu\u00eates sociales europ\u00e9ennes (ESS), indiquant qu\u2019une part croissante des Suisse\u00b7sse\u00b7s consid\u00e8re la migration comme positive pour l\u2019\u00e9conomie (Rockwool Foundation, 2025).<\/p>\n<h5><strong>Quels sont les projets de vie des \u00e9tranger\u00b7\u00e8re\u00b7s en Suisse\u00a0?<\/strong><\/h5>\n<p>Suite \u00e0 une situation professionnelle am\u00e9lior\u00e9e par la migration, aux conditions de vie que la Suisse peut offrir, \u00e0 la s\u00e9curit\u00e9 observ\u00e9e sur le territoire et peut-\u00eatre aussi en raison de l\u2019acceptation de la population envers les personnes \u00e9trang\u00e8res, les intentions concernant la dur\u00e9e de s\u00e9jour en Suisse se modifient progressivement. Ainsi, au moment de l\u2019arriv\u00e9e en Suisse, 22,2 % des personnes interrog\u00e9es d\u00e9clarent vouloir y rester pour une dur\u00e9e limit\u00e9e, et 50,5 % n\u2019ont pas d\u2019opinion sur leur dur\u00e9e de s\u00e9jour en Suisse. Seuls 27,3 % ont l\u2019intention d\u2019y rester toute leur vie. Cette proportion passe \u00e0 51,8 % au moment de l\u2019enqu\u00eate, indiquant que de nombreuses personnes \u00e9trang\u00e8res expriment progressivement le souhait d\u2019y rester toute leur vie.<\/p>\n<p>Un souhait qu\u2019il n\u2019est pas toujours possible de r\u00e9aliser pour des raisons l\u00e9gales (acc\u00e8s \u00e0 un permis de longue dur\u00e9e) et \u00e9conomiques\u00a0: notamment, les personnes \u00e9trang\u00e8res arriv\u00e9es au cours de la vie active et n\u2019ayant pas cotis\u00e9 l\u2019ensemble de leur vie au syst\u00e8me de pr\u00e9voyance vieillesse doivent parfois retourner chez elles pour des raisons financi\u00e8res (Steiner et Wanner, 2025). Parall\u00e8lement, le retour n\u2019est pas toujours possible pour des personnes issues de pays en crise politique ou \u00e9conomique.<\/p>\n<p>L\u2019envie de rester en Suisse varie pour ces raisons selon la nationalit\u00e9. Elle est en effet tr\u00e8s faible pour les ressortissant\u00b7e\u00b7s portugais\u00b7e\u00b7s (18,4\u00a0% d\u00e9clarent au moment de l\u2019enqu\u00eate vouloir rester en Suisse toute leur vie), mais tr\u00e8s \u00e9lev\u00e9e pour les personnes originaires d\u2019un pays de l\u2019Europe non communautaire (69,7\u00a0%), d\u2019Afrique (67,7\u00a0%) et de France (62,2\u00a0%).<\/p>\n<h5><strong>Quelles cons\u00e9quences pour l\u2019initiative \u00ab\u00a010 millions\u00a0\u00bb\u00a0?<\/strong><\/h5>\n<p>Au total, les r\u00e9sultats de l\u2019enqu\u00eate Migration-Mobilit\u00e9 font ressortir une migration qui correspond aux besoins du march\u00e9 du travail, per\u00e7ue comme satisfaisante pour les populations immigr\u00e9es et plut\u00f4t bien tol\u00e9r\u00e9e pour la population native. De nombreux autres travaux en Suisse et \u00e0 l\u2019\u00e9tranger rel\u00e8vent l\u2019importance prioritaire d\u2019une croissance d\u00e9mographique harmonieuse pour l\u2019\u00e9conomie et les d\u00e9penses publiques. Face au rapide vieillissement d\u00e9mographique de la Suisse, qui va affaiblir le march\u00e9 du travail, il est judicieux de promouvoir des politiques assurant la continuit\u00e9 d\u2019un flux migratoire en ad\u00e9quation avec l\u2019\u00e9conomie, plut\u00f4t que de chercher \u00e0 imposer des limites \u00e0 celui-ci.<\/p>\n<p><em><a href=\"https:\/\/nccr-onthemove.ch\/who-is-who\/people\/?start=w&amp;p_id=156\" target=\"_blank\" rel=\"noopener\">Philippe Wanner<\/a>\u00a0est professeur de d\u00e9mographie \u00e0 l\u2019Universit\u00e9 de Gen\u00e8ve et directeur adjoint du\u00a0<a href=\"https:\/\/nccr-onthemove.ch\/\">nccr \u2013 on the move<\/a>. Il co-dirige le projet\u00a0<\/em>\u00ab\u00a0<a href=\"https:\/\/nccr-onthemove.ch\/projects\/the-longitudinal-impact-of-crises-on-economic-social-and-mobility-related-outcomes-the-role-of-gender-skills-and-migration-status\/\">The Longitudinal Impact of Crises on Economic, Social, and Mobility-Related Outcomes: The Role of Gender, Skills, and Migration Status<\/a>\u00a0\u00bb.<\/p>\n<p>R\u00e9f\u00e9rences:<\/p>\n<p>\u2013Steiner I, Wanner P. (2025), Caract\u00e9ristiques socio-\u00e9conomiques de la population allemande en Suisse. In P. Wanner et R. Fibbi (eds), Paysage migratoire au XXIe si\u00e8cle en Suisse. Zurich : Seismo, pp 185-204.<br \/>\n\u2013OFS (2025), <a href=\"https:\/\/www.bfs.admin.ch\/bfs\/fr\/home\/statistiques\/population\/effectif-evolution\/composantes-evolution.assetdetail.36074776.html\" target=\"_blank\" rel=\"noopener\">Bilan d\u00e9mographique selon le niveau g\u00e9ographique institutionne<\/a>l. Consult\u00e9 le 2 octobre 2025.<br \/>\n\u2013Rockwool Foundation (2025), <a href=\"https:\/\/www.rfberlin.com\/attitudes-towards-migration-in-europe\/\" target=\"_blank\" rel=\"noopener\">Attitudes towards migration in Europe, evidence from the European Social Survey<\/a>. Consult\u00e9 le 2 octobre 2025.<\/p>\n","protected":false},"excerpt":{"rendered":"<p>Au cours des 13 derni\u00e8res ann\u00e9es, la population suisse s\u2019est accrue de pr\u00e8s de 1.2 millions de personnes selon l\u2019OFS. Plus de 80% de cette augmentation s\u2019explique par les mouvements migratoires, et 20% seulement par l\u2019exc\u00e9dent des naissances sur les d\u00e9c\u00e8s. Puisque le d\u00e9bat sur l\u2019initiative \u00ab\u00a0pour une Suisse \u00e0<\/p>\n","protected":false},"author":25,"featured_media":9004,"comment_status":"open","ping_status":"closed","sticky":false,"template":"","format":"standard","meta":{"_acf_changed":false,"footnotes":""},"categories":[1366],"tags":[213,1127,233,234],"coauthors":[341],"class_list":["post-10375","post","type-post","status-publish","format-standard","has-post-thumbnail","hentry","category-migration-mobility-survey","tag-demography","tag-migration-and-mobility-studies","tag-statistics","tag-switzerland"],"acf":[],"aioseo_notices":[],"_links":{"self":[{"href":"https:\/\/nccr-onthemove.ch\/blog\/wp-json\/wp\/v2\/posts\/10375","targetHints":{"allow":["GET"]}}],"collection":[{"href":"https:\/\/nccr-onthemove.ch\/blog\/wp-json\/wp\/v2\/posts"}],"about":[{"href":"https:\/\/nccr-onthemove.ch\/blog\/wp-json\/wp\/v2\/types\/post"}],"author":[{"embeddable":true,"href":"https:\/\/nccr-onthemove.ch\/blog\/wp-json\/wp\/v2\/users\/25"}],"replies":[{"embeddable":true,"href":"https:\/\/nccr-onthemove.ch\/blog\/wp-json\/wp\/v2\/comments?post=10375"}],"version-history":[{"count":6,"href":"https:\/\/nccr-onthemove.ch\/blog\/wp-json\/wp\/v2\/posts\/10375\/revisions"}],"predecessor-version":[{"id":10381,"href":"https:\/\/nccr-onthemove.ch\/blog\/wp-json\/wp\/v2\/posts\/10375\/revisions\/10381"}],"wp:featuredmedia":[{"embeddable":true,"href":"https:\/\/nccr-onthemove.ch\/blog\/wp-json\/wp\/v2\/media\/9004"}],"wp:attachment":[{"href":"https:\/\/nccr-onthemove.ch\/blog\/wp-json\/wp\/v2\/media?parent=10375"}],"wp:term":[{"taxonomy":"category","embeddable":true,"href":"https:\/\/nccr-onthemove.ch\/blog\/wp-json\/wp\/v2\/categories?post=10375"},{"taxonomy":"post_tag","embeddable":true,"href":"https:\/\/nccr-onthemove.ch\/blog\/wp-json\/wp\/v2\/tags?post=10375"},{"taxonomy":"author","embeddable":true,"href":"https:\/\/nccr-onthemove.ch\/blog\/wp-json\/wp\/v2\/coauthors?post=10375"}],"curies":[{"name":"wp","href":"https:\/\/api.w.org\/{rel}","templated":true}]}}