{"id":10411,"date":"2025-11-06T11:12:58","date_gmt":"2025-11-06T10:12:58","guid":{"rendered":"https:\/\/nccr-onthemove.ch\/blog\/?p=10411"},"modified":"2025-11-06T11:12:58","modified_gmt":"2025-11-06T10:12:58","slug":"dispense-dintegration-pourquoi-les-migrant%c2%b7e%c2%b7s-sont-soumis%c2%b7es-a-des-normes-sociales-plus-strictes","status":"publish","type":"post","link":"https:\/\/nccr-onthemove.ch\/blog\/dispense-dintegration-pourquoi-les-migrant%c2%b7e%c2%b7s-sont-soumis%c2%b7es-a-des-normes-sociales-plus-strictes\/","title":{"rendered":"Dispense d&#8217;int\u00e9gration : pourquoi les migrant\u00b7e\u00b7s sont soumis\u00b7es \u00e0 des normes sociales plus strictes"},"content":{"rendered":"<p><strong>Si les normes et les attentes sociales fa\u00e7onnent nos vies \u00e0 tou\u00b7te\u00b7s, elles ne s&#8217;appliquent pas de la m\u00eame mani\u00e8re \u00e0 chacun\u00b7e.\u00a0<\/strong><span style=\"box-sizing: border-box; margin: 0px; padding: 0px;\"><strong>Une nouvelle \u00e9tude montre que les migrant\u00b7e\u00b7s en Suisse sont soumis<\/strong>\u00b7<strong>es \u00e0 des normes plus strictes que le reste de la soci\u00e9t\u00e9, notamment en mati\u00e8re d&#8217;engagement social local et de respect de l&#8217;ordre juridique.<\/strong><\/span><strong>\u00a0Ce double standard confirme ce que les \u00e9tudes sur les migrations ont soulign\u00e9 : seules certaines personnes sont cens\u00e9es s&#8217;int\u00e9grer, tandis que d&#8217;autres ne sont pas soumises aux m\u00eames attentes. <\/strong><\/p>\n<p>\u00ab Hanna rencontre Sue. Sue lui demande : \u00ab Veux-tu venir prendre un caf\u00e9 un de ces jours ? \u00bb Quelle est la meilleure chose \u00e0 faire pour Hanna ? (a) convenir d&#8217;un moment avec Sue pour prendre un caf\u00e9 ; (b) passer quand Hanna a le temps ; ou (c) attendre que Sue invite \u00e0 nouveau Hanna \u00e0 venir. \u00bb (Orgad 2015)<\/p>\n<p>Vous connaissez peut-\u00eatre la bonne r\u00e9ponse \u00e0 cette question, qui a figur\u00e9 jusqu&#8217;\u00e0 r\u00e9cemment dans l&#8217;examen de citoyennet\u00e9 n\u00e9erlandais. Peut-\u00eatre que non. Et peut-\u00eatre que vous n&#8217;avez pas besoin de la conna\u00eetre. Les citoyen\u00b7ne\u00b7s n\u00e9\u00b7e\u00b7s dans le pays sont dispens\u00e9\u00b7e\u00b7s des examens de citoyennet\u00e9 et, en g\u00e9n\u00e9ral, des attentes en mati\u00e8re d&#8217;int\u00e9gration, telles que celles exprim\u00e9es dans cette question, de mani\u00e8re plus g\u00e9n\u00e9rale. Ils et elles sont, en quelque sorte, dispens\u00e9\u00b7e\u00b7s d&#8217;int\u00e9gration (Schinkel 2018) \u2013 une critique qui est devenue centrale dans les d\u00e9bats sur l&#8217;int\u00e9gration des migrant\u00b7e\u00b7s. Mais qu&#8217;est-ce que cela signifie dans la pratique ? Les migrant\u00b7e\u00b7s sont-ils et elles soumis\u00b7es \u00e0 des normes sociales plus strictes que les citoyen\u00b7ne\u00b7s ?<\/p>\n<h5><strong>Le biais migratoire dans les normes sociales <\/strong><\/h5>\n<p>Dans une \u00e9tude r\u00e9cente, nous avons test\u00e9 cette id\u00e9e de mani\u00e8re empirique pour la premi\u00e8re fois (Manser-Egli et Lutz 2025). Nous avons pos\u00e9 la question suivante : les migrant\u00b7e\u00b7s sont-ils et elles soumis\u00b7es \u00e0 des attentes normatives plus \u00e9lev\u00e9es que les autres ? Pour y r\u00e9pondre, nous nous sommes int\u00e9ress\u00e9s \u00e0 la Suisse, un pays ax\u00e9 sur le consensus, avec une soci\u00e9t\u00e9 diversifi\u00e9e et des d\u00e9bats politiques anim\u00e9s sur l&#8217;int\u00e9gration des migrant\u00b7e\u00b7s \u2013 un contexte similaire \u00e0 celui des Pays-Bas.<\/p>\n<p>Nous avons interrog\u00e9 des personnes sur l&#8217;importance des normes sociales li\u00e9es \u00e0 l&#8217;int\u00e9gration, telles que la participation \u00e0 la vie du quartier, l&#8217;ind\u00e9pendance financi\u00e8re, le respect de la loi et la participation \u00e0 la vie politique. Pour la moiti\u00e9 des personnes interrog\u00e9es, les questions faisaient sp\u00e9cifiquement r\u00e9f\u00e9rence aux migrant\u00b7e\u00b7s, par exemple \u00abLes \u00e9tranger\u00b7\u00e8re\u00b7s devraient avoir des contacts r\u00e9guliers avec leurs voisin\u00b7e\u00b7s \u00bb, tandis que pour l&#8217;autre moiti\u00e9, elles faisaient r\u00e9f\u00e9rence \u00e0 l&#8217;ensemble de la soci\u00e9t\u00e9, par exemple \u00ab On devrait avoir des contacts r\u00e9guliers avec ses voisin\u00b7e\u00b7s \u00bb.<\/p>\n<p>En comparant ces deux fa\u00e7ons de poser les questions, nous avons pu analyser si les gens ont effectivement des attentes normatives plus \u00e9lev\u00e9es \u00e0 l&#8217;\u00e9gard des migrant\u00b7e\u00b7s qu&#8217;\u00e0 l&#8217;\u00e9gard de la soci\u00e9t\u00e9 dans son ensemble. Les r\u00e9sultats r\u00e9v\u00e8lent que les migrant\u00b7e\u00b7s \u00e9taient soumis\u00b7es \u00e0 des normes sociales plus strictes que la soci\u00e9t\u00e9 en g\u00e9n\u00e9ral, notamment en termes d&#8217;engagement social local et de respect des lois et des valeurs constitutionnelles. C&#8217;est un ph\u00e9nom\u00e8ne que nous appelons le biais migratoire dans les normes sociales.<\/p>\n<h5><strong>\u00a0<\/strong><strong>Un ph\u00e9nom\u00e8ne propre \u00e0 la Suisse al\u00e9manique ? <\/strong><\/h5>\n<p>Il est int\u00e9ressant de noter que le biais migratoire d\u00e9pend du contexte, puisqu&#8217;il se manifeste dans la partie germanophone de la Suisse, mais pas dans la partie francophone. Cette diff\u00e9rence n&#8217;est pas seulement un hasard statistique ou le r\u00e9sultat d&#8217;un \u00e9chantillon plus petit, mais refl\u00e8te une v\u00e9ritable absence de biais migratoire dans la r\u00e9gion francophone. Si les deux r\u00e9gions linguistiques affichent un soutien similaire aux normes sociales g\u00e9n\u00e9rales, les attentes \u00e0 l&#8217;\u00e9gard des migrant\u00b7e\u00b7s sont nettement plus fortes dans la partie germanophone.<\/p>\n<p>Cette diff\u00e9rence pourrait s&#8217;expliquer par la mani\u00e8re dont les deux r\u00e9gions appr\u00e9hendent la citoyennet\u00e9 et l&#8217;appartenance. La partie germanophone de la Suisse tend vers un mod\u00e8le d&#8217;assimilation de la citoyennet\u00e9, fond\u00e9 sur l&#8217;id\u00e9e d&#8217;homog\u00e9n\u00e9it\u00e9 culturelle, auquel les migrant\u00b7e\u00b7s doivent se conformer. La partie francophone, en revanche, est plus proche du mod\u00e8le multiculturaliste fond\u00e9 sur une conception civique (plut\u00f4t qu&#8217;ethnique) de la citoyennet\u00e9 et de la diversit\u00e9 culturelle.<\/p>\n<p>Les cantons francophones ont tendance \u00e0 adopter des approches plus lib\u00e9rales et inclusives, s&#8217;apparentant \u00e0 la tradition fran\u00e7aise du droit du sol (citoyennet\u00e9 bas\u00e9e sur le lieu de naissance), tandis que les cantons germanophones ont tendance \u00e0 suivre des approches plus restrictives, plus proches du mod\u00e8le allemand du droit du sang (citoyennet\u00e9 bas\u00e9e sur l&#8217;ascendance). Cela se refl\u00e8te dans des politiques concr\u00e8tes : le droit de vote pour les non-citoyen\u00b7ne\u00b7s, par exemple, est courant dans la partie francophone de la Suisse, mais largement absent dans la partie germanophone. Plus largement, la r\u00e9gion francophone s&#8217;aligne davantage sur les valeurs cosmopolites et l&#8217;ouverture internationale, tandis que sa contrepartie germanophone penche davantage vers la fermeture nationale.<\/p>\n<h5><strong>Imaginaires romantiques de l&#8217;int\u00e9gration <\/strong><\/h5>\n<p>Pourquoi ce biais migratoire dans les normes sociales est-il important et que r\u00e9v\u00e8lent les conclusions de notre \u00e9tude sur la perception publique de l&#8217;int\u00e9gration ? Les politiques envisagent souvent l&#8217;int\u00e9gration en termes locaux et communautaires (voir Anderson 2023), encourageant les migrant\u00b7e\u00b7s \u00e0 rejoindre des associations, \u00e0 participer \u00e0 la vie de quartier ou \u00e0 nouer des liens sociaux. Cependant, nos conclusions sugg\u00e8rent que le public pourrait romantiser ces imaginaires locaux, imposant aux migrant\u00b7e\u00b7s des normes plus \u00e9lev\u00e9es qu\u2019aux citoyen\u00b7ne\u00b7s.<\/p>\n<p>Pour les citoyen\u00b7ne\u00b7s, la participation \u00e0 la vie locale est en grande partie une question de choix ; pour les migrant\u00b7e\u00b7s, il s\u2019agit d\u2019une attente sociale et d\u2019un crit\u00e8re d\u2019int\u00e9gration. Leur niveau de participation locale est contr\u00f4l\u00e9 et \u00e9valu\u00e9, \u00e0 la fois en tant que norme sociale et dans la pratique bureaucratique, refl\u00e9tant la r\u00e9partition in\u00e9gale des attentes normatives. Cet \u00e9cart, que les chercheur\u00b7euse\u00b7s appellent \u00ab dispense d\u2019int\u00e9gration \u00bb, cr\u00e9e un double standard : les citoyen\u00b7ne\u00b7s sont \u00e9pargn\u00e9\u00b7e\u00b7s par les contr\u00f4les formels et informels, tandis que les migrant\u00b7e\u00b7s sont jug\u00e9\u00b7e\u00b7s selon des normes plus strictes.<\/p>\n<h5><strong>Implications politiques<\/strong><\/h5>\n<p>Le biais migratoire a des implications politiques plus larges. Les m\u00eames normes sociales s&#8217;appliquent-elles \u00e0 tout le monde ? Le fait que la politique d&#8217;int\u00e9gration cible uniquement les migrant\u00b7e\u00b7s ne renforce-t-il pas les divisions qu&#8217;elle cherche \u00e0 combler, au point que la politique elle-m\u00eame devienne le probl\u00e8me ? Et est-il conforme aux valeurs d\u00e9mocratiques d&#8217;exiger des migrant\u00b7e\u00b7s qu&#8217;ils et elles s&#8217;engagent \u00e0 respecter des normes qui ne sont pas attendues et appliqu\u00e9es de la m\u00eame mani\u00e8re pour les citoyen\u00b7ne\u00b7s (Manser-Egli 2025) ?<\/p>\n<p>Pour en revenir \u00e0 notre sc\u00e9nario initial, la r\u00e9ponse est simple : (a) convenir d&#8217;un moment avec Sue pour prendre un caf\u00e9. En r\u00e9alit\u00e9, il n&#8217;y a bien s\u00fbr pas de bonne ou de mauvaise r\u00e9ponse ici, et aucune des r\u00e9ponses sugg\u00e9r\u00e9es n&#8217;est particuli\u00e8rement \u00ab n\u00e9erlandaise \u00bb ou \u00ab non n\u00e9erlandaise \u00bb. La question est plus complexe : en mati\u00e8re de normes sociales, les migrant\u00b7e\u00b7s ne b\u00e9n\u00e9ficient souvent pas de la m\u00eame marge de man\u0153uvre que les citoyen\u00b7ne\u00b7s. Il est essentiel de comprendre ce biais pour respecter les valeurs de libert\u00e9 et d&#8217;\u00e9galit\u00e9 dans une soci\u00e9t\u00e9 v\u00e9ritablement inclusive.<\/p>\n<p><em><a href=\"https:\/\/www.unifr.ch\/histcont\/de\/departement\/team\/manser-egli-stefan.html\">Stefan Manser-Egli<\/a> est chercheur postdoctoral \u00e0 l&#8217;Universit\u00e9 de Fribourg et \u00e0 l\u2019Universit\u00e9 d&#8217;Amsterdam et<\/em> <em>l\u2019ancien membre du \u00ab <a href=\"https:\/\/nccr-onthemove.ch\/\">nccr \u2013 on the move<\/a> \u00bb.<\/em><\/p>\n<p><em><a href=\"https:\/\/nccr-onthemove.ch\/who-is-who\/people\/?start=l&amp;p_id=9209\">Philipp Lutz<\/a> est professeur assistant en science politique \u00e0 la Vrije Universiteit Amsterdam, boursier Ambizione \u00e0 l\u2019Universit\u00e9 de Gen\u00e8ve et chercheur associ\u00e9 du \u00ab <a href=\"https:\/\/nccr-onthemove.ch\/\">nccr on the move<\/a> \u00bb.<\/em><\/p>\n<p>Bibliographie :<\/p>\n<p data-start=\"143\" data-end=\"259\">\u2013 Anderson, Bridget (2023). \u00ab <a href=\"https:\/\/doi.org\/10.1080\/17450101.2023.2218592\" target=\"_blank\" rel=\"noopener\"><em data-start=\"173\" data-end=\"213\">Integration: A Tale of Two Communities<\/em> <\/a>\u00bb, <em data-start=\"217\" data-end=\"229\">Mobilities<\/em>, vol. 18, no 4, p. 606-619.<br \/>\n\u2013 Manser-Egli, Stefan (2025). \u00ab <a href=\"https:\/\/doi.org\/10.1080\/2158379X.2025.2538462\" target=\"_blank\" rel=\"noopener\"><em data-start=\"293\" data-end=\"385\">Illiberal integrationism: shared values as an integration requirement in liberal democracy<\/em><\/a> \u00bb, <em data-start=\"389\" data-end=\"417\">Journal of Political Power<\/em>, p. 1-20.<br \/>\n\u2013 Manser-Egli, Stefan et Lutz, Philipp (2025). \u00ab <a href=\"https:\/\/doi.org\/10.1162\/euso.a.30\" target=\"_blank\" rel=\"noopener\"><em data-start=\"480\" data-end=\"538\">Integration for whom? The migration bias in social norms<\/em><\/a> \u00bb, <em data-start=\"542\" data-end=\"562\">European Societies<\/em>, p. 1-16.<br \/>\n\u2013 Orgad, Liav (2015). <em data-start=\"598\" data-end=\"668\">The Cultural Defense of Nations: A Liberal Theory of Majority Rights<\/em>. Oxford \/ New York : Oxford University Press.<br \/>\n\u2013 Schinkel, Willem (2018). \u00ab<a href=\"https:\/\/doi.org\/10.1186\/s40878-018-0095-1\" target=\"_blank\" rel=\"noopener\"> <em data-start=\"747\" data-end=\"828\">Against \u201cImmigrant Integration\u201d: For an End to Neocolonial Knowledge Production<\/em><\/a> \u00bb, <em data-start=\"832\" data-end=\"863\">Comparative Migration Studies<\/em>, vol. 6, no 31, p. 1-17.<\/p>\n","protected":false},"excerpt":{"rendered":"<p>Si les normes et les attentes sociales fa\u00e7onnent nos vies \u00e0 tou\u00b7te\u00b7s, elles ne s&#8217;appliquent pas de la m\u00eame mani\u00e8re \u00e0 chacun\u00b7e.\u00a0Une nouvelle \u00e9tude montre que les migrant\u00b7e\u00b7s en Suisse sont soumis\u00b7es \u00e0 des normes plus strictes que le reste de la soci\u00e9t\u00e9, notamment en mati\u00e8re d&#8217;engagement social local et<\/p>\n","protected":false},"author":106,"featured_media":0,"comment_status":"open","ping_status":"closed","sticky":false,"template":"","format":"standard","meta":{"_acf_changed":false,"footnotes":""},"categories":[542,609],"tags":[1382,1383,226,997,1384,1385,1283],"coauthors":[631,629],"class_list":["post-10411","post","type-post","status-publish","format-standard","hentry","category-practices","category-society","tag-biais","tag-inegalite","tag-integration","tag-migration-2","tag-normes","tag-societe","tag-suisse"],"acf":[],"aioseo_notices":[],"_links":{"self":[{"href":"https:\/\/nccr-onthemove.ch\/blog\/wp-json\/wp\/v2\/posts\/10411","targetHints":{"allow":["GET"]}}],"collection":[{"href":"https:\/\/nccr-onthemove.ch\/blog\/wp-json\/wp\/v2\/posts"}],"about":[{"href":"https:\/\/nccr-onthemove.ch\/blog\/wp-json\/wp\/v2\/types\/post"}],"author":[{"embeddable":true,"href":"https:\/\/nccr-onthemove.ch\/blog\/wp-json\/wp\/v2\/users\/106"}],"replies":[{"embeddable":true,"href":"https:\/\/nccr-onthemove.ch\/blog\/wp-json\/wp\/v2\/comments?post=10411"}],"version-history":[{"count":4,"href":"https:\/\/nccr-onthemove.ch\/blog\/wp-json\/wp\/v2\/posts\/10411\/revisions"}],"predecessor-version":[{"id":10416,"href":"https:\/\/nccr-onthemove.ch\/blog\/wp-json\/wp\/v2\/posts\/10411\/revisions\/10416"}],"wp:attachment":[{"href":"https:\/\/nccr-onthemove.ch\/blog\/wp-json\/wp\/v2\/media?parent=10411"}],"wp:term":[{"taxonomy":"category","embeddable":true,"href":"https:\/\/nccr-onthemove.ch\/blog\/wp-json\/wp\/v2\/categories?post=10411"},{"taxonomy":"post_tag","embeddable":true,"href":"https:\/\/nccr-onthemove.ch\/blog\/wp-json\/wp\/v2\/tags?post=10411"},{"taxonomy":"author","embeddable":true,"href":"https:\/\/nccr-onthemove.ch\/blog\/wp-json\/wp\/v2\/coauthors?post=10411"}],"curies":[{"name":"wp","href":"https:\/\/api.w.org\/{rel}","templated":true}]}}