{"id":10593,"date":"2026-03-18T11:45:30","date_gmt":"2026-03-18T10:45:30","guid":{"rendered":"https:\/\/nccr-onthemove.ch\/blog\/?p=10593"},"modified":"2026-08-24T10:55:18","modified_gmt":"2026-08-24T08:55:18","slug":"crises-partout-crise-pour-tous%c2%b7te%c2%b7s-une-approche-dun-mot-omnipresent","status":"publish","type":"post","link":"https:\/\/nccr-onthemove.ch\/blog\/crises-partout-crise-pour-tous%c2%b7te%c2%b7s-une-approche-dun-mot-omnipresent\/","title":{"rendered":"Crises partout, crise pour tous\u00b7te\u00b7s ?\u00a0Une approche d\u2019un mot omnipr\u00e9sent"},"content":{"rendered":"<p><strong>Les crises occupent aujourd\u2019hui une place centrale dans les m\u00e9dias ainsi que dans les discours politiques et publics. Qu\u2019elles touchent \u00e0 la s\u00e9curit\u00e9, \u00e0 la sant\u00e9, au climat ou \u00e0 d\u2019autres domaines, elles semblent d\u00e9finir notre \u00e9poque. Mais vivons-nous r\u00e9ellement dans une \u00ab \u00e8re des crises \u00bb ?\u00a0\u00a0\u00a0\u00a0\u00a0\u00a0\u00a0\u00a0\u00a0\u00a0\u00a0\u00a0\u00a0\u00a0\u00a0\u00a0\u00a0 <\/strong><\/p>\n<p>Cette question a \u00e9t\u00e9 discut\u00e9e lors d\u2019un <a href=\"https:\/\/www.unine.ch\/evenement\/cafe-scientifique-les-crises-une-fatalite-de-l-humanite\" target=\"_blank\" rel=\"noopener\">Caf\u00e9 Scientifique<\/a> organis\u00e9 \u00e0 l\u2019Universit\u00e9 de Neuch\u00e2tel, consacr\u00e9 aux diff\u00e9rentes mani\u00e8res de comprendre et de vivre les crises aujourd\u2019hui. La discussion a permis de croiser plusieurs regards disciplinaires afin d\u2019\u00e9clairer la complexit\u00e9 d\u2019un terme devenu central dans les d\u00e9bats contemporains.<\/p>\n<p><strong>Qu\u2019est-ce qu\u2019une crise\u00a0?<\/strong><\/p>\n<p>Le terme \u00ab crise \u00bb est omnipr\u00e9sent, ce qui peut donner l\u2019impression que nous vivons aujourd\u2019hui dans une \u00ab \u00e8re des crises \u00bb (Koselleck &amp; Richter, 2006). Mais que d\u00e9signe-t-on pr\u00e9cis\u00e9ment par ce terme ?<\/p>\n<p>Pour les expert\u00b7e\u00b7s invit\u00e9\u00b7e\u00b7s, une crise est un \u00e9v\u00e9nement qui perturbe un certain ordre des choses, cr\u00e9e un sentiment d\u2019urgence et appelle \u00e0 une r\u00e9action. Cette d\u00e9finition met l\u2019accent sur le caract\u00e8re exceptionnel : il s\u2019agit d\u2019un ph\u00e9nom\u00e8ne situ\u00e9 dans le temps et l\u2019espace, qui rompt avec un \u00e9tat ant\u00e9rieur, bouleverse un \u00e9quilibre social, politique, climatique, \u00e9conomique ou autre et exige une action ainsi qu\u2019une adaptation des comportements. Une crise appelle ainsi \u00e0 un diagnostic et demande de comprendre ce qui se passe afin de trouver des r\u00e9ponses.<\/p>\n<p>Elle ne s\u2019inscrit pas seulement dans un moment pr\u00e9cis, mais aussi dans le temps long, ce qui permet de la distinguer d\u2019une \u00ab\u00a0catastrophe\u00a0\u00bb. Alors qu\u2019une catastrophe renvoie \u00e0 un \u00e9v\u00e9nement ponctuel, une crise se d\u00e9ploie dans la dur\u00e9e et implique un travail d\u2019interpr\u00e9tation \u2013 la nommer, la comprendre, la cat\u00e9goriser \u2013 et des r\u00e9ponses concr\u00e8tes pour y faire face, la limiter ou la combattre.<\/p>\n<p>Si cette d\u00e9finition fournit des rep\u00e8res utiles, elle demeure relativement g\u00e9n\u00e9rale. La question se pose donc de savoir s\u2019il existe des indicateurs permettant de d\u00e9finir les crises de mani\u00e8re plus pr\u00e9cise, voire objective. Or, des crit\u00e8res fixes ne permettent pas de saisir la diversit\u00e9 et la complexit\u00e9 des situations qualifi\u00e9es de crises. En outre, les crises ne sont pas per\u00e7ues ni v\u00e9cues de la m\u00eame mani\u00e8re par tout le monde. Aucun crit\u00e8re dit \u00ab objectif \u00bb ne peut pleinement saisir cette complexit\u00e9 subjective et ph\u00e9nom\u00e9nologique d\u2019une crise.<\/p>\n<p>Se pose enfin la question des crit\u00e8res retenus et des acteur\u00b7rice\u00b7s impliqu\u00e9\u00b7e\u00b7s dans leur identification et leur d\u00e9finition : quels facteurs (\u00e9conomiques, sociaux, environnementaux ou politiques) sont pris en compte et qui participe \u00e0 ces choix, ou en est exclu\u00b7e ? D\u00e9finir une crise rel\u00e8ve ainsi d\u2019un processus politique, dans lequel les choix effectu\u00e9s ne sont jamais totalement objectifs. L\u2019exemple de la crise climatique l\u2019illustre bien : sa reconnaissance comme crise \u00e0 part enti\u00e8re a longtemps fait l\u2019objet de d\u00e9bats \u2013 d\u00e9bats qui r\u00e9\u00e9mergent d\u2019ailleurs aujourd\u2019hui.<\/p>\n<div id=\"attachment_10594\" style=\"width: 310px\" class=\"wp-caption aligncenter\"><a href=\"https:\/\/nccr-onthemove.ch\/blog\/wp-content\/uploads\/2026\/03\/Picture-1.png\"><img loading=\"lazy\" decoding=\"async\" aria-describedby=\"caption-attachment-10594\" class=\"wp-image-10594 size-medium\" src=\"https:\/\/nccr-onthemove.ch\/blog\/wp-content\/uploads\/2026\/03\/Picture-1-300x120.png\" alt=\"\" width=\"300\" height=\"120\" srcset=\"https:\/\/nccr-onthemove.ch\/blog\/wp-content\/uploads\/2026\/03\/Picture-1-300x120.png 300w, https:\/\/nccr-onthemove.ch\/blog\/wp-content\/uploads\/2026\/03\/Picture-1-1024x409.png 1024w, https:\/\/nccr-onthemove.ch\/blog\/wp-content\/uploads\/2026\/03\/Picture-1-768x307.png 768w, https:\/\/nccr-onthemove.ch\/blog\/wp-content\/uploads\/2026\/03\/Picture-1-640x255.png 640w, https:\/\/nccr-onthemove.ch\/blog\/wp-content\/uploads\/2026\/03\/Picture-1-1320x527.png 1320w, https:\/\/nccr-onthemove.ch\/blog\/wp-content\/uploads\/2026\/03\/Picture-1.png 1368w\" sizes=\"auto, (max-width: 300px) 100vw, 300px\" \/><\/a><p id=\"caption-attachment-10594\" class=\"wp-caption-text\">\u00a9 Graphique : Filippo Buzzini, Sketchy Solutions<\/p><\/div>\n<p><strong>Pr\u00e9sence et impression de \u00ab\u00a0la crise\u00a0\u00bb<\/strong><\/p>\n<p>Depuis le d\u00e9but du mill\u00e9naire, le monde a \u00e9t\u00e9 confront\u00e9 \u00e0 de nombreuses crises : la crise financi\u00e8re de 2007-2008, la crise de l\u2019euro en 2010, la crise migratoire de 2015, la pand\u00e9mie de Covid-19 en 2020-2021 ou encore la guerre en Ukraine depuis 2022, pour ne citer que quelques exemples en Europe. Mais assistons-nous r\u00e9ellement \u00e0 une multiplication des crises, ou disposons-nous surtout de davantage d\u2019informations ?<\/p>\n<p>Les expert\u00b7e\u00b7s soulignent, d\u2019une part, une acc\u00e9l\u00e9ration de certaines crises, notamment dans le domaine de la sant\u00e9. Le caract\u00e8re cyclique de nombreuses crises contribue \u00e9galement \u00e0 l\u2019impression que les p\u00e9riodes de perturbation et d\u2019urgence se multiplient. D\u2019autre part, la m\u00e9diatisation et la mondialisation jouent un r\u00f4le central.<\/p>\n<p>Les m\u00e9dias et les r\u00e9seaux sociaux diffusent largement les crises bien au-del\u00e0 des fronti\u00e8res nationales, tandis que l\u2019interd\u00e9pendance \u00e9conomique, politique et sociale fait que leurs effets se r\u00e9percutent \u00e0 l\u2019\u00e9chelle globale. Comme le notent Koselleck et Richter (2006), l\u2019usage inflationniste du terme \u00ab crise \u00bb renforce encore cette impression. Ce qui semble plus nouveau, selon les expert\u00b7e\u00b7s, ce sont les attentes accrues en mati\u00e8re d\u2019action et de gestion des crises, notamment \u00e0 l\u2019\u00e9gard de l\u2019\u00c9tat.<\/p>\n<p>Le d\u00e9bat met enfin en lumi\u00e8re l\u2019\u00e9cart entre la crise comme \u00ab objet \u00bb m\u00e9diatis\u00e9 et politis\u00e9, et les r\u00e9alit\u00e9s v\u00e9cues. Ainsi, les entretiens men\u00e9s avec des migrant\u00b7e\u00b7s travaillant dans l\u2019h\u00f4tellerie-restauration en Suisse montrent que la pand\u00e9mie de Covid-19 n\u2019a pas toujours \u00e9t\u00e9 per\u00e7ue comme une \u00e9preuve majeure. Plusieurs personnes ont \u00e9voqu\u00e9 des \u00e9v\u00e9nements personnels, tels que la maladie d\u2019un\u00b7e proche ou de graves difficult\u00e9s familiales, comme bien plus marquants. Ces constats rappellent que la perception des crises d\u00e9pend fortement de la situation et des ressources individuelles, ainsi que du soutien offert par les syst\u00e8mes de s\u00e9curit\u00e9 sociale \u2013 formels ou informels \u2013 dans l\u2019amortissement des chocs au niveau macro.<\/p>\n<div id=\"attachment_10598\" style=\"width: 310px\" class=\"wp-caption aligncenter\"><a href=\"https:\/\/nccr-onthemove.ch\/blog\/wp-content\/uploads\/2026\/03\/Picture-2.png\"><img loading=\"lazy\" decoding=\"async\" aria-describedby=\"caption-attachment-10598\" class=\"size-medium wp-image-10598\" src=\"https:\/\/nccr-onthemove.ch\/blog\/wp-content\/uploads\/2026\/03\/Picture-2-300x178.png\" alt=\"\" width=\"300\" height=\"178\" srcset=\"https:\/\/nccr-onthemove.ch\/blog\/wp-content\/uploads\/2026\/03\/Picture-2-300x178.png 300w, https:\/\/nccr-onthemove.ch\/blog\/wp-content\/uploads\/2026\/03\/Picture-2-1024x609.png 1024w, https:\/\/nccr-onthemove.ch\/blog\/wp-content\/uploads\/2026\/03\/Picture-2-768x457.png 768w, https:\/\/nccr-onthemove.ch\/blog\/wp-content\/uploads\/2026\/03\/Picture-2-640x381.png 640w, https:\/\/nccr-onthemove.ch\/blog\/wp-content\/uploads\/2026\/03\/Picture-2-1320x785.png 1320w, https:\/\/nccr-onthemove.ch\/blog\/wp-content\/uploads\/2026\/03\/Picture-2.png 1375w\" sizes=\"auto, (max-width: 300px) 100vw, 300px\" \/><\/a><p id=\"caption-attachment-10598\" class=\"wp-caption-text\">\u00a9 Graphique : Filippo Buzzini, Sketchy Solutions<\/p><\/div>\n<p><strong>Les ressources financi\u00e8res comme outil de pr\u00e9vention\u00a0?<\/strong><\/p>\n<p>Davantage de moyens permettraient-ils de pr\u00e9venir certaines crises ? C\u2019est possible. Mais la question centrale demeure celle de l\u2019origine des ressources financi\u00e8res n\u00e9cessaires, dans un contexte o\u00f9 des acteur\u00b7rice\u00b7s essentiels appel\u00e9s \u00e0 att\u00e9nuer ces chocs sont soumis \u00e0 des politiques d\u2019aust\u00e9rit\u00e9. De plus, de nombreuses vuln\u00e9rabilit\u00e9s, li\u00e9es par exemple au climat ou \u00e0 la pauvret\u00e9, sont d\u00e9j\u00e0 bien connues et persistent au-del\u00e0 des p\u00e9riodes de crise. Les fonds mobilis\u00e9s rel\u00e8vent plus d\u2019une gestion \u00e0 court terme que de solutions durables.<\/p>\n<p><em>Ce billet s\u2019appuie sur les \u00e9changes ayant eu lieu lors d\u2019un <a href=\"https:\/\/www.unine.ch\/evenement\/cafe-scientifique-les-crises-une-fatalite-de-l-humanite\">Caf\u00e9 Scientifique<\/a> organis\u00e9 \u00e0 l\u2019Universit\u00e9 de Neuch\u00e2tel <\/em>le mercredi 21 janvier 2026<em>. La discussion r\u00e9unissait Claude-Fran\u00e7ois Robert, m\u00e9decin cantonal du canton de Neuch\u00e2tel durant la pand\u00e9mie de Covid-19 ; Livia Tom\u00e1s, chercheuse postdoctorale \u00e0 la ZHAW Travail Social et \u00e0 l\u2019Universit\u00e9 de Neuch\u00e2tel ; \u00c9tienne Piguet, professeur de g\u00e9ographie des mobilit\u00e9s ; ainsi que Fr\u00e9d\u00e9ric Esposito, politologue et directeur de l\u2019Observatoire universitaire de la s\u00e9curit\u00e9. Le d\u00e9bat \u00e9tait anim\u00e9 par Martina Chyba, journaliste et productrice, RTS.<\/em><\/p>\n<p><em>L\u2019int\u00e9gralit\u00e9 du d\u00e9bat peut \u00eatre \u00e9cout\u00e9e <a href=\"https:\/\/www.unine.ch\/newsroom\/actualite\/les-crises-une-fatalite-de-l-humanite.\" target=\"_blank\" rel=\"noopener\">ici<\/a>. Vous y trouverez \u00e9galement l\u2019enregistrement graphique complet.<\/em><\/p>\n<p><em><a href=\"https:\/\/nccr-onthemove.ch\/who-is-who\/people\/?start=t&amp;p_id=8769\" target=\"_blank\" rel=\"noopener\">Livia Tom\u00e1s<\/a> est chercheuse postdoctorale \u00e0 la ZHAW School of Social Work et \u00e0 l&#8217;Universit\u00e9 de Neuch\u00e2tel. Elle participe au projet du nccr \u2013 on the move \u00ab <a href=\"https:\/\/nccr-onthemove.ch\/projects\/evolving-immobility-regimes-migrant-workers-entitlement-and-precarization-in-times-of-crisis\/\">Evolving (Im)Mobility Regimes<\/a> \u00bb et coordonne le <a href=\"https:\/\/nccr-onthemove.ch\/projects\/module-iii\/\">module III<\/a>. Ses recherches portent sur les questions de pr\u00e9carit\u00e9, de travail, de vieillissement et de transnationalisme.<\/em><\/p>\n<p><em><a href=\"https:\/\/nccr-onthemove.ch\/who-is-who\/people\/?start=k&amp;p_id=16566\">Francisco Klauser<\/a> est professeur de g\u00e9ographie politique \u00e0 l&#8217;Universit\u00e9 de Neuch\u00e2tel, chef de projet du projet nccr \u2013 on the move \u00ab <a href=\"https:\/\/nccr-onthemove.ch\/projects\/towards-a-novel-mobility-regime-the-legacies-of-the-covid-19-pandemic-regarding-the-governance-of-human-movement\/\">Legacies of the COVID-19 Pandemic on the Governance of Movement<\/a> \u00bb et repr\u00e9sentant du <a href=\"https:\/\/nccr-onthemove.ch\/projects\/module-iii\/\">module III<\/a>. Son travail aborde les questions du pouvoir, de la surveillance et du contr\u00f4le \u00e0 l&#8217;\u00e8re num\u00e9rique.<\/em><\/p>\n<p>R\u00e9f\u00e9rences:<\/p>\n<p>\u2013Koselleck, R., &amp; Richter, M. W. (2006). Crisis. <em>Journal of the History of Ideas, 67<\/em>(2): 357-400.<\/p>\n<p>\u2013Hategekimana, V., Marino, A., Perrin, M., Thompson, E., Gale, J., Gandenberger, M., Noori, S., Ruedin, D., Camenisch, A., Oesch, L., &amp; St\u00fcnzi, R. (2024). <a href=\"https:\/\/nccr-onthemove.ch\/wp_live14\/wp-content\/uploads\/2024\/06\/WP37_Crises.pdf\" target=\"_blank\" rel=\"noopener\"><em>Crises, Migration and (Im)Mobility: Towards a Reflexive and Multilevel Approach<\/em><\/a> (NCCR Working Paper #37).<\/p>\n<p>&nbsp;<\/p>\n<div id=\"attachment_10602\" style=\"width: 310px\" class=\"wp-caption aligncenter\"><a href=\"https:\/\/nccr-onthemove.ch\/blog\/wp-content\/uploads\/2026\/03\/Picture-3.png\"><img loading=\"lazy\" decoding=\"async\" aria-describedby=\"caption-attachment-10602\" class=\"size-medium wp-image-10602\" src=\"https:\/\/nccr-onthemove.ch\/blog\/wp-content\/uploads\/2026\/03\/Picture-3-300x292.png\" alt=\"\" width=\"300\" height=\"292\" srcset=\"https:\/\/nccr-onthemove.ch\/blog\/wp-content\/uploads\/2026\/03\/Picture-3-300x292.png 300w, https:\/\/nccr-onthemove.ch\/blog\/wp-content\/uploads\/2026\/03\/Picture-3-50x50.png 50w, https:\/\/nccr-onthemove.ch\/blog\/wp-content\/uploads\/2026\/03\/Picture-3-640x623.png 640w, https:\/\/nccr-onthemove.ch\/blog\/wp-content\/uploads\/2026\/03\/Picture-3.png 730w\" sizes=\"auto, (max-width: 300px) 100vw, 300px\" \/><\/a><p id=\"caption-attachment-10602\" class=\"wp-caption-text\">\u00a9 Graphique : Filippo Buzzini, Sketchy Solutions<\/p><\/div>\n","protected":false},"excerpt":{"rendered":"<p>Les crises occupent aujourd\u2019hui une place centrale dans les m\u00e9dias ainsi que dans les discours politiques et publics. Qu\u2019elles touchent \u00e0 la s\u00e9curit\u00e9, \u00e0 la sant\u00e9, au climat ou \u00e0 d\u2019autres domaines, elles semblent d\u00e9finir notre \u00e9poque. Mais vivons-nous r\u00e9ellement dans une \u00ab \u00e8re des crises \u00bb ?\u00a0\u00a0\u00a0\u00a0\u00a0\u00a0\u00a0\u00a0\u00a0\u00a0\u00a0\u00a0\u00a0\u00a0\u00a0\u00a0\u00a0 Cette question<\/p>\n","protected":false},"author":151,"featured_media":0,"comment_status":"open","ping_status":"closed","sticky":false,"template":"","format":"standard","meta":{"_acf_changed":false,"footnotes":""},"categories":[5],"tags":[1074,1438,1437,1436],"coauthors":[789,1178],"class_list":["post-10593","post","type-post","status-publish","format-standard","hentry","category-what-do-we-mean-by","tag-crises","tag-crises-contemporaines","tag-mediatisation","tag-perception-des-crises"],"acf":[],"aioseo_notices":[],"_links":{"self":[{"href":"https:\/\/nccr-onthemove.ch\/blog\/wp-json\/wp\/v2\/posts\/10593","targetHints":{"allow":["GET"]}}],"collection":[{"href":"https:\/\/nccr-onthemove.ch\/blog\/wp-json\/wp\/v2\/posts"}],"about":[{"href":"https:\/\/nccr-onthemove.ch\/blog\/wp-json\/wp\/v2\/types\/post"}],"author":[{"embeddable":true,"href":"https:\/\/nccr-onthemove.ch\/blog\/wp-json\/wp\/v2\/users\/151"}],"replies":[{"embeddable":true,"href":"https:\/\/nccr-onthemove.ch\/blog\/wp-json\/wp\/v2\/comments?post=10593"}],"version-history":[{"count":6,"href":"https:\/\/nccr-onthemove.ch\/blog\/wp-json\/wp\/v2\/posts\/10593\/revisions"}],"predecessor-version":[{"id":10611,"href":"https:\/\/nccr-onthemove.ch\/blog\/wp-json\/wp\/v2\/posts\/10593\/revisions\/10611"}],"wp:attachment":[{"href":"https:\/\/nccr-onthemove.ch\/blog\/wp-json\/wp\/v2\/media?parent=10593"}],"wp:term":[{"taxonomy":"category","embeddable":true,"href":"https:\/\/nccr-onthemove.ch\/blog\/wp-json\/wp\/v2\/categories?post=10593"},{"taxonomy":"post_tag","embeddable":true,"href":"https:\/\/nccr-onthemove.ch\/blog\/wp-json\/wp\/v2\/tags?post=10593"},{"taxonomy":"author","embeddable":true,"href":"https:\/\/nccr-onthemove.ch\/blog\/wp-json\/wp\/v2\/coauthors?post=10593"}],"curies":[{"name":"wp","href":"https:\/\/api.w.org\/{rel}","templated":true}]}}