{"id":1961,"date":"2017-04-20T12:17:01","date_gmt":"2017-04-20T11:17:01","guid":{"rendered":"http:\/\/blog.nccr-onthemove.ch\/?p=1961"},"modified":"2017-04-20T12:17:01","modified_gmt":"2017-04-20T11:17:01","slug":"ne-pas-laisser-un-art-121a-dans-le-placard","status":"publish","type":"post","link":"https:\/\/nccr-onthemove.ch\/blog\/ne-pas-laisser-un-art-121a-dans-le-placard\/?lang=de","title":{"rendered":"Ne pas laisser un art. 121a dans le placard\u2026"},"content":{"rendered":"<p><strong>Tout va mieux dirait-on\u00a0! Le front des migrations encore bruissant d\u2019angoisses il y a un an s\u2019est soudain d\u00e9tendu en Suisse. L\u2019UDC a d\u2019autres soucis cantonaux, les demandes d\u2019asile comme le solde migratoire sont \u2013 un peu \u2013 \u00e0 la baisse, le Brexit pourrait m\u00eame offrir quelques avantages\u2026<\/strong><\/p>\n<p>Paralys\u00e9e durant pr\u00e8s de trois ans, la mise en \u0153uvre de l\u2019art. 121a ne semble plus faire souci. La pr\u00e9f\u00e9rence indig\u00e8ne par les employeurs et employeuses reste fort floue et on ne sait trop comment les offices de l\u2019emploi g\u00e9reront cette affaire, mais son innocuit\u00e9 la rend eurocompatible tout en permettant d\u2019avoir \u00ab\u00a0fait quelque chose\u00a0\u00bb\u2026 Ses artisan\u00b7e\u00b7s au parlement sont certainement dans le vrai en affirmant qu\u2019une majorit\u00e9 du peuple \u2013 actuellement \u2013 s\u2019en satisfait. L\u2019UDC ne s\u2019y est pas tromp\u00e9e et a rengain\u00e9 le r\u00e9f\u00e9rendum.<\/p>\n<p>Vient maintenant RASA, l\u2019initiative qui vise \u00e0 biffer l\u2019art. 121 a de la Constitution. Son comit\u00e9 d\u00e9cidera-t-il de la retirer\u00a0? et si non, le Conseil f\u00e9d\u00e9ral pr\u00e9sentera-t-il un contre-projet jusqu\u2019ici mal re\u00e7u en consultation\u00a0?<\/p>\n<p>Dans les deux cas, \u00e0 la man\u0153uvre, il sera bon de ne pas oublier que l\u2019embellie migratoire pourrait \u00eatre transitoire. La situation est volatile. Demain la politique d\u2019accueil extraordinairement g\u00e9n\u00e9reuse de l\u2019Italie peut changer et la Suisse devoir accueillir beaucoup plus de demandeur\u00b7euse\u00b7s d\u2019asile ce qui enflammerait les passions. Demain nos voisins europ\u00e9ens peuvent redevenir des sources d\u2019immigration importantes dans un march\u00e9 du travail troubl\u00e9. De m\u00eame, sans immigrations accrue, la situation conjoncturelle jusqu\u2019ici favorable peut faciliter la r\u00e9cup\u00e9ration politique du th\u00e8me de la concurrence entre personnes autochtones et \u00e9trang\u00e8res et raviver les peurs qui avaient conduit au 9 f\u00e9vrier 2014.<\/p>\n<p>Laisser dans ces conditions bien au chaud dans la Constitution l\u2019art. 121a en \u00e9vitant d\u2019en d\u00e9battre est une solution de facilit\u00e9.\u00a0Le cadavre pourrait bouger encore si, le moment venu, l\u2019UDC d\u00e9cidait de lui ouvrir la porte en affirmant que les mesures prises pour le mettre en \u0153uvre sont devenues insuffisantes et que le gouvernement agit\u2026 anticonstitutionnellement !<\/p>\n<p>Mieux vaut r\u00e9gler les choses clairement. Pr\u00e9ciser sans d\u00e9lai la port\u00e9e de l\u2019article constitutionnel et mettre en place des mesures d\u2019accompagnement \u00e0 la libre-circulation suffisantes pour rassurer la population. Ayons le courage de d\u00e9battre du futur migratoire et europ\u00e9en en p\u00e9riode de calme relatif. Maintenant.<\/p>\n<p><a href=\"\/?page_id=21&amp;lang=fr&amp;author=piguet\">Etienne Piguet<\/a><br \/>\nChef de projet, nccr \u2013 on the move, Universit\u00e9 de Neuch\u00e2tel<\/p>\n<p><em>\u00c0 l\u2019origine, ce billet a \u00e9t\u00e9 mis en ligne le 5 avril 2017 sur le <a href=\"https:\/\/blogs.letemps.ch\/etienne-piguet\/2017\/04\/05\/ne-pas-laisser-un-art-121a-dans-le-placard\/\" target=\"_blank\">blog \u00ab\u00a0Politique migratoire\u00a0\u00bb<\/a> de l\u2019Hebdo.\u00a0<\/em><\/p>\n","protected":false},"excerpt":{"rendered":"<p>Tout va mieux dirait-on ! Le front des migrations encore bruissant d\u2019angoisses il y a un an s\u2019est soudain d\u00e9tendu en Suisse. L\u2019UDC a d\u2019autres soucis cantonaux, les demandes d\u2019asile comme le solde migratoire sont \u2013 un peu \u2013 \u00e0 la baisse, le Brexit pourrait m\u00eame offrir quelques avantages\u2026<\/p>\n","protected":false},"author":12,"featured_media":0,"comment_status":"open","ping_status":"closed","sticky":false,"template":"","format":"standard","meta":{"_acf_changed":false,"footnotes":""},"categories":[61],"tags":[270,275,284,290,263],"coauthors":[332],"class_list":["post-1961","post","type-post","status-publish","format-standard","hentry","category-politik","tag-direct-democracy-de","tag-european-union-de","tag-law-case-law-de","tag-switzerland-de","tag-admission-de"],"acf":[],"aioseo_notices":[],"_links":{"self":[{"href":"https:\/\/nccr-onthemove.ch\/blog\/wp-json\/wp\/v2\/posts\/1961","targetHints":{"allow":["GET"]}}],"collection":[{"href":"https:\/\/nccr-onthemove.ch\/blog\/wp-json\/wp\/v2\/posts"}],"about":[{"href":"https:\/\/nccr-onthemove.ch\/blog\/wp-json\/wp\/v2\/types\/post"}],"author":[{"embeddable":true,"href":"https:\/\/nccr-onthemove.ch\/blog\/wp-json\/wp\/v2\/users\/12"}],"replies":[{"embeddable":true,"href":"https:\/\/nccr-onthemove.ch\/blog\/wp-json\/wp\/v2\/comments?post=1961"}],"version-history":[{"count":1,"href":"https:\/\/nccr-onthemove.ch\/blog\/wp-json\/wp\/v2\/posts\/1961\/revisions"}],"predecessor-version":[{"id":1962,"href":"https:\/\/nccr-onthemove.ch\/blog\/wp-json\/wp\/v2\/posts\/1961\/revisions\/1962"}],"wp:attachment":[{"href":"https:\/\/nccr-onthemove.ch\/blog\/wp-json\/wp\/v2\/media?parent=1961"}],"wp:term":[{"taxonomy":"category","embeddable":true,"href":"https:\/\/nccr-onthemove.ch\/blog\/wp-json\/wp\/v2\/categories?post=1961"},{"taxonomy":"post_tag","embeddable":true,"href":"https:\/\/nccr-onthemove.ch\/blog\/wp-json\/wp\/v2\/tags?post=1961"},{"taxonomy":"author","embeddable":true,"href":"https:\/\/nccr-onthemove.ch\/blog\/wp-json\/wp\/v2\/coauthors?post=1961"}],"curies":[{"name":"wp","href":"https:\/\/api.w.org\/{rel}","templated":true}]}}