{"id":2147,"date":"2017-09-05T09:57:33","date_gmt":"2017-09-05T08:57:33","guid":{"rendered":"http:\/\/blog.nccr-onthemove.ch\/?p=2147"},"modified":"2017-09-05T09:57:33","modified_gmt":"2017-09-05T08:57:33","slug":"une-islamisation-de-la-suisse-avec-larrivee-des-refugie%c2%b7e%c2%b7s","status":"publish","type":"post","link":"https:\/\/nccr-onthemove.ch\/blog\/une-islamisation-de-la-suisse-avec-larrivee-des-refugie%c2%b7e%c2%b7s\/?lang=fr","title":{"rendered":"Une islamisation de la Suisse avec l&#8217;arriv\u00e9e des r\u00e9fugi\u00e9\u00b7e\u00b7s ?"},"content":{"rendered":"<p><strong>Dans le d\u00e9bat public, il est commun d\u2019entendre que le nombre de musulman\u00b7e\u00b7s vivant en Suisse augmente fortement avec l\u2019arriv\u00e9e des r\u00e9fugi\u00e9\u00b7e\u00b7s. Dans les faits, ce discours surestime consid\u00e9rablement la proportion de musulman\u00b7e\u00b7s parmi les requ\u00e9rant\u00b7e\u00b7s d\u2019asile, la part de l\u2019asile par rapport \u00e0 l\u2019immigration totale et la proportion de musulman\u00b7e\u00b7s dans la population.<\/strong><\/p>\n<p>Ces derni\u00e8res ann\u00e9es, un discours s\u2019est immisc\u00e9 dans le d\u00e9bat public suisse en r\u00e9pandant l\u2019id\u00e9e que le nombre de musulman\u00b7e\u00b7s vivant en Suisse est en croissance exponentielle et qu\u2019il est vou\u00e9 \u00e0 augmenter fortement en raison de l\u2019arriv\u00e9e de r\u00e9fugi\u00e9\u00b7e\u00b7s en provenance de pays \u00e0 majorit\u00e9 musulmane. Ce discours trouve un terreau fertile dans les repr\u00e9sentations d\u2019une partie de l\u2019opinion publique qui tend \u00e0 surestimer \u00e0 la fois la proportion de musulman\u00b7e\u00b7s parmi les requ\u00e9rant\u00b7e\u00b7s d\u2019asile, la part de l\u2019asile par rapport \u00e0 l\u2019immigration totale, et la proportion de musulman\u00b7e\u00b7s dans la population,\u00a0<a href=\"https:\/\/www.ipsos.com\/ipsos-mori\/en-uk\/perceptions-are-not-reality-things-world-gets-wrong\" target=\"_blank\" rel=\"noopener noreferrer\">selon une tendance observ\u00e9e dans de nombreux pays d\u2019immigration<\/a>. Cette contribution montre, statistiques \u00e0 l\u2019appui, la faiblesse empirique de ce discours, puis elle formule un commentaire critique sur les termes du d\u00e9bat qu\u2019il impose.<\/p>\n<p>Pour rejeter une premi\u00e8re id\u00e9e re\u00e7ue, nos calculs sur\u00a0<a href=\"https:\/\/www.sem.admin.ch\/sem\/fr\/home\/publiservice\/statistik\/asylstatistik\/archiv\/2017\/04.html\" target=\"_blank\" rel=\"noopener noreferrer\">les donn\u00e9es fournies par le Secr\u00e9tariat d\u2019Etat aux migrations (SEM)<\/a>\u00a0indiquent que seulement la moiti\u00e9 des personnes relevant actuellement du domaine de l\u2019asile sont originaires de pays \u00e0 majorit\u00e9 musulmane (49\u202f% d\u2019un ensemble regroupant les r\u00e9fugi\u00e9\u00b7e\u00b7s avec un permis B, les personnes admises provisoirement et celles en cours de proc\u00e9dure).<\/p>\n<p>Deuxi\u00e8mement, l\u2019arriv\u00e9e de personnes originaires de pays \u00e0 majorit\u00e9 musulmane par la voie de l\u2019asile ne contribue pas \u00e0 faire progresser significativement la pr\u00e9sence de l\u2019islam sur le territoire suisse pour une raison simple qu\u2019il est toujours utile de rappeler: l\u2019asile ne repr\u00e9sente qu\u2019une portion minime de l\u2019immigration effective et durable en Suisse (<a href=\"https:\/\/www.sem.admin.ch\/dam\/data\/sem\/publiservice\/statistik\/auslaenderstatistik\/monitor\/2016\/statistik-zuwanderung-2016-12-jahr-f.pdf\" target=\"_blank\" rel=\"noopener noreferrer\">environ 5\u202f% selon les donn\u00e9es fournies par le SEM<\/a>). La part de l\u2019immigration provenant de pays musulmans\u00a0<a href=\"http:\/\/www.euro-islam.info\/wp-content\/uploads\/2013\/05\/Switzerland-report.pdf\" target=\"_blank\" rel=\"noopener noreferrer\">avait \u00e9t\u00e9 importante durant les ann\u00e9es 1980 et 1990<\/a>\u00a0avec l\u2019arriv\u00e9e de nombreuses personnes en provenance des Balkans et de Turquie par diff\u00e9rentes voies migratoires (immigration de main-d\u2019\u0153uvre, regroupement familial et asile). Mais aujourd\u2019hui, elle est clairement minoritaire \u2013 notamment parce qu\u2019elle est principalement issue du domaine de l\u2019asile \u2013 et\u00a0<a href=\"\/?p=1001&amp;lang=fr\">repr\u00e9sente environ un dixi\u00e8me du solde migratoire (11,6\u202f% en 2015)<\/a>.<\/p>\n<p>Dans ce contexte, il n\u2019est pas surprenant que la part de la population de confession musulmane en Suisse soit\u00a0<a href=\"http:\/\/www.euro-islam.info\/wp-content\/uploads\/2013\/05\/Switzerland-report.pdf\" target=\"_blank\" rel=\"noopener noreferrer\">rest\u00e9e relativement stable depuis le d\u00e9but des ann\u00e9es 2000 pour s\u2019\u00e9tablir aujourd\u2019hui autour de 4,9\u202f%<\/a>. Pour l\u2019avenir,\u00a0<a href=\"http:\/\/www.pewforum.org\/2015\/04\/02\/religious-projection-table\/2010\/percent\/all\/\" target=\"_blank\" rel=\"noopener noreferrer\">des projections<\/a>\u00a0tablent sur une proportion de 7,6\u202f% de la population totale en 2050 compte tenu de l\u2019immigration et de l\u2019accroissement naturel. La perspective d\u2019une \u00ab\u00a0islamisation\u00a0\u00bb de la Suisse en raison de l\u2019arriv\u00e9e de r\u00e9fugi\u00e9\u00b7e\u00b7s ne r\u00e9siste donc pas \u00e0 une analyse fond\u00e9e sur des crit\u00e8res scientifiques.<\/p>\n<p>Bien que n\u00e9cessaire, la r\u00e9ponse statistique ne suffit pas \u00e0 \u00e9viter les pi\u00e8ges tendus par le discours de l\u2019islamisation, qui nous force \u00e0 y r\u00e9pondre en regroupant un ensemble h\u00e9t\u00e9roclite de personnes sous une cat\u00e9gorie \u00ab\u00a0musulmans\u00a0\u00bb et \u00e0 admettre l\u2019id\u00e9e que leur pr\u00e9sence sur le territoire suisse constitue un probl\u00e8me. Deux mythes qui restent encore \u00e0 d\u00e9construire dans une prochaine contribution \u00e0 cette rubrique.<\/p>\n<p><a href=\"\/?page_id=21&amp;lang=fr&amp;author=stuenzi\">Robin St\u00fcnzi\u00a0<\/a><br \/>\ndoctorant au Centre de droit des migrations et collaborateur scientifique au Forum suisse pour l\u2019\u00e9tude des migrations \u00e0 l\u2019Universit\u00e9 de Neuch\u00e2tel<\/p>\n<p>&nbsp;<\/p>\n<p>\u00c0 l\u2019origine, ce billet a \u00e9t\u00e9 publi\u00e9 le 24 mai 2017 sur le blog\u00a0<a href=\"https:\/\/www.osar.ch\/des-faits-plutot-que-des-mythes\/articles-2017\/une-islamisation-de-la-suisse-avec-larrivee-des-refugie-e-s.html\" target=\"_blank\" rel=\"noopener noreferrer\"><strong>Des faits plut\u00f4t que des mythes<\/strong><\/a>. Les d\u00e9bats publics sur l\u2019asile et la migration sont souvent empreints de mythes et d\u2019opinions, sans que soit prise en consid\u00e9ration la r\u00e9alit\u00e9 des faits. En collaboration avec le\u00a0<a href=\"http:\/\/www.migrationscholars.ch\/\" target=\"_blank\" rel=\"noopener noreferrer\">R\u00e9seau suisse de jeunes chercheurs et chercheuses en \u00e9tudes des migrations<\/a>, l\u2019<a href=\"https:\/\/www.osar.ch\/\" target=\"_blank\" rel=\"noopener noreferrer\">OSAR<\/a>\u00a0souhaite questionner ces mythes et alimenter ainsi objectivement le d\u00e9bat.<\/p>\n","protected":false},"excerpt":{"rendered":"<p>Dans le d\u00e9bat public, il est commun d\u2019entendre que le nombre de musulman\u00b7e\u00b7s vivant en Suisse augmente fortement avec l\u2019arriv\u00e9e des r\u00e9fugi\u00e9\u00b7e\u00b7s. Dans les faits, ce discours surestime consid\u00e9rablement la proportion de musulman\u00b7e\u00b7s parmi les requ\u00e9rant\u00b7e\u00b7s d\u2019asile, la part de l\u2019asile par rapport \u00e0 l\u2019immigration totale et la proportion de musulman\u00b7e\u00b7s dans la population.<\/p>\n","protected":false},"author":51,"featured_media":0,"comment_status":"open","ping_status":"closed","sticky":false,"template":"","format":"standard","meta":{"_acf_changed":false,"footnotes":""},"categories":[60],"tags":[236,241,257,261,262],"coauthors":[368],"class_list":["post-2147","post","type-post","status-publish","format-standard","hentry","category-politique","tag-asylum-refugees-fr","tag-demography-fr","tag-minorities-fr","tag-statistics-fr","tag-switzerland-fr"],"acf":[],"aioseo_notices":[],"_links":{"self":[{"href":"https:\/\/nccr-onthemove.ch\/blog\/wp-json\/wp\/v2\/posts\/2147","targetHints":{"allow":["GET"]}}],"collection":[{"href":"https:\/\/nccr-onthemove.ch\/blog\/wp-json\/wp\/v2\/posts"}],"about":[{"href":"https:\/\/nccr-onthemove.ch\/blog\/wp-json\/wp\/v2\/types\/post"}],"author":[{"embeddable":true,"href":"https:\/\/nccr-onthemove.ch\/blog\/wp-json\/wp\/v2\/users\/51"}],"replies":[{"embeddable":true,"href":"https:\/\/nccr-onthemove.ch\/blog\/wp-json\/wp\/v2\/comments?post=2147"}],"version-history":[{"count":2,"href":"https:\/\/nccr-onthemove.ch\/blog\/wp-json\/wp\/v2\/posts\/2147\/revisions"}],"predecessor-version":[{"id":2149,"href":"https:\/\/nccr-onthemove.ch\/blog\/wp-json\/wp\/v2\/posts\/2147\/revisions\/2149"}],"wp:attachment":[{"href":"https:\/\/nccr-onthemove.ch\/blog\/wp-json\/wp\/v2\/media?parent=2147"}],"wp:term":[{"taxonomy":"category","embeddable":true,"href":"https:\/\/nccr-onthemove.ch\/blog\/wp-json\/wp\/v2\/categories?post=2147"},{"taxonomy":"post_tag","embeddable":true,"href":"https:\/\/nccr-onthemove.ch\/blog\/wp-json\/wp\/v2\/tags?post=2147"},{"taxonomy":"author","embeddable":true,"href":"https:\/\/nccr-onthemove.ch\/blog\/wp-json\/wp\/v2\/coauthors?post=2147"}],"curies":[{"name":"wp","href":"https:\/\/api.w.org\/{rel}","templated":true}]}}