{"id":2611,"date":"2018-02-23T12:52:22","date_gmt":"2018-02-23T11:52:22","guid":{"rendered":"http:\/\/blog.nccr-onthemove.ch\/?p=2611"},"modified":"2025-03-09T22:16:23","modified_gmt":"2025-03-09T21:16:23","slug":"sans-papiers-in-der-schweiz","status":"publish","type":"post","link":"https:\/\/nccr-onthemove.ch\/blog\/sans-papiers-in-der-schweiz\/","title":{"rendered":"\u00abSans-Papiers\u00bb in der Schweiz"},"content":{"rendered":"<p><strong>Am 26. Januar 2018 hat die Kommission f\u00fcr Soziale Sicherheit und Gesundheit des Nationalrats eine Motion mit der Empfehlung \u00abF\u00fcr eine koh\u00e4rente Gesetzgebung zu Sans-Papiers\u00bb eingereicht. Ab kommenden Montag greift diese Blog-Serie gewisse Elemente der Motion auf und diskutiert\u00a0sie im Kontext von aktuellen wissenschaftlichen Erkenntnissen.<\/strong><\/p>\n<p>Die Motion \u00abF\u00fcr eine koh\u00e4rente Gesetzgebung zu Sans-Papiers\u00bb verlangt unter anderem die Zugangseinschr\u00e4nkung zu Sozialversicherungen, eine staatlich finanzierte Anlaufstelle im Krankheitsfall, die versch\u00e4rfte Strafverfolgung von Arbeitgeber*innen, Arbeitsvermittler*innen und Vermieter*innen von \u00abSans-Papiers\u00bb, einen erleichterten Datenaustausch zwischen staatlichen Stellen und die Konkretisierung der H\u00e4rtefallkriterien. Gem\u00e4ss einer <a href=\"https:\/\/www.sem.admin.ch\/dam\/data\/sem\/internationales\/illegale-migration\/sans_papiers\/ber-sanspapiers-2015-d.pdf\" target=\"_blank\" rel=\"noopener noreferrer\">Studie<\/a>, publiziert im Dezember 2015, liegt die gesch\u00e4tzte Anzahl von \u00abSans-Papiers\u00bb aus Drittstaaten in der Schweiz zwischen 58\u2019000\u2013105&#8217;000 Personen.<\/p>\n<p>Indem die Kommission diese verschiedenen Elemente aufgreift, will sie erreichen, dass der Bundesrat eine Gesamtschau mit L\u00f6sungsans\u00e4tzen zur Situation von ausl\u00e4ndischen Personen ohne geregelten Aufenthaltsstatus erarbeitet. Gem\u00e4ss der Kommission sind es zwei Aspekte, die eine Gesetzgebung in diesem Bereich notwendig machen. Erstens: Der Umstand, dass gewisse Rechte an Personen zuerkennt werden, die sich nicht in der Schweiz aufhalten d\u00fcrfen \u2013 zumindest nicht dauerhaft \u2013 stellt ein Widerspruch dar, den es zu korrigieren gilt. Und zweitens: Die aktuelle Situation schafft eine Ungleichheit zwischen Personen ohne geregelten Aufenthaltsstatus und \u00abregistrierten Ausl\u00e4nder*innen ohne Bleiberecht\u00bb, die Schweiz verlassen m\u00fcssen.<\/p>\n<p>Diese Motion der Kommission reiht sich in den Kontext kontinuierlicher Anpassungen der Rechte von ausl\u00e4ndischen Personen ein \u2013 mit Tendenz zu Versch\u00e4rfung \u2013 und ruft eine Serie von wichtigen Fragen hervor, die wissenschaftliche Antworten erforderlich machen.<\/p>\n<p><a href=\"\/?page_id=21&amp;lang=de&amp;author=kurtstefanie\">Stefanie Kurt<\/a><br \/>\nAssistenzprofessorin FH, Institut Soziale Arbeit, Siders<\/p>\n<p><a href=\"\/?page_id=21&amp;lang=de&amp;author=leyvraz\">Didier Leyvraz<\/a><br \/>\nAssistent und Doktorand in Migrationsrecht, Universit\u00e4t Neuenburg<\/p>\n<p><em>Die Motion wurde am 18. Mai 2018 zur\u00fcckgezogen.<\/em><\/p>\n","protected":false},"excerpt":{"rendered":"<p>Am 26. Januar 2018 hat die Kommission f\u00fcr Soziale Sicherheit und Gesundheit des Nationalrats eine Motion mit der Empfehlung \u00abF\u00fcr eine koh\u00e4rente Gesetzgebung zu Sans-Papiers\u00bb eingereicht. Ab kommenden Montag greift diese Blog-Serie gewisse Elemente der Motion auf und diskutiert\u00a0sie im Kontext von aktuellen wissenschaftlichen Erkenntnissen.<\/p>\n","protected":false},"author":19,"featured_media":2612,"comment_status":"open","ping_status":"closed","sticky":false,"template":"","format":"standard","meta":{"_acf_changed":false,"footnotes":""},"categories":[6,427],"tags":[210,226,227,228,232,234],"coauthors":[335],"class_list":["post-2611","post","type-post","status-publish","format-standard","has-post-thumbnail","hentry","category-politics","category-sans-papiers","tag-children-youth","tag-integration","tag-irregular-migration","tag-labor-market","tag-social-security","tag-switzerland"],"acf":[],"aioseo_notices":[],"_links":{"self":[{"href":"https:\/\/nccr-onthemove.ch\/blog\/wp-json\/wp\/v2\/posts\/2611","targetHints":{"allow":["GET"]}}],"collection":[{"href":"https:\/\/nccr-onthemove.ch\/blog\/wp-json\/wp\/v2\/posts"}],"about":[{"href":"https:\/\/nccr-onthemove.ch\/blog\/wp-json\/wp\/v2\/types\/post"}],"author":[{"embeddable":true,"href":"https:\/\/nccr-onthemove.ch\/blog\/wp-json\/wp\/v2\/users\/19"}],"replies":[{"embeddable":true,"href":"https:\/\/nccr-onthemove.ch\/blog\/wp-json\/wp\/v2\/comments?post=2611"}],"version-history":[{"count":6,"href":"https:\/\/nccr-onthemove.ch\/blog\/wp-json\/wp\/v2\/posts\/2611\/revisions"}],"predecessor-version":[{"id":2901,"href":"https:\/\/nccr-onthemove.ch\/blog\/wp-json\/wp\/v2\/posts\/2611\/revisions\/2901"}],"wp:featuredmedia":[{"embeddable":true,"href":"https:\/\/nccr-onthemove.ch\/blog\/wp-json\/wp\/v2\/media\/2612"}],"wp:attachment":[{"href":"https:\/\/nccr-onthemove.ch\/blog\/wp-json\/wp\/v2\/media?parent=2611"}],"wp:term":[{"taxonomy":"category","embeddable":true,"href":"https:\/\/nccr-onthemove.ch\/blog\/wp-json\/wp\/v2\/categories?post=2611"},{"taxonomy":"post_tag","embeddable":true,"href":"https:\/\/nccr-onthemove.ch\/blog\/wp-json\/wp\/v2\/tags?post=2611"},{"taxonomy":"author","embeddable":true,"href":"https:\/\/nccr-onthemove.ch\/blog\/wp-json\/wp\/v2\/coauthors?post=2611"}],"curies":[{"name":"wp","href":"https:\/\/api.w.org\/{rel}","templated":true}]}}