{"id":2874,"date":"2018-05-17T10:28:51","date_gmt":"2018-05-17T09:28:51","guid":{"rendered":"http:\/\/blog.nccr-onthemove.ch\/?p=2874"},"modified":"2018-05-17T10:28:51","modified_gmt":"2018-05-17T09:28:51","slug":"delit-de-solidarite-ab-wann-ist-hilfe-fur-migrantinnen-strafbar","status":"publish","type":"post","link":"https:\/\/nccr-onthemove.ch\/blog\/delit-de-solidarite-ab-wann-ist-hilfe-fur-migrantinnen-strafbar\/?lang=it","title":{"rendered":"\u00abD\u00e9lit de solidarit\u00e9\u00bb \u2013 Ab wann ist Hilfe f\u00fcr Migrant*innen strafbar?"},"content":{"rendered":"<p><strong>In den letzten Tagen haben verschiedene <a href=\"https:\/\/www.letemps.ch\/suisse\/aide-lentree-migrants-trois-briancon-remis-liberte\" target=\"_blank\" rel=\"noopener\">Medien<\/a> die Geschichte von drei jungen Schweizer*innen verbreitet, die in Frankreich verhaftet wurden, weil sie im Rahmen einer Demonstration 30\u201340 Migrant*innen \u00fcber die italienisch-franz\u00f6sische Grenze gebracht haben <a href=\"https:\/\/www.letemps.ch\/suisse\/deux-suisses-detenus-france-apres-une-manifestation-promigrants\" target=\"_blank\" rel=\"noopener\">sollen<\/a>. Besteht ein Zusammenhang mit dem sogenannten \u00abd\u00e9lit de solidarit\u00e9\u00bb, das vor kurzem im franz\u00f6sischen Parlament behandelt wurde? Worum geht es dabei? Und, gibt es solche Rechtsnormen auch in der Schweiz?<\/strong><\/p>\n<p><strong>Zur Rechtslage in Frankreich<\/strong><\/p>\n<p>In Frankreich regelt der <a href=\"https:\/\/www.legifrance.gouv.fr\/affichCode.do?idSectionTA=LEGISCTA000006147789&amp;cidTexte=LEGITEXT000006070158&amp;dateTexte=20090408\" target=\"_blank\" rel=\"noopener\">Code de l&#8217;entr\u00e9e et du s\u00e9jour des \u00e9trangers et du droit d&#8217;asile(CESEDA)<\/a> in Art.\u00a0L.622-1, dass jede Person, die durch direkte oder indirekte Hilfe die illegale Einreise, den illegalen Transport (\u00abcirculation\u00bb) oder den illegalen Aufenthalt einer ausl\u00e4ndischen Person in Frankreich erleichtert oder zu erleichtern versucht, mit einer Freiheitsstrafe von bis zu 5 Jahren oder mit einer Geldbusse von bis zu 30\u00a0000 Euro bestraft wird. Nach Art.\u00a0L.622-5 umfasst die Strafe sogar bis zu 10 Jahre Freiheitsstrafe bzw. bis zu 750\u00a0000 Euro Busse, wenn die Tat durch eine organisierte Bande begangen wird.<\/p>\n<p>Nach Art.\u00a0L.622-4 wird nicht strafrechtlich verfolgt, wer Familienangeh\u00f6rige oder Familienangeh\u00f6riger einer ausl\u00e4ndischen Person ist und deren illegalen Aufenthalt erleichtert oder wenn die Handlung n\u00f6tig war, um eine aktuelle oder unmittelbare Gefahr f\u00fcr das Leben oder die physische Integrit\u00e4t einer ausl\u00e4ndischen Person abzuwenden. Ausnahme: Wenn die Wahl der Massnahme im Vergleich zur Schwere der Gefahr unverh\u00e4ltnism\u00e4ssig war oder eine direkte oder indirekte Gegenleistung entrichtet wurde.<\/p>\n<p>Ein \u00ab<a href=\"http:\/\/www.lemonde.fr\/les-decodeurs\/article\/2017\/01\/06\/immigration-ou-en-est-le-delit-de-solidarite_5058965_4355770.html\" target=\"_blank\" rel=\"noopener\">d\u00e9lit de solidarit\u00e9<\/a>\u00bb gibt es somit nicht. Es handelt sich vielmehr um einen umgangssprachlichen Begriff, der sich im Gesetz an keiner Stelle wiederfindet und der 1995 von der franz\u00f6sischen \u00ab<a href=\"https:\/\/www.gisti.org\/spip.php?page=sommaire\" target=\"_blank\" rel=\"noopener\">Groupe d\u2019information et de soutien des immigr\u00e9s (Gisti)<\/a>\u00bb erstmals verwendet wurde.<\/p>\n<p>Die franz\u00f6sische \u00abAssembl\u00e9e nationale\u00bb hat im April 2018 in erster Lesung eine <a href=\"http:\/\/www.atlantico.fr\/pepites\/aide-aux-migrants-delit-solidarite-assoupli-assemblee-nationale-3371251.html\" target=\"_blank\" rel=\"noopener\">Gesetzes\u00e4nderung<\/a> angenommen, nach der der illegale Transport von Migrant*innen nicht mehr strafbar sein soll. Auch die Beratung oder Begleitung von Ausl\u00e4nder*innen (insbesondere Rechtsberatung, \u00dcbersetzungsdienstleistungen oder Sozialarbeit) oder die Vergabe von Essen, das Gew\u00e4hren von Unterkunft oder medizinische Hilfe, die menschenw\u00fcrdige Lebensbedingungen von Migrant*innen gew\u00e4hrleisten sollen, soll von der Ausnahme erfasst sein. Dies gilt allerdings ebenfalls nur, wenn keine Gegenleistung entrichtet wurde.<\/p>\n<p><strong>Was droht den Schweizer*innen?<\/strong><\/p>\n<p>F\u00fcr die drei Schweizer*innen, die Migrant*innen \u00fcber die Grenze geholfen haben sollen, macht dies jedoch keinen Unterschied, da sie der Beihilfe zur illegalen <em>Einreise<\/em> bezichtigt werden. Daf\u00fcr w\u00fcrde die Gesetzes\u00e4nderung nicht gelten. Entscheidend d\u00fcrfte hier sein, ob das Gericht annimmt, dass die Schweizer*innen eine Bande gebildet haben. Dies erscheint jedoch unwahrscheinlich, da sich die drei nicht f\u00fcr eine gewisse Dauer zusammengeschlossen haben, um (mehrere) Straftaten zu begehen. Zudem spielen bei der Strafzumessung Faktoren wie Vorverurteilungen und das Alter und Verhalten der Angeklagten eine Rolle. Bei einem ersten strafrechtlich relevanten Verhalten wird in der Regel eine Geldstrafe verh\u00e4ngt, die in Frankreich auch zur Bew\u00e4hrung ausgesetzt werden kann.\u00a0Zum Vergleich: Der Bauer <a href=\"http:\/\/www.lemonde.fr\/immigration-et-diversite\/article\/2017\/08\/08\/poursuivi-pour-aide-a-l-immigration-clandestine-cedric-herrou-attend-son-jugement-en-appel_5169880_1654200.html\" target=\"_blank\" rel=\"noopener\">C\u00e9dric Herrou<\/a> wurde 2017 f\u00fcr die Erleichterung der illegalen Einreise von ca. 200 Migrant*innen zu vier Monaten Haft auf Bew\u00e4hrung verurteilt.<\/p>\n<p><strong>Zur Rechtslage in der Schweiz<\/strong><\/p>\n<p>Auch das <a href=\"https:\/\/www.admin.ch\/opc\/de\/classified-compilation\/20020232\/index.html#a116\" target=\"_blank\" rel=\"noopener\">schweizerische Ausl\u00e4ndergesetz<\/a> (AuG) kennt in Art.\u00a0116 den Tatbestand der \u00abF\u00f6rderung der rechtswidrigen Einreise, Ausreise oder des rechtswidrigen Aufenthalts\u00bb. Danach wird mit Freiheitsstrafe bis zu einem Jahr oder Geldstrafe bestraft, wer im In- oder Ausland einer Ausl\u00e4nderin oder einem Ausl\u00e4nder die rechtswidrige Ein- oder Ausreise oder den rechtswidrigen Aufenthalt in der Schweiz erleichtert oder vorbereiten hilft. Wenn die T\u00e4terin oder der T\u00e4ter mit der Absicht handelt, sich oder eine andere Person unrechtm\u00e4ssig zu bereichern oder f\u00fcr eine Vereinigung oder Gruppe handelt, die sich zur fortgesetzten Begehung dieser Tat zusammengefunden hat, ist das Strafmass h\u00f6her.<\/p>\n<p>Art.\u00a0116 AuG ist f\u00fcr eine Strafnorm eigentlich zu unbestimmt. Nach dem Legalit\u00e4tsprinzip muss n\u00e4mlich ein Straftatbestand f\u00fcr alle klar erkennen lassen, was das Delikt ist und welche Strafe droht. Daher m\u00fcssen die Begriffe \u00aberleichtern\u00bb und \u00abvorbereiten\u00bb nach der Rechtsprechung des <a href=\"https:\/\/www.bger.ch\/ext\/eurospider\/live\/de\/php\/clir\/http\/index.php?lang=de&amp;type=highlight_simple_query&amp;page=1&amp;from_date=&amp;to_date=&amp;from_year=1954&amp;to_year=2018&amp;sort=relevance&amp;insertion_date=&amp;from_date_push=&amp;top_subcollection_clir=bge&amp;query_words=130+IV+77&amp;part=all&amp;de_fr=&amp;de_it=&amp;fr_de=&amp;fr_it=&amp;it_de=&amp;it_fr=&amp;orig=&amp;translation=&amp;rank=1&amp;highlight_docid=atf%3A%2F%2F130-IV-77%3Afr&amp;number_of_ranks=2&amp;azaclir=clir\" target=\"_blank\" rel=\"noopener\">Bundesgerichts<\/a> \u2013 die durch ein <a href=\"http:\/\/sanspapiersbern.ch\/wp-content\/uploads\/2015\/10\/Sans_PapiersBulletin2_000.pdf\" target=\"_blank\" rel=\"noopener\">Gutachten<\/a> von Prof. Regina Kiener und Lucie Von B\u00fcren gest\u00fctzt wird \u2013 so ausgelegt werden, dass es erforderlich ist, dass der oder die T\u00e4ter*in den beh\u00f6rdlichen Zugriff auf den oder die Ausl\u00e4nder*in in irgendeiner Weise erschwert hat (in der Regel durch Verstecken der entsprechenden Person). Daraus sowie aus <a href=\"https:\/\/www.admin.ch\/opc\/de\/classified-compilation\/19995395\/index.html#a10\" target=\"_blank\" rel=\"noopener\">Art.\u00a010 und 12\u00a0BV<\/a> ergibt sich, dass medizinische Hilfeleistungen oder die Rechtsberatung von \u00abSans-Papiers\u00bb nicht strafbar sein k\u00f6nnen.<\/p>\n<p>Im Fall, den das <a href=\"https:\/\/www.bger.ch\/ext\/eurospider\/live\/fr\/php\/clir\/http\/index.php?lang=fr&amp;type=highlight_simple_query&amp;page=1&amp;from_date=&amp;to_date=&amp;from_year=1954&amp;to_year=2018&amp;sort=relevance&amp;insertion_date=&amp;from_date_push=&amp;top_subcollection_clir=bge&amp;query_words=130+IV+77&amp;part=all&amp;de_fr=&amp;de_it=&amp;fr_de=&amp;fr_it=&amp;it_de=&amp;it_fr=&amp;orig=&amp;translation=&amp;rank=1&amp;highlight_docid=atf%3A%2F%2F130-IV-77%3Afr&amp;number_of_ranks=2&amp;azaclir=clir\" target=\"_blank\" rel=\"noopener\">Bundesgericht 2004<\/a> zu beurteilen hatte, war eine Schweizerin nach dem damals noch geltenden <a href=\"https:\/\/www.admin.ch\/opc\/de\/classified-compilation\/19310017\/index.html\" target=\"_blank\" rel=\"noopener\">Bundesgesetz \u00fcber den Aufenthalt und die Niederlassung von Ausl\u00e4ndern<\/a> (ANAG) zu einer Geldbusse von 300 Franken verurteilt worden, weil sie einen Migranten ca. drei Monate bei sich beherbergte.<\/p>\n<p>F\u00fcr Schlagzeilen sorgte auch der Fall der Tessiner Grossr\u00e4tin <a href=\"https:\/\/www.srf.ch\/news\/schweiz\/illegale-schleppertaetigkeit-polizeigericht-bestaetigt-urteil-gegen-lisa-bosia-mirra\" target=\"_blank\" rel=\"noopener\">Lisa Bosia Mirra<\/a>. Sie wurde 2017 zu einer bedingten Geldstrafe von 80 Tagess\u00e4tzen zu je 110 Franken sowie einer bedingten Busse von 1\u00a0000 Franken verurteilt, weil sie geholfen hatte, Migrant*innen von Italien ins Tessin zu bringen.<\/p>\n<p><strong>Bewertung<\/strong><\/p>\n<p>Die strafrechtliche Verfolgung der illegalen Einreise und des illegalen Aufenthalts von Migrant*innen ist in Europa <a href=\"https:\/\/www.gisti.org\/spip.php?article5590\" target=\"_blank\" rel=\"noopener\">Normalit\u00e4t<\/a>. Auch die <a href=\"http:\/\/eur-lex.europa.eu\/legal-content\/DE\/TXT\/?qid=1525861538795&amp;uri=CELEX:32008L0115\" target=\"_blank\" rel=\"noopener\">EU-R\u00fcckf\u00fchrungsrichtlinie<\/a>, die aufgrund der <a href=\"https:\/\/www.admin.ch\/opc\/de\/classified-compilation\/20042363\/index.html\" target=\"_blank\" rel=\"noopener\">Schengen-Assoziierung<\/a> auch f\u00fcr die Schweiz bindend ist, steht dem nicht entgegen, solange keine Freiheitsstrafe verh\u00e4ngt wird, die das R\u00fcckkehrverfahren unn\u00f6tig verz\u00f6gert.<\/p>\n<p>Aber nicht nur der oder die Migrant*in macht sich strafbar: Auch die Beihilfe zur illegalen Einreise und zum illegalen Aufenthalt kann in der Regel strafrechtlich sanktioniert werden, was NGOs und Zivilpersonen, die Migrant*innen ohne regul\u00e4ren Aufenthaltsstatus helfen, in eine schwierige Situation bringt. Dies ist insbesondere im Mittelmeerraum, wo <a href=\"\/?p=2035\">NGOs Seenotrettungsaktionen<\/a> durchf\u00fchren und die geretteten Migrant*innen zumeist auf europ\u00e4ischen Boden bringen, immer wieder ein <a href=\"http:\/\/www.lepoint.fr\/monde\/lesbos-relaxe-de-5-sauveteurs-espagnols-et-danois-juges-pour-trafic-de-migrants-07-05-2018-2216608_24.php\" target=\"_blank\" rel=\"noopener\">Thema<\/a>. Schon oft wurde <a href=\"https:\/\/univ-droit.fr\/la-gazette-juridique\/24133-mettre-fin-au-delit-de-solidarite-decryptage-des-enjeux-d-une-abrogation-sur-l-avis-de-la-cncdh-du-18-mai-2017\" target=\"_blank\" rel=\"noopener\">gefordert<\/a>, diese Delikte abzuschaffen bzw. zumindest entsprechende Ausnahmen f\u00fcr humanit\u00e4re Akteure vorzusehen, wie dies k\u00fcrzlich in Frankreich geschehen ist. Auch das <a href=\"https:\/\/www.admin.ch\/opc\/de\/classified-compilation\/20040857\/index.html\" target=\"_blank\" rel=\"noopener\">Protokoll gegen die Schleusung von Migranten auf dem Land-, See- und Luftweg zum \u00dcbereinkommen der Vereinten Nationen gegen die grenz\u00fcberschreitende organisierte Kriminalit\u00e4t<\/a> sieht eine solche Ausnahme vor, indem es in Art. 3a bei der Definition der \u00abSchleusung\u00bb das Ziel, sich einen finanziellen oder sonstigen materiellen Vorteil zu verschaffen, voraussetzt.<\/p>\n<p>Diese Klarstellung sollte sich auch in den nationalen Normen zum Ausl\u00e4nderstrafrecht widerspiegeln. Wer einem oder einer Migrant*in in einer Notsituation hilft, sollte nicht strafrechtlich verfolgt werden.<\/p>\n<p><a href=\"\/?page_id=21&amp;lang=de&amp;author=progin\">Sarah Progin-Theuerkauf<\/a><br \/>\nProjektleiterin, nccr \u2013 on the move, Universit\u00e4t Freiburg<\/p>\n","protected":false},"excerpt":{"rendered":"<p>In den letzten Tagen haben verschiedene Medien die Geschichte von drei jungen Schweizer*innen verbreitet, die in Frankreich verhaftet wurden, weil sie im Rahmen einer Demonstration 30\u201340 Migrant*innen \u00fcber die italienisch-franz\u00f6sische Grenze gebracht haben sollen. Besteht ein Zusammenhang mit dem sogenannten \u00abd\u00e9lit de solidarit\u00e9\u00bb, das vor kurzem im franz\u00f6sischen Parlament behandelt wurde? Worum geht es dabei? Und, gibt es solche Rechtsnormen auch in der Schweiz?<\/p>\n","protected":false},"author":17,"featured_media":0,"comment_status":"open","ping_status":"closed","sticky":false,"template":"","format":"standard","meta":{"_acf_changed":false,"footnotes":""},"categories":[56],"tags":[293,318],"coauthors":[333],"class_list":["post-2874","post","type-post","status-publish","format-standard","hentry","category-buone-pratiche","tag-borders-it","tag-switzerland-it"],"acf":[],"aioseo_notices":[],"_links":{"self":[{"href":"https:\/\/nccr-onthemove.ch\/blog\/wp-json\/wp\/v2\/posts\/2874","targetHints":{"allow":["GET"]}}],"collection":[{"href":"https:\/\/nccr-onthemove.ch\/blog\/wp-json\/wp\/v2\/posts"}],"about":[{"href":"https:\/\/nccr-onthemove.ch\/blog\/wp-json\/wp\/v2\/types\/post"}],"author":[{"embeddable":true,"href":"https:\/\/nccr-onthemove.ch\/blog\/wp-json\/wp\/v2\/users\/17"}],"replies":[{"embeddable":true,"href":"https:\/\/nccr-onthemove.ch\/blog\/wp-json\/wp\/v2\/comments?post=2874"}],"version-history":[{"count":1,"href":"https:\/\/nccr-onthemove.ch\/blog\/wp-json\/wp\/v2\/posts\/2874\/revisions"}],"predecessor-version":[{"id":2875,"href":"https:\/\/nccr-onthemove.ch\/blog\/wp-json\/wp\/v2\/posts\/2874\/revisions\/2875"}],"wp:attachment":[{"href":"https:\/\/nccr-onthemove.ch\/blog\/wp-json\/wp\/v2\/media?parent=2874"}],"wp:term":[{"taxonomy":"category","embeddable":true,"href":"https:\/\/nccr-onthemove.ch\/blog\/wp-json\/wp\/v2\/categories?post=2874"},{"taxonomy":"post_tag","embeddable":true,"href":"https:\/\/nccr-onthemove.ch\/blog\/wp-json\/wp\/v2\/tags?post=2874"},{"taxonomy":"author","embeddable":true,"href":"https:\/\/nccr-onthemove.ch\/blog\/wp-json\/wp\/v2\/coauthors?post=2874"}],"curies":[{"name":"wp","href":"https:\/\/api.w.org\/{rel}","templated":true}]}}