{"id":3384,"date":"2019-01-18T08:30:59","date_gmt":"2019-01-18T07:30:59","guid":{"rendered":"https:\/\/blog.nccr-onthemove.ch\/?p=3384"},"modified":"2019-02-15T12:04:41","modified_gmt":"2019-02-15T11:04:41","slug":"wie-ist-soziale-arbeit-in-einer-migrationsgesellschaft-auszugestalten","status":"publish","type":"post","link":"https:\/\/nccr-onthemove.ch\/blog\/wie-ist-soziale-arbeit-in-einer-migrationsgesellschaft-auszugestalten\/?lang=de","title":{"rendered":"Wie ist Soziale Arbeit in einer Migrationsgesellschaft auszugestalten?"},"content":{"rendered":"<p><strong>Neu sind in der Phase II des \u00abnccr \u2013 on the move\u00bb auch Hochschulen f\u00fcr Soziale Arbeit in zwei Projekten vertreten. Forschung an der Schnittstelle <\/strong><strong>der Werte, Theorie und der Praxis der Sozialen Arbeit und Migration, Mobilit\u00e4t und Integration ist noch jung. Die vorliegende Blogserie greift Aspekte dieser Schnittstelle auf, mit dem Ziel weitere theoretische und praktische Debatten anzustossen. <\/strong><\/p>\n<p>Die <a href=\"https:\/\/avenirsocial.ch\/wp-content\/uploads\/2018\/12\/AS_Berufsbild_DE_def_1.pdf\" target=\"_blank\" rel=\"noopener\">Soziale Arbeit als Profession<\/a> f\u00f6rdert \u201eden sozialen Wandel, Probleml\u00f6sungen in menschlichen Beziehungen sowie die Erm\u00e4chtigung und Befreiung von Menschen, um ihr Wohlbefinden zu heben\u201c. Basierend auf Werten wie dem Respekt vor der Gleichheit, Besonderheit und W\u00fcrde aller Menschen, konzentriert sich die Soziale Arbeit auf menschliche Bed\u00fcrfnisse und die F\u00f6rderung individueller und kollektiver Handlungsf\u00e4higkeit. Das berufliche Handeln wird durch die Menschenrechte und die Ideale sozialer Gerechtigkeit motiviert und begr\u00fcndet. Die Profession der Sozialen Arbeit zeigt sich solidarisch und unterst\u00fctzt Menschen dabei, sich aus der Wehrlosigkeit und Unterdr\u00fcckung zu l\u00f6sen, Armut zu lindern, um schliesslich die soziale Integration zu f\u00f6rdern.<\/p>\n<p>Die Theorie der Sozialen Arbeit gr\u00fcndet empirisch auf Forschung, evaluierter Praxis und dem Einbezug von Erfahrungswissen von Individuen und sozialen Systemen. Das vielf\u00e4ltige Wissen und K\u00f6nnen von Professionellen der Sozialen Arbeit findet Einsatz in verschiedenen Bereichen wie etwa in Beratungs- und Begleitungsangeboten f\u00fcr Individuen und Gruppen, in der Sozialplanung und der Entwicklung und Reflexion sozialpolitischer Strategien und Diskurse.<\/p>\n<p><strong>Soziale Arbeit, Migration und Integration<\/strong><\/p>\n<p>Die Schweiz ist als Migrationsgesellschaft mit sozialen Problemen und Herausforderungen konfrontiert, zu deren Verst\u00e4ndnis und L\u00f6sung die Soziale Arbeit einen entscheidenden Beitrag leisten kann. Drei Aspekte erscheinen dabei zentral: erstens kann Soziale Arbeit die Partizipation von Menschen in einer Migrationsgesellschaft pr\u00e4gen und (nachhaltig) f\u00f6rdern &#8211; auch ausserhalb des engen rechtlichen Rahmens. Zweitens kann sich Soziale Arbeit in migrationspolitische Diskurse aktiv einbringen und sich drittens <a href=\"https:\/\/www.fluechtlingssozialarbeit.de\/Positionspapier_Soziale_Arbeit_mit_Gefl%C3%BCchteten.pdf\" target=\"_blank\" rel=\"noopener\">als Profession positionieren<\/a>.<\/p>\n<p><a href=\"https:\/\/avenirsocial.ch\/publikationen\/verbandsbroschueren\/\" target=\"_blank\" rel=\"noopener\">Der Berufskodex von AvenirSocial<\/a>, dem Berufsverband der Sozialen Arbeit Schweiz, h\u00e4lt fest, dass die Anerkennung von Diversit\u00e4t und die Zur\u00fcckweisung von Diskriminierung zwei zentrale Verpflichtungen der Sozialen Arbeit darstellen. Beide Punkte werfen Fragen auf bez\u00fcglich der migrationspolitischen Entwicklungen in der Schweiz: Wie positioniert sich die Soziale Arbeit hinsichtlich der gesellschaftlichen Diskurse \u00fcber Migration und Mobilit\u00e4t? Welche Rolle spielt die Soziale Arbeit bei Integrationsmassnahmen? Welche sozialpolitische Stossrichtung verfolgt die Soziale Arbeit im Spannungsfeld der Verwirklichung von Menschenrechten und den immer restriktiveren Migrationsgesetzen? Zusammenfassend stellt sich also aus theoretischer wie praktischer Sicht die (Forschungs-)Frage, wie Soziale Arbeit in einer Migrationsgesellschaft auszugestalten ist?<\/p>\n<p>Die folgende Blogserie greift einige (offene) Fragen und soziale Probleme auf, die sich an der komplexen Schnittstelle zwischen der Sozialen Arbeit und den Herausforderungen von Migration, Mobilit\u00e4t und Integration ergeben. Die Serie versteht sich somit als Impulsgeberin f\u00fcr eine nachhaltige theoretische wie praxisbezogene Debatte rund um dieses Themengebiet.<\/p>\n","protected":false},"excerpt":{"rendered":"<p>Neu sind in der Phase II des \u00abnccr \u2013 on the move\u00bb auch Hochschulen f\u00fcr Soziale Arbeit in zwei Projekten vertreten. Forschung an der Schnittstelle der Werte, Theorie und der Praxis der Sozialen Arbeit und Migration, Mobilit\u00e4t und Integration ist noch jung. Die vorliegende Blogserie greift Aspekte dieser Schnittstelle auf,<\/p>\n","protected":false},"author":11,"featured_media":3620,"comment_status":"open","ping_status":"closed","sticky":false,"template":"","format":"standard","meta":{"_acf_changed":false,"footnotes":""},"categories":[505,537],"tags":[267,281,525,777,290],"coauthors":[],"class_list":["post-3384","post","type-post","status-publish","format-standard","has-post-thumbnail","hentry","category-blog-series-de","category-social-work-de","tag-citizenship-de","tag-integration-de","tag-mobilitaet","tag-mobility-de","tag-switzerland-de"],"acf":[],"aioseo_notices":[],"_links":{"self":[{"href":"https:\/\/nccr-onthemove.ch\/blog\/wp-json\/wp\/v2\/posts\/3384","targetHints":{"allow":["GET"]}}],"collection":[{"href":"https:\/\/nccr-onthemove.ch\/blog\/wp-json\/wp\/v2\/posts"}],"about":[{"href":"https:\/\/nccr-onthemove.ch\/blog\/wp-json\/wp\/v2\/types\/post"}],"author":[{"embeddable":true,"href":"https:\/\/nccr-onthemove.ch\/blog\/wp-json\/wp\/v2\/users\/11"}],"replies":[{"embeddable":true,"href":"https:\/\/nccr-onthemove.ch\/blog\/wp-json\/wp\/v2\/comments?post=3384"}],"version-history":[{"count":7,"href":"https:\/\/nccr-onthemove.ch\/blog\/wp-json\/wp\/v2\/posts\/3384\/revisions"}],"predecessor-version":[{"id":3513,"href":"https:\/\/nccr-onthemove.ch\/blog\/wp-json\/wp\/v2\/posts\/3384\/revisions\/3513"}],"wp:featuredmedia":[{"embeddable":true,"href":"https:\/\/nccr-onthemove.ch\/blog\/wp-json\/wp\/v2\/media\/3620"}],"wp:attachment":[{"href":"https:\/\/nccr-onthemove.ch\/blog\/wp-json\/wp\/v2\/media?parent=3384"}],"wp:term":[{"taxonomy":"category","embeddable":true,"href":"https:\/\/nccr-onthemove.ch\/blog\/wp-json\/wp\/v2\/categories?post=3384"},{"taxonomy":"post_tag","embeddable":true,"href":"https:\/\/nccr-onthemove.ch\/blog\/wp-json\/wp\/v2\/tags?post=3384"},{"taxonomy":"author","embeddable":true,"href":"https:\/\/nccr-onthemove.ch\/blog\/wp-json\/wp\/v2\/coauthors?post=3384"}],"curies":[{"name":"wp","href":"https:\/\/api.w.org\/{rel}","templated":true}]}}