{"id":3420,"date":"2019-01-30T09:00:48","date_gmt":"2019-01-30T08:00:48","guid":{"rendered":"https:\/\/blog.nccr-onthemove.ch\/?p=3420"},"modified":"2020-06-16T20:25:28","modified_gmt":"2020-06-16T18:25:28","slug":"la-detention-administrative-un-dilemme-ethique-pour-le-travail-social","status":"publish","type":"post","link":"https:\/\/nccr-onthemove.ch\/blog\/la-detention-administrative-un-dilemme-ethique-pour-le-travail-social\/?lang=de","title":{"rendered":"La d\u00e9tention administrative, un dilemme \u00e9thique pour le travail social"},"content":{"rendered":"<p><strong>La rapide \u00e9volution de la migration internationale implique des tensions dans la mise en pratique des droits humains. Les Etats tentent de g\u00e9rer le flux migratoire avec les outils l\u00e9gaux existants, sans pouvoir toujours respecter les droits fondamentaux. La Suisse, d\u00e9positaire des conventions de Gen\u00e8ve du droit international humanitaire, est confront\u00e9e \u00e0 ce dilemme. Dans le domaine du travail social, le constat est le m\u00eame, notamment pour la d\u00e9tention administrative des requ\u00e9rant\u00b7e\u00b7s d\u2019asile.<\/strong><\/p>\n<p>Les professionnel\u00b7le\u00b7s du travail social sont soumis\u00b7e\u00b7s au code de d\u00e9ontologie r\u00e9gissant leur pratique. Cette base a pour fondement la <em>D\u00e9claration universelle des droits de l\u2019homme<\/em> (DUDH) \u00e9dictant les droits inali\u00e9nables de chaque \u00eatre humain (AvenirSocial, 2006). Aussi, dans le cadre de l\u2019accompagnement des requ\u00e9rant\u00b7e\u00b7s d\u2019asile, les travailleurs et travailleuses sociales sont plac\u00e9\u00b7e\u00b7s dans une posture \u00e9thique complexe. D\u2019un c\u00f4t\u00e9, leur r\u00f4le de \u00ab fonctionnaire \u00bb de l\u2019Etat et garant\u00b7e du cadre l\u00e9gal, et de l\u2019autre, leur engagement \u00e9thique aupr\u00e8s du public cible. \u00c0 propos du travail social et de sa relation \u00e0 l\u2019\u00e9thique, Brigitte Bouquet souligne : \u00ab L\u2019action sociale se trouve interrog\u00e9e par les contradictions sociales sur ses finalit\u00e9s m\u00eame, sur le sens du vivre ensemble [\u2026] L\u2019\u00e9volution socio-\u00e9conomique, le lib\u00e9ralisme, la mondialisation, l\u2019\u00e9volution des probl\u00e8mes sociaux [\u2026] le bouleversent les m\u00e9tiers du travail social \u00bb (2017).<\/p>\n<p><strong>Comment r\u00e9soudre le dilemme \u00e9thique ?<\/strong><\/p>\n<p>Nous pouvons d\u00e8s lors nous questionner sur le v\u00e9ritable r\u00f4le et la responsabilit\u00e9 des professionnel\u00b7le\u00b7s du travail social qui vivent aussi ce dilemme \u00e9thique de mani\u00e8re personnelle. Dans le cadre de mon travail de Bachelor, une personne interrog\u00e9e s\u2019exprimait \u00e0 propos de la d\u00e9tention administrative : \u00ab C\u2019est difficile d\u2019appliquer avec humanit\u00e9 des d\u00e9cisions de renvoi. Je pense qu\u2019il y a un certain d\u00e9tachement lorsqu\u2019il s\u2019agit de mettre en pratique un renvoi \u00bb (2017). Par cons\u00e9quent, les professionnel\u00b7le\u00b7s devraient manifestement faire un choix entre les droits humains ou le cadre l\u00e9gal, puisque ces deux entit\u00e9s se retrouvent en tension dans la pratique. Mais cette contrainte de choix se reporte aussi au niveau personnel, \u00e9tant donn\u00e9 la contradiction possible au niveau des valeurs internes. C\u2019est en quelque sorte une \u00ab dichotomie professionnelle \u00bb interrogeant la marge de man\u0153uvre de ces professionnel\u00b7le\u00b7s, mettant en valeur le dilemme entre \u00e9thique et injonctions l\u00e9gales.<\/p>\n<p>Dans les faits, l\u2019intervention des travailleurs et travailleuses sociales dans la d\u00e9tention administrative est plut\u00f4t sommaire. Pour exemple, au Centre de d\u00e9tention pour \u00e9trangers LMC de Granges en Valais, les seules visites sont organis\u00e9es par la Croix-Rouge, de mani\u00e8re hebdomadaire, avec pour objectif un suivi administratif des personnes. Cet accompagnement ne semble que tr\u00e8s peu influer sur le respect des droits humains des d\u00e9tenu\u00b7e\u00b7s. Plusieurs rapports de la Commission de justice valaisanne (COJU) et une p\u00e9tition des d\u00e9tenu\u00b7e\u00b7s ont \u00e9t\u00e9 r\u00e9alis\u00e9s (en 2010, 2011, 2012, 2016) afin de d\u00e9noncer les conditions de d\u00e9tention. Le dernier rapport de 2017 stipule : \u00ab Ils [les d\u00e9tenu\u00b7e\u00b7s signataires] demandent au Grand Conseil du canton du Valais, par le biais de sa COJU, que des mesures soient prises urgemment afin de rem\u00e9dier \u00e0 cette situation qui est contraire au respect de la dignit\u00e9 humaine \u00bb (COJU). Les sorties restreintes, l\u2019acc\u00e8s aux activit\u00e9s sportives et aux distractions limit\u00e9, l\u2019insalubrit\u00e9 des cellules et le manque de visites m\u00e9dicales sont signal\u00e9s dans ce rapport. De plus, l\u2019enfermement des requ\u00e9rant\u00b7e\u00b7s d\u2019asile en fin de droit peut faire l\u2019objet d\u2019une formulation de \u00ab <em>d\u00e9ni de droits<\/em> \u00bb selon Claire Rodier : \u00ab le d\u00e9ni des droits fondamentaux des \u00e9trangers ne doit pas conduire \u00e0 penser que l\u2019histoire se r\u00e9p\u00e8te, non plus qu\u2019\u00e0 surestimer la puissance des pouvoirs administratifs et politiques \u00e0 l\u2019origine de cette entreprise prot\u00e9iforme d\u2019enfermement \u00bb (2003). En r\u00e9sum\u00e9, comment l\u2019\u00e9thique des professionnel\u00b7le\u00b7s s\u2019exprime-t-elle malgr\u00e9 le cadre l\u00e9gal par lequel ils et elles sont r\u00e9gi\u00b7e\u00b7s ?<\/p>\n<p><strong>Repenser le profil professionnel \u00e9thique<\/strong><\/p>\n<p>En consid\u00e9rant l\u2019influence politique et \u00e9conomique dans le domaine de la migration, les professionnel\u00b7le\u00b7s du travail social seront amen\u00e9\u00b7e\u00b7s \u00e0 penser leur action de telle sorte \u00e0 d\u00e9velopper la coh\u00e9rence dans leur pratique. Pour ce faire, une remise en question de leur profil et de leur habilet\u00e9 \u00e0 influencer le syst\u00e8me l\u00e9gal devra certainement adopter une casquette militante. Aussi, des organisations non-gouvernementales (ONG) et associations telles qu\u2019Amnesty International ou l\u2019Organisation suisse d\u2019aide aux r\u00e9fugi\u00e9s (OSAR) travaillent sur ces questions, et publient r\u00e9guli\u00e8rement. La fonction de la soci\u00e9t\u00e9 civile est de surcro\u00eet en permanente \u00e9volution. Ne serait-ce alors pas avec cette soci\u00e9t\u00e9 civile que les professionnel\u00b7le\u00b7s du travail social devraient davantage collaborer ?<\/p>\n<p><i>Elise Taiana, Research Assistant, School of Social Work, HES-SO Valais-Wallis.<\/i><\/p>\n<p>R\u00e9f\u00e9rences:<\/p>\n<p>&#8211; AvenirSocial. (2010). <em>Code de d\u00e9ontologie du travail social en Suisse : un argumentaire pour la pratique des professionnel-le-s<\/em>. Berne: AvenirSocial.<br \/>\n&#8211; Bouquet, B. (2017). <em>\u00c9thique et travail. Une recherche du sens<\/em>. Paris : Dunod.<br \/>\n&#8211; Grand Conseil (2017). <a href=\"https:\/\/parlement.vs.ch\/common\/idata\/parlement\/vos\/docs\/2017\/08\/2017.09_Centre%20LMC%20Granges_RAPP%20COM.pdf\" target=\"_blank\" rel=\"noopener\"><em>Rapport concernant le Centre LMC de Granges<\/em><\/a>.<br \/>\n&#8211; <a href=\"https:\/\/www.admin.ch\/opc\/fr\/classified-compilation\/19995092\/index.html\" target=\"_blank\" rel=\"noopener\">Loi sur l\u2019asile du 26 juin 1998<\/a> (LAsi) : RS 142.31.<br \/>\n&#8211; Rodier, C. &amp; Blanchard, E. (2003). <a href=\"https:\/\/www.cairn.info\/revue-plein-droit-2003-3-page-14.htm\" target=\"_blank\" rel=\"noopener\"><em>L&#8217;Europe des camps. Plein droit<\/em><\/a>, 58(3), 14-17.<\/p>\n<p>&nbsp;<\/p>\n<p>Read the blog posts on immigration detention centers<br \/>\nby Laura Rezzonico:<\/p>\n<p><a href=\"Maintaining%20Distance%20and%20Producing%20Indifference%20in%20Swiss%20Immigration%20Detention\">Maintaining Distance and Producing Indifference in Swiss Immigration Detention<\/a><br \/>\n<a href=\"\/?p=2378\">Doing Research in Securitized Spaces<\/a><br \/>\n<a href=\"\/?p=1289\">Carcerazione amministrativa<\/a><\/p>\n","protected":false},"excerpt":{"rendered":"<p>La rapide \u00e9volution de la migration internationale implique des tensions dans la mise en pratique des droits humains. Les Etats tentent de g\u00e9rer le flux migratoire avec les outils l\u00e9gaux existants, sans pouvoir toujours respecter les droits fondamentaux. La Suisse, d\u00e9positaire des conventions de Gen\u00e8ve du droit international humanitaire, est<\/p>\n","protected":false},"author":87,"featured_media":3352,"comment_status":"open","ping_status":"closed","sticky":false,"template":"","format":"standard","meta":{"_acf_changed":false,"footnotes":""},"categories":[505,537],"tags":[284,280,561],"coauthors":[550],"class_list":["post-3420","post","type-post","status-publish","format-standard","has-post-thumbnail","hentry","category-blog-series-de","category-social-work-de","tag-law-case-law-de","tag-human-rights-de","tag-soziale-arbeit"],"acf":[],"aioseo_notices":[],"_links":{"self":[{"href":"https:\/\/nccr-onthemove.ch\/blog\/wp-json\/wp\/v2\/posts\/3420","targetHints":{"allow":["GET"]}}],"collection":[{"href":"https:\/\/nccr-onthemove.ch\/blog\/wp-json\/wp\/v2\/posts"}],"about":[{"href":"https:\/\/nccr-onthemove.ch\/blog\/wp-json\/wp\/v2\/types\/post"}],"author":[{"embeddable":true,"href":"https:\/\/nccr-onthemove.ch\/blog\/wp-json\/wp\/v2\/users\/87"}],"replies":[{"embeddable":true,"href":"https:\/\/nccr-onthemove.ch\/blog\/wp-json\/wp\/v2\/comments?post=3420"}],"version-history":[{"count":3,"href":"https:\/\/nccr-onthemove.ch\/blog\/wp-json\/wp\/v2\/posts\/3420\/revisions"}],"predecessor-version":[{"id":3455,"href":"https:\/\/nccr-onthemove.ch\/blog\/wp-json\/wp\/v2\/posts\/3420\/revisions\/3455"}],"wp:featuredmedia":[{"embeddable":true,"href":"https:\/\/nccr-onthemove.ch\/blog\/wp-json\/wp\/v2\/media\/3352"}],"wp:attachment":[{"href":"https:\/\/nccr-onthemove.ch\/blog\/wp-json\/wp\/v2\/media?parent=3420"}],"wp:term":[{"taxonomy":"category","embeddable":true,"href":"https:\/\/nccr-onthemove.ch\/blog\/wp-json\/wp\/v2\/categories?post=3420"},{"taxonomy":"post_tag","embeddable":true,"href":"https:\/\/nccr-onthemove.ch\/blog\/wp-json\/wp\/v2\/tags?post=3420"},{"taxonomy":"author","embeddable":true,"href":"https:\/\/nccr-onthemove.ch\/blog\/wp-json\/wp\/v2\/coauthors?post=3420"}],"curies":[{"name":"wp","href":"https:\/\/api.w.org\/{rel}","templated":true}]}}