{"id":3864,"date":"2019-03-29T09:30:44","date_gmt":"2019-03-29T08:30:44","guid":{"rendered":"https:\/\/blog.nccr-onthemove.ch\/?p=3864"},"modified":"2019-03-29T16:38:51","modified_gmt":"2019-03-29T15:38:51","slug":"rassismus-jedes-jahr-aufs-tapet-bringen","status":"publish","type":"post","link":"https:\/\/nccr-onthemove.ch\/blog\/rassismus-jedes-jahr-aufs-tapet-bringen\/?lang=it","title":{"rendered":"Rassismus jedes Jahr aufs Tapet bringen"},"content":{"rendered":"<p><strong>Vorgestern endete die <a href=\"https:\/\/nccr-onthemove.ch\/blog\/wp-content\/uploads\/2019\/03\/0_PlakatWeb.jpg\" target=\"_blank\" rel=\"noopener\">9. Berner Aktionswoche gegen Rassismus<\/a>. Mit einer Kampagne und 48 Veranstaltungen, Workshops und Aktionen in Bern, K\u00f6niz, Muri, Ittigen und Ostermundigen bot sie ein Programm in noch nie dagewesener Vielfalt. W\u00e4hrend der Aktionswoche haben unter anderem Personen von ihrer Erfahrung mit Rassismus berichtet oder es wurde vermittelt, wie man sich verhalten kann, wenn man von rassistischen Angriffen betroffen ist oder solche beobachtet. <\/strong><\/p>\n<p>Ein Schwarzer Mann ist am Auto waschen in Zollbr\u00fcck, Kanton Bern. Er wird von einem weissen Mann rassistisch beschimpft und gefilmt und das Video wird ins Internet gestellt. In Gesch\u00e4ften werden Fasnachts-Kost\u00fcme verkauft, welche auf rassistischen Stereotypen beruhen.<\/p>\n<p>Eine Woche oder ein Monat gegen Rassismus wird nicht ausreichen, um alle Vorurteile und allt\u00e4glichen Diskriminierungen, von denen Schwarze Personen oder \u201ePeople of Color\u201c betroffen sind, abzubauen oder zu verhindern. Daf\u00fcr ist Rassismus zu pr\u00e4sent in unserem Alltag. Aber um Schritte in Richtung einer rassismusfreieren Realit\u00e4t zu machen und ein starkes Zeichen zu setzen, ist die Aktionswoche gegen Rassismus zu einem wichtigen Fixpunkt im Kalender der Stadt und Agglomeration Bern geworden. Sie wurde 2011 von der Stadt Bern lanciert und findet seither j\u00e4hrlich um den 21. M\u00e4rz, dem internationalen Tag gegen Rassismus, statt.<\/p>\n<p><strong>Eine Plattform f\u00fcr weitere Initiativen <\/strong><\/p>\n<p>Nach neun Jahren ist die Aktionswoche sehr gut positioniert und erreicht ihre urspr\u00fcnglichen Ziele: Das Thema Rassismus sichtbarer zu machen, die Vernetzung der Personen und Organisationen, die sich gegen Rassismus einsetzen, zu erm\u00f6glichen sowie eine Plattform f\u00fcr die Auseinandersetzung mit dem Thema und f\u00fcr das Empowerment, der von Rassismus betroffenen Personen, zu bieten. Hinter diesen Zielsetzungen steht die Vision, dass die Stadt Bern sich als eine \u00abStadt f\u00fcr alle\u00bb versteht. Diese Vision wird nur Realit\u00e4t, wenn wir anerkennen, dass Rassismus uns alle betrifft.<\/p>\n<p>Heute ist die Stadt Bern ein wichtiger Ort f\u00fcr Initiativen, die sich gegen Rassismus wehren (Allianz gegen Racial Profiling, Berner Stammtisch gegen Rassismus usw.). Des Weiteren beteiligt sich das Kompetenzzentrum Integration an verschiedenen Initiativen im Bereich Antirassismus und Antidiskriminierung, wie dem <a href=\"http:\/\/www.gggfon.ch\/?a=Dialog\" target=\"_blank\" rel=\"noopener\">Projekt &#8220;Dialog&#8221;<\/a> zum Thema Racial Profiling mit der Berner Kantonspolizei, der <a href=\"http:\/\/www.gggfon.ch\/?a=Home\" target=\"_blank\" rel=\"noopener\">Beratungsstelle &#8220;gggfon&#8221;<\/a>, dem <a href=\"http:\/\/swissafricanforum.ch\/\" target=\"_blank\" rel=\"noopener\">Swiss African Forum<\/a> und an Massnahmen der <a href=\"https:\/\/www.bern.ch\/politik-und-verwaltung\/stadtverwaltung\/sue\" target=\"_blank\" rel=\"noopener\">Direktion f\u00fcr Sicherheit, Umwelt und Energie<\/a> der Stadt Bern.<\/p>\n<p>Der jahrelange Einsatz der Stadt Bern zahlt sich aus. In den letzten zwei Jahren hat sich die Qualit\u00e4t der Eingaben verbessert. Es gibt einerseits Organisationen, die die Aktionswoche als M\u00f6glichkeit nutzen, ihr bestehendes Engagement gegen Rassismus zu zeigen und andererseits neue Akteur*innen, die sich von der Aktionswoche angesprochen f\u00fchlen. Dieses Jahr haben mehr als 2000 Personen an einer oder mehreren Veranstaltungen im Rahmen der Aktionswoche teilgenommen. Im 2018 haben wir das Projekt weiterentwickelt und mit zwei neuen Anti-Rassismus-Projekten mit Fokus auf Jugendliche in den Monaten April, Mai und Juni 2019 erg\u00e4nzt.<\/p>\n<p><strong>Sensibilisierung der Bev\u00f6lkerung und der Beh\u00f6rden<\/strong><\/p>\n<p>Vor der diesj\u00e4hrigen 9. Aktionswoche, gab es einen Fall in der Stadt Bern, der gut die sensibilisierende Wirkung des langj\u00e4hrigen Engagements aufzeigt. In einer Schule, dem Wylergut, gibt es seit 1949 ein Wandalphabet mit 26 Bildern \u2013 f\u00fcr jeden Buchstaben eines\u2013, davon drei mit rassistischen Inhalten. Menschen, Tieren und Pflanzen werden gleichgesetzt. Vor 70 Jahren war dies noch kein Thema. Heute, stehen wir zum Gl\u00fcck nicht mehr am gleichen Punkt.<\/p>\n<p>Der Berner Rassismus Stammtisch sowie weitere Personen haben Beh\u00f6rden darauf hingewiesen, damit die Bilder \u2013 ganz im Sinne der Schulleitung \u2013 \u00fcberdeckt werden k\u00f6nnen. \u00abIch werde daf\u00fcr sorgen, dass nun verschiedene Abteilungen der Stadtverwaltung zusammenarbeiten, um diese Bilder, die einer kolonialen Vergangenheit und Logik folgen, zu ersetzen. Unser Engagement gegen Rassismus dauert 365 Tage im Jahr und beschr\u00e4nkt sich nicht nur auf die Aktionswoche gegen Rassismus\u00bb, hat die Gemeinder\u00e4tin Franziska Teuscher im Rahmen der Aktionswoche ge\u00e4ussert. \u00abDas jahrelange Engagement der Stadt Bern gegen Rassismus zeigt Wirkung: Sowohl die Stadtbev\u00f6lkerung als auch die Stadtverwaltung nehmen dieses Thema sehr ernst\u00bb.<\/p>\n<p>Als sichtbares Symbol der Aktionswoche stand vom 13. bis zum 20. M\u00e4rz auf dem Bahnhofplatz der Stadt Bern eine \u2013 leider anschliessend zerst\u00f6rte \u2013 Skulptur in X-Form mit der Botschaft \u00abJetzt gegen Rassismus\u00bb. Dieses \u00abX\u00bb (Bild) steht f\u00fcr die gleiche Botschaft: Rassismus hat hier keinen Platz.<\/p>\n<p><img loading=\"lazy\" decoding=\"async\" class=\"alignnone size-full wp-image-3851\" src=\"https:\/\/nccr-onthemove.ch\/blog\/wp-content\/uploads\/2019\/03\/2.jpg\" alt=\"\" width=\"2016\" height=\"1512\" srcset=\"https:\/\/nccr-onthemove.ch\/blog\/wp-content\/uploads\/2019\/03\/2.jpg 2016w, https:\/\/nccr-onthemove.ch\/blog\/wp-content\/uploads\/2019\/03\/2-300x225.jpg 300w, https:\/\/nccr-onthemove.ch\/blog\/wp-content\/uploads\/2019\/03\/2-768x576.jpg 768w, https:\/\/nccr-onthemove.ch\/blog\/wp-content\/uploads\/2019\/03\/2-1024x768.jpg 1024w\" sizes=\"auto, (max-width: 2016px) 100vw, 2016px\" \/><\/p>\n<p>Im Jahr 2020 werden wir das 10. Jubil\u00e4um der Aktionswoche gegen Rassismus feiern. Es gibt zahlreiche Ideen, um noch mehr Personen zu erreichen, mehr Empowerment zu erm\u00f6glichen und ein noch st\u00e4rkeres regionales Zeichen gegen Rassismus zu setzen. Das \u00abX\u00bb wird sichtbarer denn je auf den Strassen und Geb\u00e4uden von Bern anzutreffen sein. Dieses Symbol ist mehr als eine Botschaft gegen Rassismus. Es ist ein Aufruf, sich auf der richtigen Seite zu positionieren.<\/p>\n<p>Das Programm und weitere Informationen zur Aktionswoche gegen Rassismus unter <a href=\"http:\/\/www.berngegenrassismus.ch\" target=\"_blank\" rel=\"noopener\">www.berngegenrassismus.ch<\/a>.<\/p>\n<p>&nbsp;<\/p>\n<p><em>Itziar Mara\u00f1\u00f3n ist Projektleiterin im <a href=\"http:\/\/www.bern.ch\/integration\" target=\"_blank\" rel=\"noopener\">Kompetenzzentrum Integration der Stadt Bern<\/a>.<\/em><\/p>\n","protected":false},"excerpt":{"rendered":"<p>Vorgestern endete die 9. Berner Aktionswoche gegen Rassismus. Mit einer Kampagne und 48 Veranstaltungen, Workshops und Aktionen in Bern, K\u00f6niz, Muri, Ittigen und Ostermundigen bot sie ein Programm in noch nie dagewesener Vielfalt. W\u00e4hrend der Aktionswoche haben unter anderem Personen von ihrer Erfahrung mit Rassismus berichtet oder es wurde vermittelt,<\/p>\n","protected":false},"author":97,"featured_media":3724,"comment_status":"open","ping_status":"closed","sticky":false,"template":"","format":"standard","meta":{"_acf_changed":false,"footnotes":""},"categories":[506,605],"tags":[308,299,304,296],"coauthors":[608],"class_list":["post-3864","post","type-post","status-publish","format-standard","has-post-thumbnail","hentry","category-blog-series-it","category-discrimination-it-2","tag-human-rights-it","tag-discriminations-it","tag-exclusion-it","tag-civil-society-it"],"acf":[],"aioseo_notices":[],"_links":{"self":[{"href":"https:\/\/nccr-onthemove.ch\/blog\/wp-json\/wp\/v2\/posts\/3864","targetHints":{"allow":["GET"]}}],"collection":[{"href":"https:\/\/nccr-onthemove.ch\/blog\/wp-json\/wp\/v2\/posts"}],"about":[{"href":"https:\/\/nccr-onthemove.ch\/blog\/wp-json\/wp\/v2\/types\/post"}],"author":[{"embeddable":true,"href":"https:\/\/nccr-onthemove.ch\/blog\/wp-json\/wp\/v2\/users\/97"}],"replies":[{"embeddable":true,"href":"https:\/\/nccr-onthemove.ch\/blog\/wp-json\/wp\/v2\/comments?post=3864"}],"version-history":[{"count":3,"href":"https:\/\/nccr-onthemove.ch\/blog\/wp-json\/wp\/v2\/posts\/3864\/revisions"}],"predecessor-version":[{"id":3878,"href":"https:\/\/nccr-onthemove.ch\/blog\/wp-json\/wp\/v2\/posts\/3864\/revisions\/3878"}],"wp:featuredmedia":[{"embeddable":true,"href":"https:\/\/nccr-onthemove.ch\/blog\/wp-json\/wp\/v2\/media\/3724"}],"wp:attachment":[{"href":"https:\/\/nccr-onthemove.ch\/blog\/wp-json\/wp\/v2\/media?parent=3864"}],"wp:term":[{"taxonomy":"category","embeddable":true,"href":"https:\/\/nccr-onthemove.ch\/blog\/wp-json\/wp\/v2\/categories?post=3864"},{"taxonomy":"post_tag","embeddable":true,"href":"https:\/\/nccr-onthemove.ch\/blog\/wp-json\/wp\/v2\/tags?post=3864"},{"taxonomy":"author","embeddable":true,"href":"https:\/\/nccr-onthemove.ch\/blog\/wp-json\/wp\/v2\/coauthors?post=3864"}],"curies":[{"name":"wp","href":"https:\/\/api.w.org\/{rel}","templated":true}]}}