{"id":4406,"date":"2019-06-20T09:30:27","date_gmt":"2019-06-20T07:30:27","guid":{"rendered":"https:\/\/blog.nccr-onthemove.ch\/?p=4406"},"modified":"2025-03-09T21:34:49","modified_gmt":"2025-03-09T20:34:49","slug":"tool-for-a-more-equitable-distribution-of-refugees-in-europe","status":"publish","type":"post","link":"https:\/\/nccr-onthemove.ch\/blog\/tool-for-a-more-equitable-distribution-of-refugees-in-europe\/","title":{"rendered":"Tool for a More Equitable Distribution of Refugees in Europe"},"content":{"rendered":"<p><strong>Accepting refugees can lead to long-term demographic and economic benefits for welfare states, but the initial years of residence are costly and can give rise to volatile political discourse. With few exceptions, in recent decades most European countries have attempted to shift the responsibilities of receiving refugees onto their neighbors.<\/strong><\/p>\n<p>What would be an equitable distribution of this responsibility? Some\u00a0have highlighted a country\u2019s size, others its wealth or rates of (un)employment. Thanks to a new cartographic tool developed by <a href=\"https:\/\/nccr-onthemove.ch\/who-is-who\/people\/?start=p&amp;p_id=1375\" target=\"_blank\" rel=\"noopener\">Andreas Perret<\/a> \u2013 Data manager for the \u201c<a href=\"https:\/\/nccr-onthemove.ch\/about-us\/\" target=\"_blank\" rel=\"noopener\">nccr \u2013 on the move<\/a>\u201d, a National Centre of Competence in Research, managed by the University of Neuch\u00e2tel, which is dedicated to migration and mobility studies \u2013and based on a <a href=\"http:\/\/doc.rero.ch\/record\/308852\/files\/Piguet_Etienne_-_Ewropa_ta_solidarjet_20180323.pdf\" target=\"_blank\" rel=\"noopener\">study I conducted in 2014<\/a>, it is now possible to choose and weight distribution criteria from the period 2008 to 2018. This tool provides a foundation for reflection which, it is hoped, will stimulate the cooperation of other countries.<\/p>\n<p>The initial series of maps allows a comparison of the number of asylum seekers received (represented by a red semicircle) with an \u201cequitable\u201d number in proportion to given criteria (represented by a grey semicircle).<\/p>\n<p><a href=\"https:\/\/public.tableau.com\/profile\/nccr.on.the.move#!\/vizhome\/FairShare_0\/Symbolic\" target=\"_blank\" rel=\"noopener\">Click on the image for interactive access<\/a><\/p>\n<p><a href=\"https:\/\/public.tableau.com\/profile\/nccr.on.the.move#!\/vizhome\/FairShare_0\/Symbolic\" target=\"_blank\" rel=\"noopener\"><img loading=\"lazy\" decoding=\"async\" class=\"alignnone wp-image-4415\" src=\"https:\/\/nccr-onthemove.ch\/blog\/wp-content\/uploads\/2019\/06\/NewImageFairsShare_web.png\" alt=\"\" width=\"675\" height=\"532\" \/><\/a><\/p>\n<p>In this way, taking into account its population in 2018 (1.6% of EU + EFTA countries), Switzerland received \u201ctoo many\u201d asylum seekers (2.3%, or 15,160 instead of 10,386), as did Germany, Luxembourg, Belgium, France, Sweden, and especially Greece (66,965 instead of 13,615!), while Portugal, Norway, Denmark, the United Kingdom, and many eastern EU countries did not receive \u201cenough\u201d. On the other hand, considering its gross domestic product (GDP), which is 3.72% of that of the EU, Switzerland would have had to accept a significantly higher number of refugees (24,418). The same simulations can be performed based on geographic area, unemployment rate (inverse proportion), or a combination of criteria. If we adopt the weighting suggested in a report by the Mercator Foundation (Angenendt et al. 2013), i.e. 40% for GDP and population and 10% for employment rates and geographic area, we observe that Switzerland received a relatively high proportion of asylum seekers in 2017 and 2018. In 2016, however, in the midst of the Syrian refugee crisis, it should have processed more applications, especially in comparison with Germany.<\/p>\n<p><strong>Informed Political Debate Using Cartographic Simulations<\/strong><\/p>\n<p>The second series of maps (Choropleth) makes it possible to identify at a glance which countries should receive more (red) or fewer (green) asylum seekers.<\/p>\n<p><a href=\"https:\/\/public.tableau.com\/profile\/nccr.on.the.move#!\/vizhome\/FairShare_0\/Symbolic\" target=\"_blank\" rel=\"noopener\"><img loading=\"lazy\" decoding=\"async\" class=\"alignnone size-full wp-image-3702\" src=\"https:\/\/nccr-onthemove.ch\/blog\/wp-content\/uploads\/2019\/03\/VizChloroplethMap.png\" alt=\"\" width=\"678\" height=\"533\" srcset=\"https:\/\/nccr-onthemove.ch\/blog\/wp-content\/uploads\/2019\/03\/VizChloroplethMap.png 678w, https:\/\/nccr-onthemove.ch\/blog\/wp-content\/uploads\/2019\/03\/VizChloroplethMap-300x236.png 300w\" sizes=\"auto, (max-width: 678px) 100vw, 678px\" \/><\/a><\/p>\n<p>A summary table (Heat) allows us to follow developments between 2008 and 2018. Using the Mercator weighting, it becomes apparent that if some countries are chronically \u201cunwelcoming\u201d (eastern European countries, Portugal, Spain, Ireland, Luxembourg, the United Kingdom), others (such as Switzerland, Greece, and France) alternated between periods of openness and closure. Germany, Sweden, Austria, and Belgium have been the most regularly accommodating.<\/p>\n<p><a href=\"https:\/\/public.tableau.com\/profile\/nccr.on.the.move#!\/vizhome\/FairShare_0\/Symbolic\" target=\"_blank\" rel=\"noopener\"><img loading=\"lazy\" decoding=\"async\" class=\"alignnone size-full wp-image-3706\" src=\"https:\/\/nccr-onthemove.ch\/blog\/wp-content\/uploads\/2019\/03\/VizHeatMap.png\" alt=\"\" width=\"684\" height=\"527\" srcset=\"https:\/\/nccr-onthemove.ch\/blog\/wp-content\/uploads\/2019\/03\/VizHeatMap.png 684w, https:\/\/nccr-onthemove.ch\/blog\/wp-content\/uploads\/2019\/03\/VizHeatMap-300x231.png 300w\" sizes=\"auto, (max-width: 684px) 100vw, 684px\" \/><\/a><\/p>\n<p>Maps do not provide direct answers to the question of \u201cfair\u201d distribution, nor do they provide answers to questions of which criteria should be used or the total number of asylum seekers who should be accommodated. However, by facilitating these simulations, they can inform political discourse aimed at advancing the necessary harmonization of refugee acceptance policies across Europe.<\/p>\n<p><em>Note: Step-by-step example to create a map: In the \u201csymbolic\u201d pane, select the year 2018 and assign a weight of 100% to geographic area. The resulting map gives (in a red semicircle) the actual number of requests for asylum received by a country and (in grey) the number that it should have received given its size in relation to the total geographic area of the EU. France (11% of the EU territory) should have received 73,370 asylum applications (11% of the total) but actually received 119,190 in 2018. Therefore, taking geographic area as the sole distribution key, France received \u201ctoo many\u201d asylum applications. Choosing another weighting, we can combine the effect of population, employment rates, GDP, and geographic area.<\/em><\/p>\n<p><em><a href=\"https:\/\/nccr-onthemove.ch\/who-is-who\/people\/?start=p&amp;p_id=517\" target=\"_blank\" rel=\"noopener\">Etienne Piguet<\/a> is a Professor of Geography at the University of Neuch\u00e2tel.<\/em><\/p>\n<p>References:<br \/>\n&#8211; Angeloni, S. (2019). <a href=\"https:\/\/journals.sagepub.com\/doi\/pdf\/10.1177\/1465116519831949\" target=\"_blank\" rel=\"noopener\">Improving the distribution of asylum-seekers through a multi-criteria index<\/a>. <em>European Union Politics<\/em> 20 (2): 328-337.<br \/>\n&#8211; Steffen Angenendt, S., Engler, M., und Schneider, J. (2013). <em><a href=\"https:\/\/www.stiftung-mercator.de\/media\/downloads\/3_Publikationen\/SVR_Europaeische_Fluechtlingspolitik_2013.pdf\" target=\"_blank\" rel=\"noopener\">Europ\u00e4ische Fl\u00fcchtlingspolitik. Wege zu einer fairen Lastenteilung<\/a><\/em>. Berlin: Sachverst\u00e4ndigenrat deutscher Stiftungen f\u00fcr Integration und Migration (SVR) Mercator.<br \/>\n&#8211; Piguet, E. (2014). <a href=\"http:\/\/doc.rero.ch\/record\/308852\/files\/Piguet_Etienne_-_Ewropa_ta_solidarjet_20180323.pdf\" target=\"_blank\" rel=\"noopener\">\u00abEwropa ta \u2018solidarjet\u00e0!\u00bb ? Pour une r\u00e9partition \u00e9quitable des responsabilit\u00e9s<\/a>. <em>Terra Cognita: Revue suisse de l\u2019int\u00e9gration et de la migration,<\/em> 25: 46-50.<\/p>\n<p>Statistical data:<br \/>\n&#8211; Eurostat: <a href=\"https:\/\/ec.europa.eu\/eurostat\/web\/asylum-and-managed-migration\/data\/main-tables\" target=\"_blank\" rel=\"noopener\">Asylum applicants<\/a> \/ <a href=\"https:\/\/ec.europa.eu\/eurostat\/web\/population-demography-migration-projections\/data\/main-tables\" target=\"_blank\" rel=\"noopener\">Population<\/a> \/ <a href=\"https:\/\/ec.europa.eu\/eurostat\/web\/national-accounts\/data\/main-tables\" target=\"_blank\" rel=\"noopener\">GDP<\/a> \/ <a href=\"https:\/\/ec.europa.eu\/eurostat\/web\/lfs\/data\/main-tables\" target=\"_blank\" rel=\"noopener\">Unemployment<\/a> (all countries except Switzerland)<br \/>\n&#8211; OCDE: <a href=\"https:\/\/data.oecd.org\/unemp\/unemployment-rate.htm\" target=\"_blank\" rel=\"noopener\">Unemployment rate<\/a> (only Switzerland)<br \/>\n&#8211; World Bank: <a href=\"https:\/\/data.worldbank.org\/indicator\/AG.SRF.TOTL.K2\" target=\"_blank\" rel=\"noopener\">Surface area<\/a><\/p>\n<p><em>This is the translated version of the <a href=\"\/?p=3641\">original blog post in French<\/a> from 14 March 2019. <\/em><\/p>\n","protected":false},"excerpt":{"rendered":"<p>Accepting refugees can lead to long-term demographic and economic benefits for welfare states, but the initial years of residence are costly and can give rise to volatile political discourse. With few exceptions, in recent decades most European countries have attempted to shift the responsibilities of receiving refugees onto their neighbors.<\/p>\n","protected":false},"author":12,"featured_media":0,"comment_status":"open","ping_status":"closed","sticky":false,"template":"","format":"standard","meta":{"_acf_changed":false,"footnotes":""},"categories":[6],"tags":[],"coauthors":[332],"class_list":["post-4406","post","type-post","status-publish","format-standard","hentry","category-politics"],"acf":[],"aioseo_notices":[],"_links":{"self":[{"href":"https:\/\/nccr-onthemove.ch\/blog\/wp-json\/wp\/v2\/posts\/4406","targetHints":{"allow":["GET"]}}],"collection":[{"href":"https:\/\/nccr-onthemove.ch\/blog\/wp-json\/wp\/v2\/posts"}],"about":[{"href":"https:\/\/nccr-onthemove.ch\/blog\/wp-json\/wp\/v2\/types\/post"}],"author":[{"embeddable":true,"href":"https:\/\/nccr-onthemove.ch\/blog\/wp-json\/wp\/v2\/users\/12"}],"replies":[{"embeddable":true,"href":"https:\/\/nccr-onthemove.ch\/blog\/wp-json\/wp\/v2\/comments?post=4406"}],"version-history":[{"count":6,"href":"https:\/\/nccr-onthemove.ch\/blog\/wp-json\/wp\/v2\/posts\/4406\/revisions"}],"predecessor-version":[{"id":9977,"href":"https:\/\/nccr-onthemove.ch\/blog\/wp-json\/wp\/v2\/posts\/4406\/revisions\/9977"}],"wp:attachment":[{"href":"https:\/\/nccr-onthemove.ch\/blog\/wp-json\/wp\/v2\/media?parent=4406"}],"wp:term":[{"taxonomy":"category","embeddable":true,"href":"https:\/\/nccr-onthemove.ch\/blog\/wp-json\/wp\/v2\/categories?post=4406"},{"taxonomy":"post_tag","embeddable":true,"href":"https:\/\/nccr-onthemove.ch\/blog\/wp-json\/wp\/v2\/tags?post=4406"},{"taxonomy":"author","embeddable":true,"href":"https:\/\/nccr-onthemove.ch\/blog\/wp-json\/wp\/v2\/coauthors?post=4406"}],"curies":[{"name":"wp","href":"https:\/\/api.w.org\/{rel}","templated":true}]}}