{"id":4450,"date":"2019-06-27T09:30:42","date_gmt":"2019-06-27T07:30:42","guid":{"rendered":"https:\/\/blog.nccr-onthemove.ch\/?p=4450"},"modified":"2019-06-26T09:28:21","modified_gmt":"2019-06-26T07:28:21","slug":"des-femmes-dexpats-aux-femmes-expats-lemergence-dune-nouvelle-forme-de-mobilite","status":"publish","type":"post","link":"https:\/\/nccr-onthemove.ch\/blog\/des-femmes-dexpats-aux-femmes-expats-lemergence-dune-nouvelle-forme-de-mobilite\/?lang=fr","title":{"rendered":"Des \u00ab femmes d\u2019Expats \u00bb aux \u00ab femmes Expats \u00bb : L\u2019\u00e9mergence d\u2019une nouvelle forme de mobilit\u00e9"},"content":{"rendered":"<p><strong>Longtemps masculine, la migration s\u2019est progressivement ouverte aux femmes par le biais du regroupement familial, conduisant \u00e0 des d\u00e9fis pour l\u2019int\u00e9gration des femmes et des enfants sacrifi\u00e9s fr\u00e9quemment sur le march\u00e9 du travail et au niveau de leur formation, au b\u00e9n\u00e9fice de la carri\u00e8re du conjoint et p\u00e8re. Plus r\u00e9cemment, la migration de femmes hautement qualifi\u00e9es, professionnellement actives, a connu un essor consid\u00e9rable. Ces femmes Expats repr\u00e9sentent une r\u00e9alit\u00e9 de la migration contemporaine que nous d\u00e9crivons ici.<\/strong><\/p>\n<p>\u00ab Expatrielles \u00bb, \u00ab Femmexpat \u00bb, les termes pour d\u00e9signer ces femmes qui prennent en main leur propre trajectoire migratoire (plut\u00f4t que de se la faire imposer par un conjoint) se multiplient sur les r\u00e9seaux sociaux. Ces femmes ont pour point commun d\u2019\u00eatre hautement qualifi\u00e9es, bien positionn\u00e9es sur le march\u00e9 du travail en raison de leurs comp\u00e9tences et de leur formation, mobiles internationalement et revendicatrices d\u2019une trajectoire de vie laissant une place importante \u00e0 la carri\u00e8re professionnelle internationale, quitte \u00e0 devoir retarder la vie familiale. Contrairement \u00e0 l\u2019Expat masculin, cet homme que l\u2019on conna\u00eet bien statistiquement, le mod\u00e8le de l\u2019Expat f\u00e9minin est plus difficile \u00e0 cerner, en raison de l\u2019enchev\u00eatrement fr\u00e9quent des biographies professionnelles, migratoires, mais aussi familiales. Cependant, les derni\u00e8res <a href=\"https:\/\/nccr-onthemove.ch\/research\/migration-mobility-survey\/\">enqu\u00eates Migration-Mobility<\/a> effectu\u00e9es par le nccr \u2013 on the move comblent partiellement ce d\u00e9ficit d\u2019informations, tout en soulevant de nouvelles questions.<\/p>\n<p><strong>Qui sont les \u00ab Femmexpats \u00bb ?<\/strong><\/p>\n<p>Pour mieux cerner le ph\u00e9nom\u00e8ne, nous avons identifi\u00e9 ces femmes dans ces enqu\u00eates en d\u00e9finissant le groupe selon les crit\u00e8res suivants : femmes titulaires d\u2019un niveau de formation tertiaire au moment de migrer en Suisse, arriv\u00e9es en Suisse avec une offre ou un contrat de travail et d\u00e9clarant au moment de l\u2019enqu\u00eate avoir immigr\u00e9 pour un motif professionnel. Sur les 4007 femmes ayant r\u00e9pondu \u00e0 l\u2019enqu\u00eate en 2018, 650 (16%) r\u00e9pondent \u00e0 ces crit\u00e8res.<\/p>\n<p>Cet effectif est suffisant pour analyser un peu plus en d\u00e9tail les caract\u00e9ristiques de ces migrantes hautement qualifi\u00e9es, qui sont majoritairement (dans plus de 80% des cas) originaires d\u2019un pays de l\u2019UE\/AELE. Plus d\u2019un quart d\u2019entre elles sont arriv\u00e9es en Suisse dans le cadre d\u2019une relocalisation organis\u00e9e par leur employeur\u00b7euse, le solde ayant pris un nouvel emploi \u00e0 leur arriv\u00e9e. Afin d\u2019illustrer les sp\u00e9cificit\u00e9s de ce groupe, nous le comparerons \u00e0 la fois aux immigrantes arriv\u00e9es pour d\u2019autres motifs (regroupement familial, travail faiblement ou moyennement qualifi\u00e9, etc.) et aux hommes qui pr\u00e9sentent les m\u00eames crit\u00e8res (Expats masculins).<\/p>\n<p>Un premier \u00e9l\u00e9ment apparaissant \u00e0 la lecture des donn\u00e9es analys\u00e9es est le caract\u00e8re encore marginal de cette migration. En ne retenant que les flux migratoires issus des six principaux pays d\u2019immigration de l\u2019UE\/AELE (Allemagne, Italie, France, Portugal, Espagne, Royaume-Uni), ces femmes repr\u00e9sentent un quart de l\u2019ensemble des immigrantes. Cette proportion ne s\u2019est pas modifi\u00e9e entre les deux vagues de l\u2019enqu\u00eate (2016 et 2018), m\u00eame si l\u2019on observe que le ph\u00e9nom\u00e8ne s\u2019\u00e9tend d\u00e9sormais \u00e0 la vague migratoire provenant du Portugal, alors qu\u2019en 2016 elle ne concernait que marginalement les Portugaises.<\/p>\n<p>En termes de structure d\u00e9mographique, diff\u00e9rentes caract\u00e9ristiques ressortent clairement. D\u2019une part, ce ph\u00e9nom\u00e8ne concerne des femmes jeunes : 80% de celles rencontr\u00e9es en 2018 sont \u00e2g\u00e9es de moins de 45 ans (contre 65% des Expats masculins). Cette migration concerne donc les g\u00e9n\u00e9rations n\u00e9es apr\u00e8s le baby-boom. Pr\u00e8s de la moiti\u00e9 de ces femmes sont c\u00e9libataires (47% exactement, contre 32% des Expats masculins et 23% des autres migrantes), parfois divorc\u00e9es (13%) et n\u2019ont pas d\u2019enfants dans la majorit\u00e9 des cas (55%). Cette migration est ainsi favoris\u00e9e par l\u2019absence de liens matrimoniaux, mais aussi conjugaux : en effet, 45% \u00e9taient libres de tout lien conjugal (ni mari\u00e9es, ni dans une relation) au moment de leur arriv\u00e9e en Suisse, soit une proportion beaucoup plus \u00e9lev\u00e9e que chez les autres migrantes (26%) et les Expats masculins (34%).<\/p>\n<p><strong>Difficile de s\u2019installer en Suisse, mais une situation professionnelle et une int\u00e9gration sociale satisfaisantes<\/strong><\/p>\n<p>Ces femmes sont mobiles : pr\u00e8s de deux-tiers avaient d\u00e9j\u00e0 eu une exp\u00e9rience migratoire dans un pays tiers avant leur arriv\u00e9e en Suisse. En outre, une sp\u00e9cificit\u00e9 (partag\u00e9e avec les Expats masculins) de cette migration hautement qualifi\u00e9e, comparativement aux migrantes arriv\u00e9es pour d\u2019autres motifs, est qu\u2019elle s\u2019accompagne de difficult\u00e9s ressenties au moment de l\u2019installation en Suisse, principalement pour trouver un logement adapt\u00e9 et pour g\u00e9rer les questions administratives. Ces difficult\u00e9s s\u2019expliquent probablement par l\u2019absence de proches en Suisse au moment d\u2019effectuer la migration, cette migration \u00e9tant individuelle et non ax\u00e9e sur les r\u00e9seaux, mais sur le march\u00e9 du travail.<\/p>\n<p>En revanche, les indicateurs concernant l\u2019activit\u00e9 professionnelle sont tous positifs. Ces femmes d\u00e9clarent ainsi utiliser leurs comp\u00e9tences professionnelles \u00e0 leur poste de travail, \u00e9prouvent un niveau \u00e9lev\u00e9 de satisfaction concernant les conditions de travail rencontr\u00e9es en Suisse et, plus encore que les Expats masculins, d\u00e9clarent une am\u00e9lioration de leur situation professionnelle en comparaison \u00e0 la situation avant la migration.<\/p>\n<p>Du point de vue de l\u2019int\u00e9gration sociale, les femmes Expats d\u00e9montrent des aptitudes \u00e0 communiquer avec la population locale (plus que les hommes) mais, comme les hommes du m\u00eame profil socioprofessionnel, peinent \u00e0 se faire des ami\u00b7e\u00b7s en Suisse. Elles sont en outre, dans leur ensemble, plut\u00f4t pond\u00e9r\u00e9es sur la qualit\u00e9 du voisinage et les conditions de logement. Cependant, plus de la moiti\u00e9 d\u2019entre elles d\u00e9clarent un degr\u00e9 de satisfaction maximal (sur une \u00e9chelle allant de 0 \u00e0 10) concernant la d\u00e9cision de migrer en Suisse.<\/p>\n<p><strong>Une main-d\u2019\u0153uvre importante, marqu\u00e9e par l\u2019\u00e9mancipation f\u00e9minine \u2013 mais l\u2019\u00e9galit\u00e9 des chances n\u2019est pas encore atteinte<\/strong><\/p>\n<p>Comment interpr\u00e9ter ces diff\u00e9rents r\u00e9sultats et quelles cons\u00e9quences en tirer? D\u2019une part, m\u00eame minoritaire, le ph\u00e9nom\u00e8ne n\u2019est pas n\u00e9gligeable. Pour les six pays mentionn\u00e9s pr\u00e9c\u00e9demment, 35 000 femmes r\u00e9pondant aux crit\u00e8res d\u00e9finis ont \u00e9t\u00e9 identifi\u00e9es. Elles fournissent une main-d\u2019\u0153uvre significative dans une \u00e9conomie \u00ab&nbsp;consommatrice&nbsp;\u00bb de comp\u00e9tences. Elles contribuent probablement aussi \u00e0 la f\u00e9minisation des postes \u00e0 responsabilit\u00e9. La question qui se pose, cependant, est si ce ph\u00e9nom\u00e8ne va prendre de l\u2019importance au cours des prochaines ann\u00e9es ou, au contraire, r\u00e9gresser. D\u2019autre part, cette migration \u00e9tant volontaire, associ\u00e9e \u00e0 la recherche d\u2019une exp\u00e9rience professionnelle en Suisse, et v\u00e9cue favorablement, elle correspond \u00e0 une immigration plut\u00f4t favorable \u00e0 une int\u00e9gration sociale. Cependant, les \u00e9l\u00e9ments manquent pour discuter si le s\u00e9jour en Suisse de ces femmes durera ou d\u00e9bouchera sur une \u00e9migration. Finalement, cette forme de migration est marqu\u00e9e par l\u2019\u00e9mancipation f\u00e9minine au moment de la migration, alors que la migration \u00ab&nbsp;traditionnelle&nbsp;\u00bb ou secondaire (en lien avec l\u2019activit\u00e9 professionnelle du mari) est souvent contrainte, v\u00e9cue d\u00e9favorablement, et conduit \u00e0 un sacrifice professionnel pour l\u2019\u00e9pouse.<\/p>\n<p>Il a fallu du temps pour que les femmes acqui\u00e8rent enfin cette capacit\u00e9 de migrer en fonction de leur propre d\u00e9cision, et non pas en fonction de la d\u00e9cision du conjoint. Cependant, cette possibilit\u00e9 s\u2019offre principalement aux femmes hautement qualifi\u00e9es et, de mani\u00e8re pr\u00e9pond\u00e9rante, \u00e0 celles sans contraintes familiales. Une situation d\u2019\u00e9galit\u00e9 des chances devant la migration ne para\u00eet ainsi pas encore \u00eatre atteinte. Les candidates \u00e0 la migration se voient contraintes \u00e0 effectuer un choix entre vie familiale et parcours professionnel international. La conciliation de ces deux \u00e9l\u00e9ments semble survenir encore trop peu souvent.<\/p>\n<p><em>Note : Dans la suite de ce texte, nous utiliserons le terme de \u00ab&nbsp;femmes Expats&nbsp;\u00bb ou d\u2019 \u00ab&nbsp;Expats f\u00e9minins&nbsp;\u00bb tout en \u00e9tant conscient du flou dans cette d\u00e9nomination. Par opposition, nous utiliserons le terme d\u2019\u00ab&nbsp;Expats masculins&nbsp;\u00bb pour qualifier les hommes pr\u00e9sentant les m\u00eames caract\u00e9ristiques migratoires.<\/em><\/p>\n<p><em><br \/>\n<a href=\"https:\/\/nccr-onthemove.ch\/who-is-who\/people\/?start=w&amp;p_id=156\">Philippe Wanner<\/a> est Professeur \u00e0 l\u2019Universit\u00e9 de Gen\u00e8ve et vice-directeur du nccr \u2013 on the move et chef du projet <a href=\"https:\/\/nccr-onthemove.ch\/projects\/explaining-and-interpreting-migration-flows-and-stocks\/\">Explaining and Interpreting Migration Flows and Stocks<\/a>.<\/em><\/p>\n","protected":false},"excerpt":{"rendered":"<p>Longtemps masculine, la migration s\u2019est progressivement ouverte aux femmes par le biais du regroupement familial, conduisant \u00e0 des d\u00e9fis pour l\u2019int\u00e9gration des femmes et des enfants sacrifi\u00e9s fr\u00e9quemment sur le march\u00e9 du travail et au niveau de leur formation, au b\u00e9n\u00e9fice de la carri\u00e8re du conjoint et p\u00e8re. Plus r\u00e9cemment,<\/p>\n","protected":false},"author":25,"featured_media":4324,"comment_status":"open","ping_status":"closed","sticky":false,"template":"","format":"standard","meta":{"_acf_changed":false,"footnotes":""},"categories":[652],"tags":[259,241,251,255,262],"coauthors":[341],"class_list":["post-4450","post","type-post","status-publish","format-standard","has-post-thumbnail","hentry","category-gender-skills-migration-fr","tag-skills-fr","tag-demography-fr","tag-gender-fr","tag-labor-market-fr","tag-switzerland-fr"],"acf":[],"aioseo_notices":[],"_links":{"self":[{"href":"https:\/\/nccr-onthemove.ch\/blog\/wp-json\/wp\/v2\/posts\/4450","targetHints":{"allow":["GET"]}}],"collection":[{"href":"https:\/\/nccr-onthemove.ch\/blog\/wp-json\/wp\/v2\/posts"}],"about":[{"href":"https:\/\/nccr-onthemove.ch\/blog\/wp-json\/wp\/v2\/types\/post"}],"author":[{"embeddable":true,"href":"https:\/\/nccr-onthemove.ch\/blog\/wp-json\/wp\/v2\/users\/25"}],"replies":[{"embeddable":true,"href":"https:\/\/nccr-onthemove.ch\/blog\/wp-json\/wp\/v2\/comments?post=4450"}],"version-history":[{"count":1,"href":"https:\/\/nccr-onthemove.ch\/blog\/wp-json\/wp\/v2\/posts\/4450\/revisions"}],"predecessor-version":[{"id":4451,"href":"https:\/\/nccr-onthemove.ch\/blog\/wp-json\/wp\/v2\/posts\/4450\/revisions\/4451"}],"wp:featuredmedia":[{"embeddable":true,"href":"https:\/\/nccr-onthemove.ch\/blog\/wp-json\/wp\/v2\/media\/4324"}],"wp:attachment":[{"href":"https:\/\/nccr-onthemove.ch\/blog\/wp-json\/wp\/v2\/media?parent=4450"}],"wp:term":[{"taxonomy":"category","embeddable":true,"href":"https:\/\/nccr-onthemove.ch\/blog\/wp-json\/wp\/v2\/categories?post=4450"},{"taxonomy":"post_tag","embeddable":true,"href":"https:\/\/nccr-onthemove.ch\/blog\/wp-json\/wp\/v2\/tags?post=4450"},{"taxonomy":"author","embeddable":true,"href":"https:\/\/nccr-onthemove.ch\/blog\/wp-json\/wp\/v2\/coauthors?post=4450"}],"curies":[{"name":"wp","href":"https:\/\/api.w.org\/{rel}","templated":true}]}}