{"id":4879,"date":"2019-11-06T09:20:00","date_gmt":"2019-11-06T08:20:00","guid":{"rendered":"https:\/\/blog.nccr-onthemove.ch\/?p=4879"},"modified":"2019-11-05T16:10:25","modified_gmt":"2019-11-05T15:10:25","slug":"encore-et-toujours-dabord-noire-puis-suissesse","status":"publish","type":"post","link":"https:\/\/nccr-onthemove.ch\/blog\/encore-et-toujours-dabord-noire-puis-suissesse\/?lang=fr","title":{"rendered":"Encore et toujours, d&#8217;abord Noire, puis Suissesse !"},"content":{"rendered":"<p><strong>\u00ab Je r\u00e9alisais avec d\u00e9sarroi que malgr\u00e9 le fait que j\u2019avais suivi, depuis mon arriv\u00e9e en Suisse en 1981, le parcours attendu pour \u00eatre une parfaite assimil\u00e9e, j\u2019\u00e9tais au regard des autres Noire avant toute autre consid\u00e9ration ! \u00bb Brigitte Lembwadio Kanyama, avocate et citoyenne suisse d\u2019origine congolaise, t\u00e9moigne sur son exp\u00e9rience de discrimination et de racisme dus \u00e0 son appartenance \u00e0 une \u00ab minorit\u00e9 visible \u00bb.<\/strong><\/p>\n<p>R\u00e9cemment j&#8217;ai entendu, sur la Premi\u00e8re de la radio suisse romande, un politicien s\u2019exclamer :  \u00ab Hier soir on a eu un sommelier noir, qui vient d&#8217;Afrique, qui nous a parl\u00e9 des vins vaudois avec un parfait accent du terroir vaudois ! \u00bb R\u00e9ponse de la journaliste : \u00ab Oui on l&#8217;a d\u00e9j\u00e0 eu sur notre plateau ! \u00bb Il ne manquait plus qu&#8217;elle rajoute : Cet extraterrestre !  <\/p>\n<p>Pendant quelques secondes, au volant de ma voiture, je me suis retrouv\u00e9e vingt-deux ans en arri\u00e8re ! J\u2019ai fait un zoom sur cette journ\u00e9e, inscrite \u00e0 l\u2019encre ind\u00e9l\u00e9bile dans un coin de mon cerveau, o\u00f9 forte et fi\u00e8re de ma licence en droit, acquise avec mention, et au prix d&#8217;un investissement important (combinant envie de r\u00e9ussir \u00e0 tout prix et n\u00e9cessit\u00e9 de travailler pour vivre), j&#8217;ai re\u00e7u en pleine figure, pour la premi\u00e8re fois et de la pire des fa\u00e7ons, que dans mon pays de Neuch\u00e2tel, j&#8217;\u00e9tais d&#8217;abord Noire et puis Suissesse! Oui, je me suis souvenue de cet \u00e9change t\u00e9l\u00e9phonique enthousiaste avec cet avocat de la place, connu pour ses id\u00e9es pr\u00e9tendument progressistes, \u00e0 l&#8217;issu duquel j&#8217;ai \u00e9t\u00e9 invit\u00e9e \u00e0 me pr\u00e9senter le lendemain \u00e0 son \u00e9tude pour un entretien. Je me suis rem\u00e9mor\u00e9e, non pas sans une pointe de douleur, \u00e9tonnamment encore pr\u00e9sente plus de deux d\u00e9cennies apr\u00e8s les faits, mon arriv\u00e9e le lendemain dans cette importante \u00e9tude, par\u00e9e de mon plus beau tailleur, pour m&#8217;entendre demander par la secr\u00e9taire si je venais pour un divorce. Na\u00efvement, je lui r\u00e9pondis que je venais pour la place de stage d\u2019avocat. Je revois les yeux ronds qu&#8217;elle m&#8217;a faits et qui auraient d\u00fb me persuader de tourner les talons afin d&#8217;\u00e9viter l&#8217;humiliation suivante. Mais on me d\u00e9crit comme  tenace et j&#8217;attendis. Apr\u00e8s plus de dix minutes \u00e0 m&#8217;interroger sur la suite, je vis l&#8217;avocat sortir du bureau et s&#8217;approcher, sourire en coin, g\u00ean\u00e9, me tendant la main et me disant : \u00ab C&#8217;est vous mademoiselle Lembwadio ? C&#8217;est fou ce que vous aviez l&#8217;accent neuch\u00e2telois au t\u00e9l\u00e9phone  ! \u00bb L&#8217;uppercut re\u00e7u ne m&#8217;a pas emp\u00each\u00e9e de lui r\u00e9torquer : \u00ab L&#8217;aurais-je perdu entretemps ? \u00bb Est-il n\u00e9cessaire de pr\u00e9ciser qu&#8217;une excuse bien construite a vite \u00e9t\u00e9 trouv\u00e9e pour justifier le fait que ma candidature n&#8217;\u00e9tait finalement pas retenue ?  <\/p>\n<p>Apr\u00e8s plusieurs jours \u00e0 pleurer sur mon sort, je r\u00e9alisais avec d\u00e9sarroi que malgr\u00e9 le fait que j\u2019avais suivi, depuis mon arriv\u00e9e en Suisse en 1981, le parcours attendu pour \u00eatre une parfaite assimil\u00e9e, j\u2019\u00e9tais au regard des autres Noire avant toute autre consid\u00e9ration ! Le recours \u00e0 la Commission f\u00e9d\u00e9rale contre le racisme m&#8217;a apport\u00e9 une petite \u00e9coute, d&#8217;apparence compatissante, ainsi qu&#8217;un bel article dans leur publication, mais bien en de\u00e7\u00e0 de ce que j&#8217;attendais d&#8217;une telle institution. J&#8217;ai par ailleurs pris conscience que, juridiquement, aucune disposition p\u00e9nale ne prot\u00e9geait contre ces actes de racisme cach\u00e9. L&#8217;espoir qu&#8217;a suscit\u00e9 l&#8217;entr\u00e9e en vigueur de l&#8217;article 261bis du Code p\u00e9nal est vite retomb\u00e9. Le cadre d&#8217;application de cette disposition \u00e9tant en effet tr\u00e8s limit\u00e9, dans beaucoup de situations, elle ne peut \u00eatre invoqu\u00e9e. Quant aux dispositions sur l&#8217;atteinte \u00e0 l&#8217;honneur, au risque de se retrouver doublement frustr\u00e9 en raison du non-lieu ou de l&#8217;acquittement du raciste cach\u00e9, dans bon nombre de cas, il y a lieu d&#8217;y renoncer.  <\/p>\n<p>Comme vous pouvez vous en douter, le stage, que j&#8217;ai finalement pu d\u00e9crocher (au sein d&#8217;une \u00e9tude politiquement de droite, je tiens \u00e0 le pr\u00e9ciser), n\u2019a pas \u00e9t\u00e9 de tout repos sous l\u2019angle des pr\u00e9jug\u00e9s et des remises en question de mes comp\u00e9tences. Et que dire de mes d\u00e9buts en qualit\u00e9 d\u2019avocate ind\u00e9pendante ! Entre la greffi\u00e8re jurassienne qui vous prend pour l\u2019accus\u00e9e et la juge genevoise qui vous demande si vous \u00eates toute seule, car elle ne voit pas votre conseil (alors que vous venez de vous pr\u00e9senter et de d\u00e9cliner votre titre), il y a un floril\u00e8ge d\u2019anecdotes, parfois dr\u00f4les mais souvent bien douloureuses. En effet, comment r\u00e9agir lorsque vous constatez que, finalement, peu importent vos comp\u00e9tences et vos capacit\u00e9s, vous n\u2019\u00eates \u00e0 premi\u00e8re vue encore et toujours jug\u00e9e que sur une seule chose ; votre couleur de peau. La d\u00e9ception est encore plus profonde lorsque vos interlocuteurs sont des magistrats, des avocats, bref des auxiliaires de la justice, cens\u00e9s justement \u00eatre au-dessus de la m\u00eal\u00e9e et capables d\u2019examiner sans a priori leurs interlocuteurs. Je me pose ainsi inlassablement la question de savoir comment cela se passe pour ceux qui ne sont pas aussi bien arm\u00e9s que moi  : comment font-ils face \u00e0 cette dure r\u00e9alit\u00e9 au quotidien ? Comment vit-on en tant qu\u2019 \u00ab identit\u00e9 remarquable \u00bb dans un pays qui a tendance \u00e0 minimiser que le racisme anti-noir est une r\u00e9alit\u00e9, qu\u2019il appara\u00eet difficile \u00e0 combattre car souvent bien cach\u00e9, voire inconscient ? Ce pays qui, parce qu&#8217;il n&#8217;a pas un pass\u00e9 colonial, consid\u00e8re qu&#8217;il ne vous doit rien en tant que Noirs, qui auraient tous choisi d&#8217;y venir de leur propre gr\u00e9. <\/p>\n<p>Apr\u00e8s cette digression dans le pass\u00e9, j\u2019en reviens \u00e0 l&#8217;interview de mon politicien. Apparemment, ni ce dernier ni les journalistes ne se sont rendu compte de la gravit\u00e9 de ses propos. Il semblait en effet surpris qu\u2019un Noir puisse parler avec un accent vaudois prononc\u00e9 et conna\u00eetre le vin et le terroir local. Et plus grave encore, il ressortait de son discours qu&#8217;il ne pouvait envisager que cet homme soit suisse. Ce racisme inconscient, tr\u00e8s pr\u00e9sent \u00e0 l&#8217;\u00e9gard des Noirs et \u00e9tonnamment \u00e0 l&#8217;\u00e9gard de ceux qui sont qualifi\u00e9s, voire tr\u00e8s qualifi\u00e9s, est ignor\u00e9, voire ni\u00e9. Pourtant il est v\u00e9cu quotidiennement, \u00e9mane souvent de personnes bien pensantes qui s&#8217;offusquent lorsque l&#8217;on ose leur faire comprendre qu&#8217;il s&#8217;agit l\u00e0 \u00e9galement de propos ou d\u2019attitudes racistes. Le fait qu&#8217;il existe maintenant dans la soci\u00e9t\u00e9 suisse des autochtones \u00e0 la peau noire appara\u00eet comme surr\u00e9aliste et insoutenable pour beaucoup. Pourtant mes enfants, qui sont de la troisi\u00e8me g\u00e9n\u00e9ration, qui n&#8217;ont jamais eu aucune autre nationalit\u00e9 que la nationalit\u00e9 suisse, ne sont-ils pas des autochtones ? J&#8217;interrogerais volontiers les sociologues afin de savoir combien de g\u00e9n\u00e9ration il faut pour cela\u2026 <\/p>\n<p><em>Brigitte Lembwadio Kanyama, Avocate associ\u00e9e \u00e0 l&#8217;Etude Brigitte Lembwadio \u00e0 La Chaux-de-Fonds<\/em><\/p>\n","protected":false},"excerpt":{"rendered":"<p>\u00ab Je r\u00e9alisais avec d\u00e9sarroi que malgr\u00e9 le fait que j\u2019avais suivi, depuis mon arriv\u00e9e en Suisse en 1981, le parcours attendu pour \u00eatre une parfaite assimil\u00e9e, j\u2019\u00e9tais au regard des autres Noire avant toute autre consid\u00e9ration ! \u00bb Brigitte Lembwadio Kanyama, avocate et citoyenne suisse d\u2019origine congolaise, t\u00e9moigne sur<\/p>\n","protected":false},"author":121,"featured_media":4670,"comment_status":"open","ping_status":"closed","sticky":false,"template":"","format":"standard","meta":{"_acf_changed":false,"footnotes":""},"categories":[665],"tags":[239,243,248,255,257,262],"coauthors":[683],"class_list":["post-4879","post","type-post","status-publish","format-standard","has-post-thumbnail","hentry","category-visible-minorities-fr","tag-citizenship-fr","tag-discriminations-fr","tag-exclusion-fr","tag-labor-market-fr","tag-minorities-fr","tag-switzerland-fr"],"acf":[],"aioseo_notices":[],"_links":{"self":[{"href":"https:\/\/nccr-onthemove.ch\/blog\/wp-json\/wp\/v2\/posts\/4879","targetHints":{"allow":["GET"]}}],"collection":[{"href":"https:\/\/nccr-onthemove.ch\/blog\/wp-json\/wp\/v2\/posts"}],"about":[{"href":"https:\/\/nccr-onthemove.ch\/blog\/wp-json\/wp\/v2\/types\/post"}],"author":[{"embeddable":true,"href":"https:\/\/nccr-onthemove.ch\/blog\/wp-json\/wp\/v2\/users\/121"}],"replies":[{"embeddable":true,"href":"https:\/\/nccr-onthemove.ch\/blog\/wp-json\/wp\/v2\/comments?post=4879"}],"version-history":[{"count":1,"href":"https:\/\/nccr-onthemove.ch\/blog\/wp-json\/wp\/v2\/posts\/4879\/revisions"}],"predecessor-version":[{"id":4880,"href":"https:\/\/nccr-onthemove.ch\/blog\/wp-json\/wp\/v2\/posts\/4879\/revisions\/4880"}],"wp:featuredmedia":[{"embeddable":true,"href":"https:\/\/nccr-onthemove.ch\/blog\/wp-json\/wp\/v2\/media\/4670"}],"wp:attachment":[{"href":"https:\/\/nccr-onthemove.ch\/blog\/wp-json\/wp\/v2\/media?parent=4879"}],"wp:term":[{"taxonomy":"category","embeddable":true,"href":"https:\/\/nccr-onthemove.ch\/blog\/wp-json\/wp\/v2\/categories?post=4879"},{"taxonomy":"post_tag","embeddable":true,"href":"https:\/\/nccr-onthemove.ch\/blog\/wp-json\/wp\/v2\/tags?post=4879"},{"taxonomy":"author","embeddable":true,"href":"https:\/\/nccr-onthemove.ch\/blog\/wp-json\/wp\/v2\/coauthors?post=4879"}],"curies":[{"name":"wp","href":"https:\/\/api.w.org\/{rel}","templated":true}]}}