{"id":5919,"date":"2020-06-23T11:00:49","date_gmt":"2020-06-23T09:00:49","guid":{"rendered":"https:\/\/blog.nccr-onthemove.ch\/?p=5919"},"modified":"2025-03-09T20:57:53","modified_gmt":"2025-03-09T19:57:53","slug":"le-soutien-aux-ultra-precaires-pendant-la-crise-du-covid-19","status":"publish","type":"post","link":"https:\/\/nccr-onthemove.ch\/blog\/le-soutien-aux-ultra-precaires-pendant-la-crise-du-covid-19\/","title":{"rendered":"Le soutien aux ultra-pr\u00e9caires pendant la crise du Covid-19"},"content":{"rendered":"<p><strong>Si la crise du Covid-19 a affect\u00e9 l\u2019ensemble de la population, elle a particuli\u00e8rement touch\u00e9 les personnes qui vivent dans la pr\u00e9carit\u00e9. Comment faire pour poursuivre le soutien aux plus d\u00e9muni\u00b7e\u00b7s et \u00e9viter que la crise ne vienne accentuer les in\u00e9galit\u00e9s sociales pr\u00e9existantes ? Le combat contre la propagation du virus ne passe-t-il pas aussi par une lutte pour prot\u00e9ger les personnes qui vivent dans la rue et qui sont particuli\u00e8rement expos\u00e9es au virus ?<\/strong><\/p>\n<p>La crise du Covid-19 a visibilis\u00e9 la pauvret\u00e9 et questionn\u00e9 la capacit\u00e9 de nos soci\u00e9t\u00e9s \u00e0 g\u00e9rer cette situation exceptionnelle tout en continuant \u00e0 venir en aide aux plus pr\u00e9caires. Les mesures \u00e9dict\u00e9es par les autorit\u00e9s f\u00e9d\u00e9rales ne sont pas applicables de la m\u00eame mani\u00e8re pour toutes et tous et ce rapport diff\u00e9renci\u00e9 aux mesures risque d\u2019avoir engendr\u00e9 de nouvelles disparit\u00e9s sociales. Pour pouvoir limiter au mieux l\u2019impact de l\u2019accroissement des in\u00e9galit\u00e9s, les structures d\u2019aide ont d\u00fb s\u2019adapter \u00e0 la situation. \u00c0 Gen\u00e8ve, les autorit\u00e9s ont d\u00e9cid\u00e9 de <a href=\"https:\/\/www.geneve.ch\/fr\/actualites\/dossiers-information\/covid-mesures-prises-ville-geneve\/dispositif-urgence-sociale\" target=\"_blank\" rel=\"noopener\">restructurer les dispositifs<\/a> pour respecter les normes sanitaires, notamment en regroupant un maximum de personnes dans des lieux plus spacieux que les structures habituelles (<a href=\"https:\/\/www.letemps.ch\/suisse\/coronavirus-geneve-sactive-proteger-sansabri\" target=\"_blank\" rel=\"noopener\">Le Temps<\/a>). Certains dispositifs plus petits ont toutefois continu\u00e9 \u00e0 fonctionner, ce qui a n\u00e9cessit\u00e9 d\u2019adapter leurs activit\u00e9s. Comment ces structures ont-elles travers\u00e9 la crise ? Ont-elles fait face \u00e0 un accroissement et\/ou \u00e0 une diversification des demandes d\u2019aide ?<\/p>\n<p><strong>Carrefour-Rue <\/strong><\/p>\n<p>Pour poursuivre son action, <a href=\"https:\/\/www.carrefour-rue.ch\/\" target=\"_blank\" rel=\"noopener\">Carrefour-Rue<\/a>, une fondation priv\u00e9e dont le but est de venir en aide aux personnes d\u00e9munies ou sans logement, a d\u00fb r\u00e9duire de moiti\u00e9 le nombre de places d\u2019h\u00e9bergement de son foyer afin de respecter les normes hygi\u00e9niques. Des solutions de relogement ont \u00e9t\u00e9 trouv\u00e9es pour les personnes ne pouvant plus \u00eatre h\u00e9berg\u00e9es sur place. Quant aux repas, ordinairement distribu\u00e9s \u00e0 l\u2019int\u00e9rieur d\u2019un b\u00e2timent, ils ont \u00e9t\u00e9 distribu\u00e9s \u00e0 l\u2019emporter. Comme l\u2019explique Yann Aebersold, travailleur social, la poursuite de cette action a n\u00e9cessit\u00e9 que de nouveaux protocoles sanitaires soient respect\u00e9s, ce qui a entra\u00een\u00e9 des co\u00fbts suppl\u00e9mentaires. Paradoxe de la situation : le nombre de repas distribu\u00e9s a nettement augment\u00e9 pendant la crise. Si les sources de financement sont rest\u00e9es stables, le travail a par contre augment\u00e9 et les ressources humaines ont diminu\u00e9. En effet, une part importante des b\u00e9n\u00e9voles entrant dans la cat\u00e9gorie des individus \u00e0 risque, ils\/elles n\u2019ont plus pu intervenir sur le terrain.<\/p>\n<p><strong>Le Car\u00e9<\/strong><\/p>\n<p><a href=\"https:\/\/www.lecare.ch\/\" target=\"_blank\" rel=\"noopener\">Le Car\u00e9<\/a> est une association d\u2019accueil pour personnes en situation pr\u00e9caire, incluant une part importante de personnes sans statut de s\u00e9jour stable. L\u2019association a fait face \u00e0 des d\u00e9fis similaires avec un nombre de b\u00e9n\u00e9voles restreint et des demandes de repas, servis \u00e0 l\u2019emporter durant la crise, en augmentation. La limitation du nombre de b\u00e9n\u00e9ficiaires pr\u00e9sent\u00b7e\u00b7s en m\u00eame temps sur le site a toutefois permis de concentrer les efforts. Selon Amir Kellou, travailleur social, Le Car\u00e9 a pour sp\u00e9cificit\u00e9 d\u2019avoir \u00e9t\u00e9 une des seules associations \u00e0 avoir pu maintenir la quasi-totalit\u00e9 de ses prestations et activit\u00e9s depuis le d\u00e9but de la crise. Pour y parvenir, il a fallu limiter le nombre de personnes pouvant acc\u00e9der en m\u00eame temps \u00e0 la structure. Amir Kellou explique que si, pendant les premiers temps, le focus \u00e9tait plac\u00e9 sur la n\u00e9cessit\u00e9 de pouvoir fournir douches et repas, il a ensuite \u00e9t\u00e9 possible de d\u00e9passer ce stade et de ne pas oublier la dimension de l\u2019\u00e9coute et du partage. Selon lui, le fait de ne pas avoir n\u00e9glig\u00e9 ces moments d\u2019\u00e9change a permis de mener un travail de sensibilisation \u00e0 la crise, ce qui est essentiel.<\/p>\n<p>Dans le cas de ces deux associations, le nombre de demandes d\u2019aide a augment\u00e9 durant la p\u00e9riode de mi-mars \u00e0 mi-mai. Yann Aebersold s\u2019inqui\u00e8te du fait que les dispositifs existants sont satur\u00e9s et se demande ce qu\u2019il est advenu des gens qui n\u2019ont pas trouv\u00e9 de place de logement. Les gens vivant dans une grande pr\u00e9carit\u00e9, en particulier ceux qui n\u2019ont pas de logement, ont \u00e9t\u00e9 tr\u00e8s expos\u00e9s au risque d\u2019\u00eatre contamin\u00e9s par le virus (<a href=\"https:\/\/www.rts.ch\/info\/suisse\/11319725-les-genevois-les-plus-pauvres-sont-quatre-fois-plus-exposes-au-covid-19.html\" target=\"_blank\" rel=\"noopener\">RTS<\/a>). On peut supposer que certaines personnes vivant dans l\u2019invisibilit\u00e9, notamment par peur d\u2019un renvoi li\u00e9 \u00e0 leur statut de s\u00e9jour, n\u2018ont pas eu recours aux services m\u00e9dico-sociaux en cas de maladie. Les efforts de protection de ces populations pr\u00e9caires sont n\u00e9cessaires, par respect pour leur dignit\u00e9, mais \u00e9galement pour limiter la propagation du virus comme on l\u2019a constat\u00e9 dans d\u2019autres contextes (<a href=\"https:\/\/www.aljazeera.com\/news\/2020\/05\/singapores-migrant-workers-form-20-000-virus-cases-200506061826786.html\" target=\"_blank\" rel=\"noopener\">Al Jazeera<\/a>).<\/p>\n<p><strong>La crise du Covid-19 a accentu\u00e9 et visibilis\u00e9 la pr\u00e9carit\u00e9 \u00e0 Gen\u00e8ve<\/strong><\/p>\n<p>La situation de crise a amen\u00e9 une pr\u00e9carisation intense de certaines couches de la soci\u00e9t\u00e9 (<a href=\"https:\/\/www.ilo.org\/global\/about-the-ilo\/newsroom\/news\/WCMS_740101\/lang--en\/index.htm\" target=\"_blank\" rel=\"noopener\">ILO<\/a>), en particulier les travailleurs\u00b7euses sans-papiers qui n\u2019ont pas eu acc\u00e8s aux prestations du ch\u00f4mage (<a href=\"https:\/\/www.letemps.ch\/suisse\/fragilite-sanspapiers-accentuee-crise-sanitaire\" target=\"_blank\" rel=\"noopener\">Le Temps<\/a>). Il semble qu\u2019une part importante de celles et ceux qui \u00e9voluaient jusque-l\u00e0 dans l\u2019invisibilit\u00e9 a \u00e9t\u00e9 contrainte de faire appel aux services d\u2019aide, comme en t\u00e9moignent notamment les files d\u2019attente pour les distributions de nourriture organis\u00e9es \u00e0 la patinoire des Vernets (<a href=\"https:\/\/www.letemps.ch\/suisse\/geneve-heures-dattente-un-sac-nourriture\" target=\"_blank\" rel=\"noopener\">Le Temps<\/a>). Cela est corr\u00e9l\u00e9 par les t\u00e9moignages de travailleurs\u00b7euses sociaux\u00b7ales qui donnent \u00e0 penser que des profils nouveaux ont fait appel \u00e0 leurs services, notamment des familles de travailleurs\u00b7euses sans-papiers qui n\u2019avaient pas assez pour se nourrir. La crise a provoqu\u00e9 une visibilisation de r\u00e9alit\u00e9s souterraines de nos soci\u00e9t\u00e9s (Voirol, 2005 ; Mastrangelo, 2019a, 2019b), notamment la pr\u00e9sence d\u2019un nombre consid\u00e9rable de sans-papiers qui vivent dans des conditions de grande pr\u00e9carit\u00e9 \u00e0 Gen\u00e8ve, ville dont on a encore trop souvent tendance \u00e0 croire qu\u2019elle ne comprend que la r\u00e9alit\u00e9 des grandes organisations internationales et du monde de la finance. La crise remettra-t-elle en question certaines formes de solidarit\u00e9 (<a href=\"\/?p=5605&amp;lang=fr\" target=\"_blank\" rel=\"noopener\">Piccoli &amp; Dzankic 2020<\/a>) et accentuera-t-elle la suspicion envers les migrant\u00b7e s (<a href=\"https:\/\/www.mpg.de\/14741776\/covid-19-and-enduring-stigma\" target=\"_blank\" rel=\"noopener\">Vertovec 2020<\/a>) ? Ou provoquera-t-elle une prise de conscience collective de l\u2019existence de r\u00e9alit\u00e9s invisibles qui contribuent \u00e0 faire fonctionner nos soci\u00e9t\u00e9s ?<\/p>\n<p><em><a href=\"https:\/\/www.unine.ch\/sfm\/fr\/home\/presentation\/collaborateurs\/mastrangelo.html\" target=\"_blank\" rel=\"noopener\">Simon Mastrangelo<\/a> travaille au <a href=\"https:\/\/www.unine.ch\/sfm\/sfm\" target=\"_blank\" rel=\"noopener\">Forum suisse pour l\u2019\u00e9tude des migrations et de la population (SFM)<\/a> en tant que postdoctorant (SNF Project \u201cAn Improbable Commitment? Explaining the Political Engagement of Naturalized Citizens for the Swiss People&#8217;s Party\u201d dirig\u00e9 par Prof. Gianni D\u2019Amato). Il est \u00e9galement coordinateur scientifique du centre de comp\u00e9tences <a href=\"https:\/\/www.hevs.ch\/fr\/rad-instituts\/institut-travail-social\/activites-instituts\/territoire-diversite-et-migration-21453\" target=\"_blank\" rel=\"noopener\">Territoire, diversit\u00e9 et migration<\/a> (HES-SO Valais). <\/em><\/p>\n<p>R\u00e9f\u00e9rences:<\/p>\n<p>\u2013 Al-Jazeera (06.05.2020). <a href=\"https:\/\/www.aljazeera.com\/news\/2020\/05\/singapores-migrant-workers-form-20-000-virus-cases-200506061826786.html\" target=\"_blank\" rel=\"noopener\">Most of Singapore&#8217;s 20,000 coronavirus cases are migrant workers<\/a>.<br \/>\n\u2013 International Labour Organization (ILO) (30.03.2020). <a href=\"https:\/\/www.ilo.org\/global\/about-the-ilo\/newsroom\/news\/WCMS_740101\/lang--en\/index.htm\" target=\"_blank\" rel=\"noopener\">COVID-19 cruelly highlights inequalities and threatens to deepen them<\/a>.<br \/>\n\u2013 Le Temps (18.03.2020). <a href=\"https:\/\/www.letemps.ch\/suisse\/coronavirus-geneve-sactive-proteger-sansabri\" target=\"_blank\" rel=\"noopener\">Coronavirus: Gen\u00e8ve s\u2019active pour prot\u00e9ger les sans-abri<\/a>.<br \/>\n\u2013 Le Temps (22.04.2020). <a href=\"https:\/\/www.letemps.ch\/suisse\/fragilite-sanspapiers-accentuee-crise-sanitaire\" target=\"_blank\" rel=\"noopener\">La fragilit\u00e9 des sans-papiers accentu\u00e9e par la crise sanitaire<\/a>.<br \/>\n\u2013 Le Temps (03.05.2020). <a href=\"https:\/\/www.letemps.ch\/suisse\/geneve-heures-dattente-un-sac-nourriture\" target=\"_blank\" rel=\"noopener\">A Gen\u00e8ve, des heures d\u2019attente pour un sac de nourriture<\/a>.<br \/>\n\u2013 Mastrangelo, Simon (2019a). <em>\u00c9migrer en qu\u00eate de dignit\u00e9. Tunisiens entre d\u00e9sillusions et espoirs<\/em>. Tours : Presses universitaires Fran\u00e7ois-Rabelais.<br \/>\n\u2013 Mastrangelo, Simon (2019b). Un sans-papiers \u00e0 la mosqu\u00e9e. Se rendre visible quand on est invisible ailleurs. In : Salzbrunn, Monika (\u00e9d.), <em>L\u2019islam (in)visible en ville<\/em>, Gen\u00e8ve, Labor et Fides, 163-181.<br \/>\n\u2013 Piccoli, Lorenzo and Dzankic, Jelena (2020). <a href=\"\/?p=5605\" target=\"_blank\" rel=\"noopener\">How COVID-19 Is Altering Our Conception of Citizenship<\/a>.\u201d nccr \u2013 on the move blog (19.03.2020)<br \/>\n\u2013 RTS (12.05.2020). <a href=\"https:\/\/www.rts.ch\/info\/suisse\/11319725-les-genevois-les-plus-pauvres-sont-quatre-fois-plus-exposes-au-covid-19.html\" target=\"_blank\" rel=\"noopener\">Les Genevois les plus pauvres sont quatre fois plus expos\u00e9s au Covid-19<\/a>.<br \/>\n\u2013 Vertovec, Steven (2020). <a href=\"https:\/\/www.mpg.de\/14741776\/covid-19-and-enduring-stigma\" target=\"_blank\" rel=\"noopener\">Covid-19 and enduring stigma. The corona pandemic increases xenophobia and exclusion worldwide<\/a> (27.04.2020).<br \/>\n\u2013 Voirol, Olivier (2005). \u00ab Visibilit\u00e9 et invisibilit\u00e9 \u00bb : une introduction, <em>R\u00e9seaux<\/em> 129-130, 9-36.<\/p>\n","protected":false},"excerpt":{"rendered":"<p>Si la crise du Covid-19 a affect\u00e9 l\u2019ensemble de la population, elle a particuli\u00e8rement touch\u00e9 les personnes qui vivent dans la pr\u00e9carit\u00e9. Comment faire pour poursuivre le soutien aux plus d\u00e9muni\u00b7e\u00b7s et \u00e9viter que la crise ne vienne accentuer les in\u00e9galit\u00e9s sociales pr\u00e9existantes ? Le combat contre la propagation du<\/p>\n","protected":false},"author":165,"featured_media":5868,"comment_status":"open","ping_status":"closed","sticky":false,"template":"","format":"standard","meta":{"_acf_changed":false,"footnotes":""},"categories":[1],"tags":[220,551,792,234],"coauthors":[823],"class_list":["post-5919","post","type-post","status-publish","format-standard","has-post-thumbnail","hentry","category-uncategorized","tag-exclusion","tag-social-work","tag-solidarity","tag-switzerland"],"acf":[],"aioseo_notices":[],"_links":{"self":[{"href":"https:\/\/nccr-onthemove.ch\/blog\/wp-json\/wp\/v2\/posts\/5919","targetHints":{"allow":["GET"]}}],"collection":[{"href":"https:\/\/nccr-onthemove.ch\/blog\/wp-json\/wp\/v2\/posts"}],"about":[{"href":"https:\/\/nccr-onthemove.ch\/blog\/wp-json\/wp\/v2\/types\/post"}],"author":[{"embeddable":true,"href":"https:\/\/nccr-onthemove.ch\/blog\/wp-json\/wp\/v2\/users\/165"}],"replies":[{"embeddable":true,"href":"https:\/\/nccr-onthemove.ch\/blog\/wp-json\/wp\/v2\/comments?post=5919"}],"version-history":[{"count":7,"href":"https:\/\/nccr-onthemove.ch\/blog\/wp-json\/wp\/v2\/posts\/5919\/revisions"}],"predecessor-version":[{"id":5928,"href":"https:\/\/nccr-onthemove.ch\/blog\/wp-json\/wp\/v2\/posts\/5919\/revisions\/5928"}],"wp:featuredmedia":[{"embeddable":true,"href":"https:\/\/nccr-onthemove.ch\/blog\/wp-json\/wp\/v2\/media\/5868"}],"wp:attachment":[{"href":"https:\/\/nccr-onthemove.ch\/blog\/wp-json\/wp\/v2\/media?parent=5919"}],"wp:term":[{"taxonomy":"category","embeddable":true,"href":"https:\/\/nccr-onthemove.ch\/blog\/wp-json\/wp\/v2\/categories?post=5919"},{"taxonomy":"post_tag","embeddable":true,"href":"https:\/\/nccr-onthemove.ch\/blog\/wp-json\/wp\/v2\/tags?post=5919"},{"taxonomy":"author","embeddable":true,"href":"https:\/\/nccr-onthemove.ch\/blog\/wp-json\/wp\/v2\/coauthors?post=5919"}],"curies":[{"name":"wp","href":"https:\/\/api.w.org\/{rel}","templated":true}]}}