{"id":6313,"date":"2020-10-27T09:30:36","date_gmt":"2020-10-27T08:30:36","guid":{"rendered":"https:\/\/blog.nccr-onthemove.ch\/?p=6313"},"modified":"2025-03-09T20:47:10","modified_gmt":"2025-03-09T19:47:10","slug":"abuse-a-structuring-and-performative-notion-in-the-field-of-asylum","status":"publish","type":"post","link":"https:\/\/nccr-onthemove.ch\/blog\/abuse-a-structuring-and-performative-notion-in-the-field-of-asylum\/","title":{"rendered":"&#8220;Abuse&#8221; : a structuring and performative notion in the field of asylum"},"content":{"rendered":"<p><strong>The notion of abuse is omnipresent in the public debate on asylum. This discursive device has emerged as the inseparable counterpart of asylum both in social and political discourse as well as in the practices of actors implementing asylum law. It is a lens through which the problems and solutions related to the field of asylum are contemplated. But what are the forms and expressions of abuse in the Swiss asylum context? We explore some elements of response based on the findings of our edited book published today: \u201cAbus et asile \/ Asyl und Missbrauch\u201d (Leyvraz, Rey, Rosset and St\u00fcnzi, 2020).<\/strong><\/p>\n<p>Among the many discourses that have accompanied the politicization and polarization of asylum in Switzerland since the 1980s, the rhetoric of the &#8220;fight against&#8221; has been the most prominent. Alongside the stated objectives of speeding up asylum procedures and reducing the attractiveness of the country, &#8220;the fight against abuses of the asylum system&#8221; has become a mantra, a preamble to every political declaration on the subject of asylum and refugees.<\/p>\n<p>Borrowing from older discursive patterns and representations of immigration in Switzerland (Maire, 2020), the rhetoric of abuse in the field of asylum can be traced back to the 1950s. Yet, its solidification in official and political discourse occurred during the second revision of the Asylum Act (1983), in a context characterized by increasing (and undesired) asylum applications and diversification of the countries of origin of the applicants.<\/p>\n<p><strong>The multiple meanings of abuse<\/strong><\/p>\n<p>The primary meaning of the notion of abuse emerged during the early 1980s. Based on the distinctions between &#8220;real&#8221; and &#8220;bogus&#8221; refugees, it refers to asylum claims that are considered ill-founded. The dichotomy between real\/fake, good\/bad, genuine\/abusive triggers an emotional &#8211; but also a moral and a political response. Indeed, it suggests that the integrity of the asylum system is threatened, financial resources misused and control over immigration lost (St\u00fcnzi and Miaz, 2020).<\/p>\n<p>In the 1980s, \u201cabuse\u201d came to also encompass the idea that asylum-seekers purposefully engaged in misleading behavior to slow down the procedure. Destruction of identity documents, concealment of identity, multiple applications, and lack of cooperation aiming at extraordinary legal procedures. Such a portrayal of abuse implies that asylum-seekers are taking advantage of a na\u00efve and overly lenient system.<\/p>\n<p>Later, in the early 1990s, the concept went on to cover an additional meaning, that of petty crime linked to drug trafficking. It was given considerable credit for the controversies related to the open drug scenes in Zurich. The notion continued to be used in the 2000s, largely at the instigation of the Swiss People&#8217;s Party (SVP), whose electoral progress benefited from the framing of the issue of asylum in terms of &#8220;abuse&#8221; and depicting (failed) asylum seekers as &#8220;bogus criminal refugees.&#8221;<\/p>\n<p><strong>Mobilizing \u201cabuse\u201d <\/strong><\/p>\n<p>The notion of abuse has been regularly mobilized by political forces to gain the necessary support to pass restrictive bills. Its impact on past and present legislation is for example evident in the Swiss Parliament on the cutting of social benefits for failed asylum seekers (Rey and Leyvraz, 2020) or for persons who have been granted temporary admission (Sille, 2020). As the meaning of \u201cabuse\u201d gradually came to encompass a broader variety of behaviors and situations, restrictive measures increased to such extent as to undermine fundamental rights and to question certain foundations of the rule of law. The right to an effective remedy, access to asylum procedures and personal liberty are just but a few examples. The difficulty of enforcing removal decisions and the delinquency of certain asylum seekers has legitimized long periods of detention.<\/p>\n<p>This being said, the stated objectives of the restrictions \u2013 to enforce removals and reduce attractiveness \u2013 tend to hide the expected, domestic, political gain the discourse on abuses can help achieve. Regardless of the effectiveness and human consequences of increasing restrictions, advocating for restrictive asylum policies is directed at the electorate, as a discursive commitment to the defense of national sovereignty.<\/p>\n<p><strong>Abuse in everyday practices<\/strong><\/p>\n<p>The &#8220;fight against abuse&#8221; has not only conditioned the political debates and the frenetic development of the asylum legislation, but also affects the everyday practices related to the implementation of laws and regulations (Massara, 2020). Fear and suspicion drive the actions and decisions of judicial and administrative agents on refugee status determination (Miaz, 2020) and administrative detention (Rezzonico, 2020). These agents not only mobilize the notion of asylum, but also the social construct associated with it to perform their work. The perception that (failed) asylum seekers are bogus claimants abusing the system saturates the implementation of asylum law.<\/p>\n<p>The consequences of the rhetoric of the \u201cfight against abuse\u201d on the Swiss asylum system are considerable; it is the lens through which the question of asylum is framed, understood, debated and acted upon. The contributions to the edited volume \u201cAsile et abus \/ Asyl und Missbrauch\u201d (Leyvraz, Rey, Rosset and St\u00fcnzi, 2020) all shed light on particular aspects of this dominant discourse. The book shows the structuring power of the notion of abuse in societal debates, institutional processes and bureaucratic practices in the field of asylum in Switzerland.<\/p>\n<p><em>Anne-C\u00e9cile Leyvraz is a research fellow at the University of Applied Sciences and Arts Western Switzerland (HETSL | HES-SO). Rapha\u00ebl Rey is a doctoral student in Social Sciences at the University of Neuch\u00e2tel. Damian Rosset is a Postdoctoral researcher at the University of Neuch\u00e2tel. Robin Stunzi is a Scientific Officer <\/em><em>of the NCCR. <\/em><\/p>\n<p>Reference:<\/p>\n<p>&#8211; Leyvraz, Anne-C\u00e9cile, Rapha\u00ebl Rey, Damian Rosset et Robin St\u00fcnzi (dir.) (2020). <a href=\"https:\/\/www.seismoverlag.ch\/de\/daten\/asyl-und-missbrauch\/\" target=\"_blank\" rel=\"noopener\">Asile et Abus \u2013 Regards pluridisciplinaires sur un discours dominant \/ Asyl und Missbrauch \u2013 Multidisziplin\u00e4re Perspektiven auf einen vorherrschenden Diskurs<\/a>, Zurich: Seismo. (Available in print and in <a href=\"https:\/\/www.seismoverlag.ch\/site\/assets\/files\/16378\/oa_9782883510944_leyvraz.pdf\" target=\"_blank\" rel=\"noopener\">open access<\/a>)<\/p>\n<p><a href=\"https:\/\/nccr-onthemove.ch\/blog\/wp-content\/uploads\/2020\/10\/Book-Cover_high-res.jpg\"><img loading=\"lazy\" decoding=\"async\" class=\"aligncenter wp-image-6408 size-medium\" src=\"https:\/\/nccr-onthemove.ch\/blog\/wp-content\/uploads\/2020\/10\/Book-Cover_high-res-207x300.jpg\" alt=\"\" width=\"207\" height=\"300\" srcset=\"https:\/\/nccr-onthemove.ch\/blog\/wp-content\/uploads\/2020\/10\/Book-Cover_high-res-207x300.jpg 207w, https:\/\/nccr-onthemove.ch\/blog\/wp-content\/uploads\/2020\/10\/Book-Cover_high-res-768x1114.jpg 768w, https:\/\/nccr-onthemove.ch\/blog\/wp-content\/uploads\/2020\/10\/Book-Cover_high-res-706x1024.jpg 706w, https:\/\/nccr-onthemove.ch\/blog\/wp-content\/uploads\/2020\/10\/Book-Cover_high-res.jpg 916w\" sizes=\"auto, (max-width: 207px) 100vw, 207px\" \/><\/a><\/p>\n<p><a href=\"https:\/\/nccr-onthemove.ch\/blog\/wp-content\/uploads\/2020\/10\/Table_of_contents2.jpg\"><img loading=\"lazy\" decoding=\"async\" class=\"aligncenter wp-image-6412 size-large\" src=\"https:\/\/nccr-onthemove.ch\/blog\/wp-content\/uploads\/2020\/10\/Table_of_contents2-1024x686.jpg\" alt=\"\" width=\"900\" height=\"603\" srcset=\"https:\/\/nccr-onthemove.ch\/blog\/wp-content\/uploads\/2020\/10\/Table_of_contents2-1024x686.jpg 1024w, https:\/\/nccr-onthemove.ch\/blog\/wp-content\/uploads\/2020\/10\/Table_of_contents2-300x201.jpg 300w, https:\/\/nccr-onthemove.ch\/blog\/wp-content\/uploads\/2020\/10\/Table_of_contents2-768x515.jpg 768w\" sizes=\"auto, (max-width: 900px) 100vw, 900px\" \/><\/a><\/p>\n","protected":false},"excerpt":{"rendered":"<p>The notion of abuse is omnipresent in the public debate on asylum. This discursive device has emerged as the inseparable counterpart of asylum both in social and political discourse as well as in the practices of actors implementing asylum law. It is a lens through which the problems and solutions<\/p>\n","protected":false},"author":55,"featured_media":6297,"comment_status":"open","ping_status":"closed","sticky":false,"template":"","format":"standard","meta":{"_acf_changed":false,"footnotes":""},"categories":[849],"tags":[208,640,234],"coauthors":[372,854,856,368],"class_list":["post-6313","post","type-post","status-publish","format-standard","has-post-thumbnail","hentry","category-swiss-asylum-policy-and-legislation","tag-asylum-refugees","tag-policyresearch","tag-switzerland"],"acf":[],"aioseo_notices":[],"_links":{"self":[{"href":"https:\/\/nccr-onthemove.ch\/blog\/wp-json\/wp\/v2\/posts\/6313","targetHints":{"allow":["GET"]}}],"collection":[{"href":"https:\/\/nccr-onthemove.ch\/blog\/wp-json\/wp\/v2\/posts"}],"about":[{"href":"https:\/\/nccr-onthemove.ch\/blog\/wp-json\/wp\/v2\/types\/post"}],"author":[{"embeddable":true,"href":"https:\/\/nccr-onthemove.ch\/blog\/wp-json\/wp\/v2\/users\/55"}],"replies":[{"embeddable":true,"href":"https:\/\/nccr-onthemove.ch\/blog\/wp-json\/wp\/v2\/comments?post=6313"}],"version-history":[{"count":25,"href":"https:\/\/nccr-onthemove.ch\/blog\/wp-json\/wp\/v2\/posts\/6313\/revisions"}],"predecessor-version":[{"id":6433,"href":"https:\/\/nccr-onthemove.ch\/blog\/wp-json\/wp\/v2\/posts\/6313\/revisions\/6433"}],"wp:featuredmedia":[{"embeddable":true,"href":"https:\/\/nccr-onthemove.ch\/blog\/wp-json\/wp\/v2\/media\/6297"}],"wp:attachment":[{"href":"https:\/\/nccr-onthemove.ch\/blog\/wp-json\/wp\/v2\/media?parent=6313"}],"wp:term":[{"taxonomy":"category","embeddable":true,"href":"https:\/\/nccr-onthemove.ch\/blog\/wp-json\/wp\/v2\/categories?post=6313"},{"taxonomy":"post_tag","embeddable":true,"href":"https:\/\/nccr-onthemove.ch\/blog\/wp-json\/wp\/v2\/tags?post=6313"},{"taxonomy":"author","embeddable":true,"href":"https:\/\/nccr-onthemove.ch\/blog\/wp-json\/wp\/v2\/coauthors?post=6313"}],"curies":[{"name":"wp","href":"https:\/\/api.w.org\/{rel}","templated":true}]}}