{"id":6441,"date":"2020-11-19T09:30:57","date_gmt":"2020-11-19T08:30:57","guid":{"rendered":"https:\/\/blog.nccr-onthemove.ch\/?p=6441"},"modified":"2025-03-09T20:40:42","modified_gmt":"2025-03-09T19:40:42","slug":"what-forms-of-migration-and-mobility-will-we-condemn-in-2050","status":"publish","type":"post","link":"https:\/\/nccr-onthemove.ch\/blog\/what-forms-of-migration-and-mobility-will-we-condemn-in-2050\/","title":{"rendered":"What Forms of Migration and Mobility Will We Condemn in 2050?"},"content":{"rendered":"<p><strong>Some of the ways we practice and regulate human movement today may be fundamentally reassessed in the future. The Covid-19 pandemic, the ensuing travel restrictions, and the social experience of being in lockdown may trigger or accelerate a profound transformation in how we perceive human movement and its social impact, environmental consequences, and spatial changes. The blog series that begins with this contribution presents a collection of reflections about the question: What forms of migration and mobility will we condemn in 2050?<\/strong><\/p>\n<p>Human movement is embedded in normative discourses about its social, environmental, and spatial impact. As these discourses evolve, certain forms of migration and mobility that we have taken for granted may appear in a different light. Colonial expeditions, the slave trade, racial criteria for selecting immigrants, forced expulsion of religious minorities: these are some instances of human movement that are considered morally unacceptable today. By the same token, some of the ways we practice and regulate human movement in the present may be fundamentally reassessed by future generations, triggering feelings of responsibility, regret, or even shame. We take up this issue and ask our researchers the following question: What forms of migration and mobility will we condemn in 2050?<\/p>\n<p>We could, for example, imagine that in 2050 we will hide old flight tickets in an attempt to distance ourselves from practices that are heavily contributing to greenhouse gas emissions and global warming (Sheller 2018). Many of us academics may even deny that we ever traveled to a conference on a different continent. Others may claim they took to the streets to protest against European governments\u2019 failings during the so-called refugee crisis\u2019 and, more generally, against their moral failings in the field of asylum and refugee policy (Hamood 2008). Perhaps future generations will berate every kind of politics vis-\u00e0-vis international migration, realizing the ideas of those who argue that closed borders are not morally justifiable (Carens 1987). Or, maybe, by 2050, our societies will reassess the value of mobility in general. Having celebrated movement as a source of freedom and progress, we may rediscover the beauty of staying put and decry the hyper-mobile society\u2019s stresses and inequalities (Emmanuel Ravalet et al. 2014). These are only some examples of how different forms of migration and mobility that we consider normal today may be seen in a different light tomorrow.<\/p>\n<p>The Covid-19 pandemic, the ensuing travel restrictions, and the social experience of being in lockdown may trigger or accelerate profound transformations. For instance, the virus has already changed tourism-related mobility: in 2020, people traveled shorter distances and outside of big cities, mainly rejecting long-distance holidays in urban spaces (G\u00f6ssling, Scott and Hall 2020). Profound and long-lasting changes to human movement may also be dictated by the adaptation of transportation and urban design (Sharifi and Khavarian-Garmsir 2020). While some of these transformations are currently underway, it is difficult to predict whether they are here to stay.<\/p>\n<p>We have asked some of our researchers to provide examples of what forms of migration and mobility we may look back on with regret or shame 30 years down the line. This exercise differs slightly from the usual format of this blog. We are not eliciting full-fledged scientific analyses. Instead, we are collecting scientifically grounded opinions on how political and social change may transform our understanding of human movement. Our objective is to stimulate critical thinking that can advance the public debate. Migration and mobility are always associated with particular representations and meanings: while we cannot predict the future, we can sketch some ideas of how future generations may rethink the choices we make today.<\/p>\n<p><em><a href=\"https:\/\/nccr-onthemove.ch\/who-is-who\/people\/?p_id=5691\" target=\"_blank\" rel=\"noopener\">Lorenzo Piccoli<\/a> is the Scientific Officer of the nccr \u2013 on the move. He also works as a Research Associate for GLOBALCIT at the Robert Schuman Centre for Advanced Studies in Florence.<\/em><\/p>\n<p><em>If you want to participate in this online debate, get in touch with lorenzo.piccoli@nccr-onthemove.ch. We would be happy to discuss your additional proposals.<\/em><\/p>\n<p><em>Contributions of this blog series:\u00a0<\/em><\/p>\n<p>\u2013 Nick Van Haer, <a href=\"\/?p=6434\" target=\"_blank\" rel=\"noopener\">Immobilia <\/a>(24.11.2020)<br \/>\n\u2013 Laure Sandoz, <a href=\"\/?p=6486\" target=\"_blank\" rel=\"noopener\">The Future of My Dreams \u2013 The Future of My Nightmares<\/a> (3.12.2020)<br \/>\n\u2013 Marco Bitschnau, <a href=\"\/?p=6488\" target=\"_blank\" rel=\"noopener\">Don\u2019t Expect Too Much of 2050<\/a> (11.12.2020)<br \/>\n\u2013 Salomon Bennour, <a href=\"\/?p=6591\" target=\"_blank\" rel=\"noopener\">The Next Stop<\/a> (15.12.2020)<br \/>\n\u2013 Joanna Menet, <a href=\"\/?p=6606\" target=\"_blank\" rel=\"noopener\">A Day in a Marketplace<\/a> (22.12.2020)<br \/>\n<span style=\"display: inline !important; float: none; background-color: #ffffff; color: #333333; cursor: text; font-family: -apple-system,BlinkMacSystemFont,'Segoe UI',Roboto,Oxygen-Sans,Ubuntu,Cantarell,'Helvetica Neue',sans-serif; font-size: 16px; font-style: normal; font-variant: normal; font-weight: 400; letter-spacing: normal; orphans: 2; text-align: left; text-decoration: none; text-indent: 0px; text-transform: none; -webkit-text-stroke-width: 0px; white-space: normal; word-spacing: 0px;\">\u2013 <\/span>(Next contribution in January 2021)<\/p>\n<p>References:<\/p>\n<p>\u2013 Carens, J. H. (1987). <a href=\"https:\/\/doi.org\/10.1017\/S0034670500033817\" target=\"_blank\" rel=\"noopener\">Aliens and Citizens: The Case for Open Borders<\/a>, <em>The Review of Politics<\/em> 49(2), 251.<br \/>\n\u2013 Emmanuel Ravalet et al. (2014). <em>Tranches de vie mobile. Enqu\u00eate sociologique et manifeste sur la grande mobilit\u00e9 li\u00e9e au travail<\/em>. Lausanne: Loco, Forum vies mobiles.<br \/>\n\u2013 G\u00f6ssling, S., Scott, D. and Hall, C. M. (2020). <a href=\"https:\/\/doi.org\/10.1080\/09669582.2020.1758708\" target=\"_blank\" rel=\"noopener\">Pandemics, Tourism and Global Change: A Rapid Assessment of COVID-19<\/a>, <i>Journal of Sustainable Tourism<\/i> 29(1), 1\u201320.<br \/>\n\u2013 Hamood, S. (2008). <a href=\"https:\/\/doi.org\/10.1093\/jrs\/fem040\" target=\"_blank\" rel=\"noopener\">EU-Libya Cooperation on Migration: A Raw Deal for Refugees and Migrants?<\/a>, <em>Journal of Refugee Studies<\/em> 21(1), 19\u201342.<br \/>\n\u2013 Sharifi, A. and Khavarian-Garmsir, A. R. (2020). <a href=\"https:\/\/doi.org\/10.1016\/j.scitotenv.2020.142391\" target=\"_blank\" rel=\"noopener\">The COVID-19 Pandemic: Impacts on Cities and major Lessons for Urban Planning, Design, and Management<\/a>, <em>Science of the Total Environment<\/em> 749, 1\u20133.<br \/>\n\u2013 Sheller, M. (2018). <a href=\"https:\/\/www.versobooks.com\/books\/2901-mobility-justice\" target=\"_blank\" rel=\"noopener\"><em>Mobility Justice: The Politics of Movement in an Age of Extremes<\/em><\/a>. London: Verso.<\/p>\n","protected":false},"excerpt":{"rendered":"<p>Some of the ways we practice and regulate human movement today may be fundamentally reassessed in the future. The Covid-19 pandemic, the ensuing travel restrictions, and the social experience of being in lockdown may trigger or accelerate a profound transformation in how we perceive human movement and its social impact,<\/p>\n","protected":false},"author":53,"featured_media":6461,"comment_status":"open","ping_status":"closed","sticky":false,"template":"","format":"standard","meta":{"_acf_changed":false,"footnotes":""},"categories":[859],"tags":[209,212,218,220],"coauthors":[370],"class_list":["post-6441","post","type-post","status-publish","format-standard","has-post-thumbnail","hentry","category-migration-and-mobility-in-2050","tag-borders","tag-civil-society","tag-ethics","tag-exclusion"],"acf":[],"aioseo_notices":[],"_links":{"self":[{"href":"https:\/\/nccr-onthemove.ch\/blog\/wp-json\/wp\/v2\/posts\/6441","targetHints":{"allow":["GET"]}}],"collection":[{"href":"https:\/\/nccr-onthemove.ch\/blog\/wp-json\/wp\/v2\/posts"}],"about":[{"href":"https:\/\/nccr-onthemove.ch\/blog\/wp-json\/wp\/v2\/types\/post"}],"author":[{"embeddable":true,"href":"https:\/\/nccr-onthemove.ch\/blog\/wp-json\/wp\/v2\/users\/53"}],"replies":[{"embeddable":true,"href":"https:\/\/nccr-onthemove.ch\/blog\/wp-json\/wp\/v2\/comments?post=6441"}],"version-history":[{"count":14,"href":"https:\/\/nccr-onthemove.ch\/blog\/wp-json\/wp\/v2\/posts\/6441\/revisions"}],"predecessor-version":[{"id":9963,"href":"https:\/\/nccr-onthemove.ch\/blog\/wp-json\/wp\/v2\/posts\/6441\/revisions\/9963"}],"wp:featuredmedia":[{"embeddable":true,"href":"https:\/\/nccr-onthemove.ch\/blog\/wp-json\/wp\/v2\/media\/6461"}],"wp:attachment":[{"href":"https:\/\/nccr-onthemove.ch\/blog\/wp-json\/wp\/v2\/media?parent=6441"}],"wp:term":[{"taxonomy":"category","embeddable":true,"href":"https:\/\/nccr-onthemove.ch\/blog\/wp-json\/wp\/v2\/categories?post=6441"},{"taxonomy":"post_tag","embeddable":true,"href":"https:\/\/nccr-onthemove.ch\/blog\/wp-json\/wp\/v2\/tags?post=6441"},{"taxonomy":"author","embeddable":true,"href":"https:\/\/nccr-onthemove.ch\/blog\/wp-json\/wp\/v2\/coauthors?post=6441"}],"curies":[{"name":"wp","href":"https:\/\/api.w.org\/{rel}","templated":true}]}}