{"id":8063,"date":"2022-07-01T10:49:16","date_gmt":"2022-07-01T08:49:16","guid":{"rendered":"https:\/\/nccr-onthemove.ch\/blog\/?p=8063"},"modified":"2025-03-08T17:27:24","modified_gmt":"2025-03-08T16:27:24","slug":"from-objects-to-subjects-expanding-reflexivity-in-migration-studies","status":"publish","type":"post","link":"https:\/\/nccr-onthemove.ch\/blog\/from-objects-to-subjects-expanding-reflexivity-in-migration-studies\/","title":{"rendered":"From Objects to Subjects: Expanding Reflexivity in Migration Studies"},"content":{"rendered":"<p><strong>Reflexive approaches in migration studies have revealed the problems of traditional constructions of the objects of migration research. Much less attention has been paid to the subjects doing the research and the mechanisms that prevent the perspectives of scholars with their own \u2018migranticization\u2019 experiences to be adequately represented in knowledge production. Particularly for reflexive migration studies, questioning and overcoming these mechanisms should be a key concern. <\/strong><\/p>\n<p>What does it imply that those who study \u2018migrants\u2019 and racialized individuals are usually \u2018non-migrant,\u2019\u00a0 \u2018white\u2019 scholars? Migration scholars increasingly reflect on this question in terms of their positionality toward their research objects. Yet, the field that creates this profile of researchers, especially in the more advanced and secure positions is less problematized. Certainly, there is a growing awareness of the underrepresentation of scholars with their own experiences of \u2018migranticization\u2019 or racialization in academic conferences and journals, which has led for instance to initiatives to diversify conference panels. But the mechanisms (re-)producing differential opportunities to access positions within the field in the first place are still surprisingly little questioned.<\/p>\n<p><strong>Unequal Geographies of Knowledge Production<\/strong><\/p>\n<p>An approach that incorporates different scales should be considered when trying to understand these mechanisms producing differential opportunities. On the one hand, power structures on the global scale create unequal geographies of knowledge production. In particular, decolonial perspectives have contributed to highlighting how academic institutions in the Global North dominate the production of scientific knowledge on migration (e.g. Fiddian-Qasmiyeh, 2020; Khan, 2020; Mayblin &amp; Turner 2021; Vanyoro et al., 2019). This includes the power to distribute the capital needed to contribute to this knowledge \u2013 economic resources, access to networks, recognized degrees and journals \u2013 and above all, the symbolic power to define what is \u2018recognized\u2019 and \u2018scientifically relevant\u2019 knowledge or \u2018excellent research\u2019 deemed worthy to be funded. Research on migration conducted in the academic periphery (the Global South or Eastern Europe) thus remains largely invisible \u2013 unless it is led by scholars based in institutions in the Global North.<\/p>\n<p><strong>Barriers in the Academic Field<\/strong><\/p>\n<p>On the other hand, mechanisms within academic systems in the Global North may create particular barriers for students and scholars \u2018of color,\u2019 from migrant families or who migrated from countries ranked lower in the global academic hierarchy (see e.g. Guti\u00e9rrez Rodr\u00edguez et al., 2016; Kosnick, 2021; Thompson &amp; Zablotsky, 2016). In this context, \u2018migration background\u2019 and racialized difference closely intersect with other categories of difference, particularly social class and gender.<\/p>\n<p>The production of structural inequalities starts in education systems disadvantaging children from immigrant, working-class families. As many studies show, their likelihood of achieving a higher education degree, or a degree from a prestigious institution opening career prospects, is much lower than for the offspring of the non-migrant middle-class. Inequalities continue to be created through presumably \u2018color-blind\u2019 academic routines of distributing positions and resources that may institutionally discriminate against subjects, who are not part of the non-migrant, \u2018white\u2019 and middle-class norm. This includes the importance of disposing of the right networks in the academic field and discipline, international experiences in \u2018recognized\u2019 institutions (i.e. in the Global North), easiness in academic English, fast and linear academic trajectories, or simply the habitual similarity to the members of selection committees, i.e. the established scholars in the field.<\/p>\n<p>Furthermore, the precarious working conditions in academia \u2013 such as temporary contracts, insecure career prospects, high pressure to publish and secure third-party funds \u2013 may push especially those,\u00a0 who lack a secure legal status, or the financial resources and self-confidence \u2018inherited\u2019 from a middle-class family background to leave. Yet, all this is needed to survive in a highly competitive system until finally obtaining the unlikely permanent position. Experiences with everyday othering, racism or subtle exclusion may additionally exacerbate the feeling of being \u2018out of place\u2019 for the \u2018migranticized\u2019 students and scholars.<\/p>\n<p><strong>Implications for Knowledge Production<\/strong><\/p>\n<p>The mechanisms producing in\/exclusion within the academic field have a crucial impact on the knowledge production on migration. Knowledge is co-produced by the subjects doing the research. Their experiences, perspectives, (ascribed) identities and interests shape research topics, questions, approaches, and findings. As I experienced in a research project on social mobility among descendants of migrants from Turkey in Germany, it can already considerably change the narratives generated in biographical interviews whether the interview is conducted by someone with a German name and \u2018white\u2019 appearance, or by a colleague with a Turkish name. Often, such influence on the data collected is hardly reflected.<\/p>\n<p>Moreover, the impact of the research subject on knowledge production goes far beyond. One may assume for instance that the long, ongoing predominance of the \u2018integration paradigm\u2019 and only marginal attention to issues of discrimination and racism in migration studies relate to the dominance of \u2018majority society\u2019 perspectives among researchers who, at least unconsciously, have reproduced the widespread othering of migrants. Furthermore, it is obvious that the diffusion of more critical perspectives is strongly supported by researchers with their own experiences with \u2018migranticization\u2019 and racialization.<\/p>\n<p><strong>What Does This Mean for (Reflexive) Migration Studies?<\/strong><\/p>\n<p>Especially for reflexive migration studies, it should thus be a key concern to reflect on, criticize and work against exclusionary mechanisms in academia that prevent the perspectives, expertise, and experiences of \u2018migranticized\u2019 and racialized scholars to be adequately represented in the knowledge production. This not only requires reflecting on one&#8217;s own (privileged) position in the academic field. It also means questioning established, and possibly cherished routines in our own institutions as well as the \u2018rules\u2019 of the \u2018academic game\u2019 more profoundly.<\/p>\n<p><img loading=\"lazy\" decoding=\"async\" class=\"size-full wp-image-7894 aligncenter\" src=\"https:\/\/nccr-onthemove.ch\/blog\/wp-content\/uploads\/2022\/06\/reflex_studies_logo-e1654246949359.png\" alt=\"\" width=\"150\" height=\"75\" \/><\/p>\n<p>This blog series is a collaboration between the <a href=\"https:\/\/www.imiscoe.org\/research\/standing-committees\/927-reflexive-migration-studies\">IMISCOE Standing Committee \u2018Reflexivities in Migration Studies\u2019<\/a> and the <a href=\"https:\/\/nccr-onthemove.ch\/\" target=\"_blank\" rel=\"noopener\">nccr \u2013 on the move.<\/a><\/p>\n<p><em><a href=\"https:\/\/www.imis.uni-osnabrueck.de\/personen\/imis_mitglieder\/lang_christine.html\" target=\"_blank\" rel=\"noopener\">Christine Lang<\/a> is a postdoctoral researcher at the Institute for Migration Research and Intercultural Studies (IMIS) at Osnabrueck University, Germany. Her research interests include diversity and discrimination in organizations, educational and professional careers in immigration contexts, local governance of migration and diversity, and the international recruitment and mobility of health professionals.<\/em><\/p>\n<p>References:<\/p>\n<p>\u2013 Fiddian-Qasmiyeh, E. (2020). <a href=\"https:\/\/doi.org\/10.3167\/arms.2020.030102\" target=\"_blank\" rel=\"noopener\">Introduction: Recentering the South in Studies of Migration<\/a>. <em>Migration and Society<\/em>, <em>3<\/em>(1), 1\u201318.<br \/>\n\u2013 Guti\u00e9rrez Rodr\u00edguez, E., Ha, K. N., Hutta, J. S., Kess\u00e9, E. N., Laufenberg, M., &amp; Schmitt, L. (2016). <a href=\"https:\/\/doi.org\/10.36900\/suburban.v4i2\/3.262\" target=\"_blank\" rel=\"noopener\">Rassismus, Klassenverh\u00e4ltnisse und Geschlecht an deutschen Hochschulen. Ein runder Tisch, der aneckt<\/a>. <em>sub\\urban. zeitschrift f\u00fcr kritische stadtforschung<\/em>, <em>4<\/em>(2\/3), 161\u2013190.<br \/>\n\u2013 Khan, T. (2020). <a href=\"https:\/\/doi.org\/10.51428\/tsr.ikxf1540\" target=\"_blank\" rel=\"noopener\">Research by the developed on the developing \u2013 View from the \u201cresearched<\/a>\u201d. <em>The Sociological Review Magazine<\/em>.<br \/>\n\u2013 Kosnick, K. (2021). <a href=\"https:\/\/doi.org\/10.48439\/ZMF.V1I2.115\" target=\"_blank\" rel=\"noopener\">Decolonizing Migration Studies? Thinking about Migration Studies from the Margins.<\/a> <em>Zeitschrift F\u00fcr Migrationsforschung \/ Journal of Migration Studies<\/em>, <em>1<\/em>(2), 73\u201395.<br \/>\n\u2013 Mayblin, L., &amp; Turner, J. (2021). <em>Migration studies and colonialism<\/em>. Cambridge: Polity.<br \/>\n\u2013 Thompson, V. E., &amp; Zablotsky, V. (2016). Rethinking diversity in academic institutions. For a repoliticization of difference as a matter of social justice. <em>Wagadu: A Journal of Transnational Women\u2019s and Gender Studies<\/em>, <em>16<\/em>, 77\u201395.<br \/>\n\u2013 Vanyoro, K. P., Hadj-Abdou, L., &amp; Dempster, H. (2019, July 19). <a href=\"https:\/\/blogs.lse.ac.uk\/highereducation\/2019\/07\/19\/migration-studies-from-dehumanising-to-decolonising\/\" target=\"_blank\" rel=\"noopener\">Migration studies: From dehumanising to decolonising<\/a>. <em>LSE Higher Education Blog<\/em>.<\/p>\n","protected":false},"excerpt":{"rendered":"<p>Reflexive approaches in migration studies have revealed the problems of traditional constructions of the objects of migration research. Much less attention has been paid to the subjects doing the research and the mechanisms that prevent the perspectives of scholars with their own \u2018migranticization\u2019 experiences to be adequately represented in knowledge<\/p>\n","protected":false},"author":262,"featured_media":7888,"comment_status":"open","ping_status":"closed","sticky":false,"template":"","format":"standard","meta":{"_acf_changed":false,"footnotes":""},"categories":[1012],"tags":[1037,215,218,220,1013,230],"coauthors":[1038],"class_list":["post-8063","post","type-post","status-publish","format-standard","has-post-thumbnail","hentry","category-reflexive-migration-studies","tag-academia","tag-discriminations","tag-ethics","tag-exclusion","tag-knowledge-production","tag-minorities"],"acf":[],"aioseo_notices":[],"_links":{"self":[{"href":"https:\/\/nccr-onthemove.ch\/blog\/wp-json\/wp\/v2\/posts\/8063","targetHints":{"allow":["GET"]}}],"collection":[{"href":"https:\/\/nccr-onthemove.ch\/blog\/wp-json\/wp\/v2\/posts"}],"about":[{"href":"https:\/\/nccr-onthemove.ch\/blog\/wp-json\/wp\/v2\/types\/post"}],"author":[{"embeddable":true,"href":"https:\/\/nccr-onthemove.ch\/blog\/wp-json\/wp\/v2\/users\/262"}],"replies":[{"embeddable":true,"href":"https:\/\/nccr-onthemove.ch\/blog\/wp-json\/wp\/v2\/comments?post=8063"}],"version-history":[{"count":14,"href":"https:\/\/nccr-onthemove.ch\/blog\/wp-json\/wp\/v2\/posts\/8063\/revisions"}],"predecessor-version":[{"id":8078,"href":"https:\/\/nccr-onthemove.ch\/blog\/wp-json\/wp\/v2\/posts\/8063\/revisions\/8078"}],"wp:featuredmedia":[{"embeddable":true,"href":"https:\/\/nccr-onthemove.ch\/blog\/wp-json\/wp\/v2\/media\/7888"}],"wp:attachment":[{"href":"https:\/\/nccr-onthemove.ch\/blog\/wp-json\/wp\/v2\/media?parent=8063"}],"wp:term":[{"taxonomy":"category","embeddable":true,"href":"https:\/\/nccr-onthemove.ch\/blog\/wp-json\/wp\/v2\/categories?post=8063"},{"taxonomy":"post_tag","embeddable":true,"href":"https:\/\/nccr-onthemove.ch\/blog\/wp-json\/wp\/v2\/tags?post=8063"},{"taxonomy":"author","embeddable":true,"href":"https:\/\/nccr-onthemove.ch\/blog\/wp-json\/wp\/v2\/coauthors?post=8063"}],"curies":[{"name":"wp","href":"https:\/\/api.w.org\/{rel}","templated":true}]}}