{"id":8124,"date":"2022-08-18T13:30:20","date_gmt":"2022-08-18T11:30:20","guid":{"rendered":"https:\/\/nccr-onthemove.ch\/blog\/?p=8124"},"modified":"2025-03-08T17:25:31","modified_gmt":"2025-03-08T16:25:31","slug":"accorder-le-statut-de-pays-candidat-a-lukraine-plus-quun-geste-symbolique","status":"publish","type":"post","link":"https:\/\/nccr-onthemove.ch\/blog\/accorder-le-statut-de-pays-candidat-a-lukraine-plus-quun-geste-symbolique\/","title":{"rendered":"Accorder le statut de pays candidat \u00e0 l&#8217;Ukraine: plus qu&#8217;un geste symbolique"},"content":{"rendered":"<p><strong>La d\u00e9cision d\u2019accorder le statut de candidat \u00e0 l\u2019UE \u00e0 l\u2019Ukraine a certainement une port\u00e9e symbolique, mais elle entraine n\u00e9anmoins des implications r\u00e9elles et profondes au niveau d\u2019aide financi\u00e8re et structurelle. En changeant les r\u00e8gles du jeu suivies depuis la chute du mur de Berlin dans le processus d\u2019octroi de statut de candidat, cette d\u00e9cision de la part de l\u2019Europe est l\u2019engagement dont l\u2019Ukraine a besoin en ce moment.<\/strong><\/p>\n<p>De nombreux observateurs ont qualifi\u00e9 la d\u00e9cision d&#8217;accorder \u00e0 l&#8217;Ukraine le statut de candidat \u00e0 l&#8217;UE de <a href=\"https:\/\/www.lesechos.fr\/monde\/europe\/ukraine-quatre-questions-sur-le-statut-de-candidat-a-lunion-europeenne-1415460\">symbolique<\/a>, significative uniquement dans la mesure o\u00f9 elle r\u00e9it\u00e8re le soutien de l&#8217;UE \u00e0 l&#8217;Ukraine dans son combat contre l&#8217;invasion russe. D&#8217;autres ont not\u00e9 qu&#8217;au-del\u00e0 de cette valeur <a href=\"https:\/\/www.washingtonpost.com\/world\/2022\/06\/23\/ukraine-european-union-candidate-status-russia\/\">symbolique<\/a>, cette d\u00e9cision n&#8217;aura aucune <a href=\"https:\/\/www.lemonde.fr\/en\/international\/article\/2022\/06\/18\/ukraine-s-entry-into-the-eu-the-commission-sets-conditions_5987269_4.html\">cons\u00e9quence<\/a> imm\u00e9diate pour le pays, et que l&#8217;adh\u00e9sion effective de l&#8217;Ukraine \u00e0 l&#8217;UE ne reste qu&#8217;un lointain espoir pour le pays.<\/p>\n<p>L&#8217;annonce faite lors du <a href=\"https:\/\/www.consilium.europa.eu\/en\/press\/press-releases\/2022\/06\/23\/european-council-conclusions-on-ukraine-the-membership-applications-of-ukraine-the-republic-of-moldova-and-georgia-western-balkans-and-external-relations-23-june-2022\/\">Conseil europ\u00e9en<\/a> du 23 juin \u00e9tait effectivement tr\u00e8s symbolique pour l&#8217;Ukraine en cette p\u00e9riode de guerre. Mais ce n&#8217;est qu&#8217;une partie de l&#8217;histoire car l&#8217;Ukraine a beaucoup \u00e0 gagner par ce changement de statut. Cette id\u00e9e que le statut de candidat \u00e0 l&#8217;adh\u00e9sion n&#8217;a qu&#8217;une valeur symbolique provient en partie de la rh\u00e9torique europ\u00e9enne sur l&#8217;\u00e9largissement, et en partie de la rapidit\u00e9 inhabituelle du processus de candidature initial. En r\u00e9alit\u00e9, il y a d&#8217;importants effets financiers, strat\u00e9giques et logistiques pour un pays voisin d&#8217;\u00eatre \u00e9lev\u00e9 au statut d&#8217;\u00c9tat candidat par l&#8217;UE.<\/p>\n<p><strong>Le symbolisme de la candidature ukrainienne<\/strong><\/p>\n<p>Sur le plan rh\u00e9torique, les d\u00e9clarations de l&#8217;UE sur l&#8217;\u00e9largissement ont \u00e9volu\u00e9 ces derni\u00e8res ann\u00e9es vers un discours de plus en plus <a href=\"https:\/\/onlinelibrary.wiley.com\/doi\/full\/10.1111\/jcms.13280\">identitaire<\/a>, et fond\u00e9 sur les valeurs europ\u00e9ennes, pr\u00e9sentant l&#8217;adh\u00e9sion comme une r\u00e9alisation des id\u00e9aux europ\u00e9ens et une r\u00e9union des peuples europ\u00e9ens. Les r\u00e9centes communications des responsables de l&#8217;UE sur la demande d&#8217;adh\u00e9sion de l&#8217;Ukraine ont \u00e9t\u00e9 lourdes en langage symbolique, soulignant que les Ukrainiens appartiennent \u00e0 la <a href=\"https:\/\/www.europarl.europa.eu\/doceo\/document\/CRE-9-2022-03-01-ITM-009_EN.html\">famille europ\u00e9enne<\/a>, qu&#8217;ils d\u00e9fendent les <a href=\"https:\/\/www.epp.eu\/papers\/united-in-solidarity-with-ukraine-defending-european-values-against-putins-war\">valeurs<\/a> europ\u00e9ennes et qu&#8217;ils nous rappellent l&#8217;importance de l&#8217;UE en tant que projet de <a href=\"https:\/\/euneighbourseast.eu\/news-and-stories\/latest-news\/europe-day-war-in-ukraine-underlines-enduring-value-of-the-european-union\/\">paix<\/a>.<\/p>\n<p>La pr\u00e9sidente de la Commission europ\u00e9enne, Ursula von der Leyen, a par exemple <a href=\"https:\/\/ec.europa.eu\/commission\/presscorner\/detail\/en\/STATEMENT_22_3822\">d\u00e9clar\u00e9<\/a> que &#8220;les Ukrainiens sont pr\u00eats \u00e0 mourir pour la perspective europ\u00e9enne (\u2026) nous voulons qu&#8217;ils vivent avec nous le r\u00eave europ\u00e9en&#8221;. Ce sont des mots forts et percutants de soutien \u00e0 l&#8217;Ukraine, mais ils n&#8217;engagent pas formellement l&#8217;UE dans le processus d&#8217;adh\u00e9sion, ce qui est la d\u00e9finition m\u00eame d&#8217;un geste symbolique.<\/p>\n<p>S&#8217;appuyant sur ces discours identitaires fond\u00e9s sur les valeurs europ\u00e9ennes, le processus d&#8217;octroi du statut de candidat \u00e0 l&#8217;Ukraine a \u00e9t\u00e9 conclu en un peu plus de trois mois, ce qui est extr\u00eamement rapide et audacieux par rapport au processus par lequel sont pass\u00e9s les autres \u00c9tats candidats actuels. Pour les pays des Balkans, il a fallu au moins deux ans (Serbie, Mac\u00e9doine du Nord et Mont\u00e9n\u00e9gro) \u00e0 plus de cinq ans (Albanie) et de multiples discussions et d\u00e9bats pour obtenir la recommandation de la Commission pour le statut de candidat.<\/p>\n<p>Ce long manque d&#8217;engagement envers les pays des Balkans a \u00e9t\u00e9 expliqu\u00e9 par un raisonnement fond\u00e9 sur le m\u00e9rite : ces pays n&#8217;\u00e9taient tout simplement pas pr\u00eats \u00e0 commencer \u00e0 n\u00e9gocier avec l&#8217;UE. La grande acc\u00e9l\u00e9ration du processus de candidature initiale par l&#8217;Ukraine fait para\u00eetre la recommandation symbolique en comparaison, car l&#8217;Ukraine, de toute \u00e9vidence, n&#8217;est pas plus avanc\u00e9e en termes de r\u00e9formes internes et de convergence avec les normes de l&#8217;UE qu&#8217;elle ne l&#8217;\u00e9tait il y a six mois, alors qu&#8217;aucune discussion sur l&#8217;adh\u00e9sion n&#8217;\u00e9tait sur la table.<\/p>\n<p>Mais puisque l&#8217;identit\u00e9 et les valeurs europ\u00e9ennes sont en jeu dans cette guerre, l&#8217;UE doit tenir sa promesse de prot\u00e9ger ses propres id\u00e9aux en int\u00e9grant l&#8217;Ukraine, sachant tr\u00e8s bien que la rapidit\u00e9 avec laquelle la recommandation de candidature a \u00e9t\u00e9 accord\u00e9e n&#8217;\u00e9quivaut pas \u00e0 une acc\u00e9l\u00e9ration du processus d&#8217;adh\u00e9sion proprement dit. Une fois de plus, il s&#8217;agit l\u00e0 seulement d&#8217;intentions, sans engagement r\u00e9el en faveur de l&#8217;adh\u00e9sion de l&#8217;Ukraine \u00e0 court terme.<\/p>\n<p><strong>Davantage d&#8217;aide financi\u00e8re et structurelle<\/strong><\/p>\n<p>Sans diminuer l&#8217;importance fondamentale des d\u00e9clarations symboliques en diplomatie, ce serait une erreur de limiter la port\u00e9e de l&#8217;annonce de la reconnaissance du statut de pays candidat de l&#8217;Ukraine au seul aspect symbolique. L&#8217;obtention de ce statut par l&#8217;Ukraine va changer beaucoup de choses pour le pays en termes <a href=\"https:\/\/ec.europa.eu\/neighbourhood-enlargement\/system\/files\/2022-01\/C_2021_8914_COMMISSION_IMPLEMENTING_DECISION_EN.pdf\">d&#8217;assistance financi\u00e8re et institutionnelle<\/a>.<\/p>\n<p>Tout d&#8217;abord, l&#8217;Ukraine se verra garantir une augmentation importante des transferts de fonds annuels de l&#8217;UE. Depuis septembre 2017, <a href=\"https:\/\/eur-lex.europa.eu\/legal-content\/EN\/ALL\/?uri=CELEX%3A22014A0529%2801%29\">l&#8217;Accord d&#8217;Association<\/a> de l&#8217;Ukraine constitue la base des relations bilat\u00e9rales du pays avec l&#8217;UE. Celui-ci fournit une aide \u00e0 la fois financi\u00e8re et institutionnelle en vue de la modernisation et de la r\u00e9forme de la structure juridique et r\u00e9glementaire de l&#8217;Ukraine dans les domaines couverts par l&#8217;acquis.<\/p>\n<p>Dans le cadre de l&#8217;accord d&#8217;association, l&#8217;<a href=\"https:\/\/ec.europa.eu\/neighbourhood-enlargement\/commission-implementing-decision-15122021-financing-annual-action-plan-favour-ukraine-2021_en\">Ukraine<\/a> a re\u00e7u une aide de 141 millions d&#8217;euros pour 2021. \u00c0 titre de comparaison, la m\u00eame ann\u00e9e, la <a href=\"https:\/\/ec.europa.eu\/neighbourhood-enlargement\/system\/files\/2022-01\/C_2021_9653_F1_COMMISSION_IMPLEMENTING_DECISION_EN_V5_P1_1659969.PDF\">Serbie<\/a>, un \u00c9tat candidat beaucoup moins peupl\u00e9, a re\u00e7u un peu plus de 122 millions d&#8217;euros par le biais de <a href=\"https:\/\/ec.europa.eu\/regional_policy\/en\/funding\/ipa\/\">l&#8217;instrument d&#8217;aide de pr\u00e9adh\u00e9sion<\/a> (IAP). Si l&#8217;Ukraine devait recevoir un niveau de financement similaire proportionnellement \u00e0 sa population, cela correspondrait \u00e0 environ six fois le montant de l&#8217;aide par an.<\/p>\n<p>Deuxi\u00e8mement, l&#8217;Ukraine b\u00e9n\u00e9ficiera d\u00e9sormais d&#8217;une coop\u00e9ration interinstitutionnelle et transfrontali\u00e8re plus \u00e9troite pour cibler les cinq principaux objectifs et fen\u00eatres th\u00e9matiques de l&#8217;IAP (\u00c9tat de droit, bonne gouvernance, durabilit\u00e9, comp\u00e9titivit\u00e9 et coop\u00e9ration r\u00e9gionale). Ces objectifs repr\u00e9sentent les principales cibles du processus de conditionnalit\u00e9, qui vise \u00e0 assurer la convergence des \u00c9tats candidats avec les normes de l&#8217;UE.<\/p>\n<p>En d&#8217;autres termes, les pays candidats peuvent compter sur les conseils et la structure des institutions europ\u00e9ennes pour identifier les domaines qui doivent \u00eatre am\u00e9lior\u00e9s avant l&#8217;adh\u00e9sion et progresser dans l&#8217;application des crit\u00e8res. Ainsi, un programme de r\u00e9forme plus efficace peut \u00eatre con\u00e7u et mis en \u0153uvre, avec pour r\u00e9sultat une v\u00e9ritable perspective europ\u00e9enne.<\/p>\n<p><strong>Rien ne change, mais tout est diff\u00e9rent<\/strong><\/p>\n<p>La d\u00e9cision rapide d&#8217;accorder \u00e0 l&#8217;Ukraine le statut de candidat repr\u00e9sente un changement dans la mani\u00e8re dont l&#8217;UE a men\u00e9 le processus d&#8217;\u00e9largissement depuis la chute du mur de Berlin. Le conflit en Ukraine n&#8217;est pas la premi\u00e8re guerre \u00e0 faire rage aux fronti\u00e8res de l&#8217;UE. Tout au long des ann\u00e9es 1990, les \u00c9tats des Balkans occidentaux \u00e9taient \u00e9galement en guerre et sollicitaient l&#8217;aide et la solidarit\u00e9 de l&#8217;UE. Mais cela n&#8217;a pas incit\u00e9 l&#8217;UE \u00e0 prendre des mesures acc\u00e9l\u00e9r\u00e9es pour int\u00e9grer ces pays. Plus de 20 ans plus tard, ces pays ne font toujours pas partie de l&#8217;UE, et leur processus d&#8217;adh\u00e9sion peine \u00e0 avancer.<\/p>\n<p>Cette fois, l&#8217;UE a choisi de faire les choses diff\u00e9remment. En accordant le statut de candidat \u00e0 l&#8217;Ukraine au d\u00e9but de la crise, les dirigeants europ\u00e9ens ont envoy\u00e9 un signal aux implications r\u00e9elles et profondes. Ce n&#8217;est pas une promesse d&#8217;adh\u00e9sion acc\u00e9l\u00e9r\u00e9e. Mais c&#8217;est un geste symbolique \u00e0 un moment o\u00f9 l&#8217;Ukraine a besoin que l&#8217;Europe prenne position en son nom, et qui lui apportera en plus un soutien financier et structurel r\u00e9el et durable dans sa qu\u00eate vers l&#8217;adh\u00e9sion. C&#8217;est l&#8217;engagement dont l&#8217;Ukraine a besoin en ce moment.<\/p>\n<p><em>Ceci est un re-post adapt\u00e9 d\u2019un\u00a0<a href=\"https:\/\/www.defacto.expert\/2022\/07\/05\/accorder-le-statut-de-pays-candidate-a-lukraine-plus-quun-geste-symbolique\/?lang=fr\" target=\"_blank\" rel=\"noopener\">billet de blog publi\u00e9 par DeFacto<\/a>\u00a0le 5 juillet 2022.\u00a0<\/em><\/p>\n<p><em><a href=\"http:\/\/www.marie-eve-belanger-phd.com\/\">Marie-Eve B\u00e9langer<\/a>\u00a0est ma\u00eetre de conf\u00e9rences au D\u00e9partement de sciences politiques de l\u2019Universit\u00e9 de Gen\u00e8ve et chercheuse s\u00e9nior au Centre d\u2019\u00e9tudes comparatives et internationales de l\u2019\u00c9cole polytechnique f\u00e9d\u00e9rale de Z\u00fcrich. Ses recherches actuelles portent sur les questions de la politisation des fronti\u00e8res europ\u00e9ennes et sur l\u2019effet de la pand\u00e9mie de COVID-19 sur les discours relatifs aux fronti\u00e8res en Europe.\u00a0<a href=\"https:\/\/nccr-onthemove.ch\/who-is-who\/people\/?p_id=14072\">Marie-Eve B\u00e9langer<\/a><\/em><em>\u00a0contribue au projet du nccr \u2013 on the move\u00a0<\/em><em><a href=\"https:\/\/nccr-onthemove.ch\/projects\/the-impact-of-the-covid-19-pandemic-on-bordering-discourses-regarding-migration-and-mobility-in-europe\/\">The Impact of the COVID-19 Pandemic on Bordering Discourses Regarding Migration and Mobility in Europe<\/a><\/em><em>.<\/em><\/p>\n","protected":false},"excerpt":{"rendered":"<p>La d\u00e9cision d\u2019accorder le statut de candidat \u00e0 l\u2019UE \u00e0 l\u2019Ukraine a certainement une port\u00e9e symbolique, mais elle entraine n\u00e9anmoins des implications r\u00e9elles et profondes au niveau d\u2019aide financi\u00e8re et structurelle. En changeant les r\u00e8gles du jeu suivies depuis la chute du mur de Berlin dans le processus d\u2019octroi de<\/p>\n","protected":false},"author":196,"featured_media":7603,"comment_status":"open","ping_status":"closed","sticky":false,"template":"","format":"standard","meta":{"_acf_changed":false,"footnotes":""},"categories":[982],"tags":[207,219,716,792],"coauthors":[886],"class_list":["post-8124","post","type-post","status-publish","format-standard","has-post-thumbnail","hentry","category-europe-on-the-brink","tag-admission","tag-european-union","tag-politics","tag-solidarity"],"acf":[],"aioseo_notices":[],"_links":{"self":[{"href":"https:\/\/nccr-onthemove.ch\/blog\/wp-json\/wp\/v2\/posts\/8124","targetHints":{"allow":["GET"]}}],"collection":[{"href":"https:\/\/nccr-onthemove.ch\/blog\/wp-json\/wp\/v2\/posts"}],"about":[{"href":"https:\/\/nccr-onthemove.ch\/blog\/wp-json\/wp\/v2\/types\/post"}],"author":[{"embeddable":true,"href":"https:\/\/nccr-onthemove.ch\/blog\/wp-json\/wp\/v2\/users\/196"}],"replies":[{"embeddable":true,"href":"https:\/\/nccr-onthemove.ch\/blog\/wp-json\/wp\/v2\/comments?post=8124"}],"version-history":[{"count":3,"href":"https:\/\/nccr-onthemove.ch\/blog\/wp-json\/wp\/v2\/posts\/8124\/revisions"}],"predecessor-version":[{"id":8127,"href":"https:\/\/nccr-onthemove.ch\/blog\/wp-json\/wp\/v2\/posts\/8124\/revisions\/8127"}],"wp:featuredmedia":[{"embeddable":true,"href":"https:\/\/nccr-onthemove.ch\/blog\/wp-json\/wp\/v2\/media\/7603"}],"wp:attachment":[{"href":"https:\/\/nccr-onthemove.ch\/blog\/wp-json\/wp\/v2\/media?parent=8124"}],"wp:term":[{"taxonomy":"category","embeddable":true,"href":"https:\/\/nccr-onthemove.ch\/blog\/wp-json\/wp\/v2\/categories?post=8124"},{"taxonomy":"post_tag","embeddable":true,"href":"https:\/\/nccr-onthemove.ch\/blog\/wp-json\/wp\/v2\/tags?post=8124"},{"taxonomy":"author","embeddable":true,"href":"https:\/\/nccr-onthemove.ch\/blog\/wp-json\/wp\/v2\/coauthors?post=8124"}],"curies":[{"name":"wp","href":"https:\/\/api.w.org\/{rel}","templated":true}]}}