{"id":831,"date":"2016-05-12T13:56:28","date_gmt":"2016-05-12T12:56:28","guid":{"rendered":"http:\/\/blog.nccr-onthemove.ch\/crise-des-refugies-ou-crise-des-inegalites\/?lang=fr"},"modified":"2025-03-10T19:32:04","modified_gmt":"2025-03-10T18:32:04","slug":"crise-des-refugies-ou-crise-des-inegalites","status":"publish","type":"post","link":"https:\/\/nccr-onthemove.ch\/blog\/crise-des-refugies-ou-crise-des-inegalites\/?lang=fr","title":{"rendered":"\u00ab Crise des r\u00e9fugi\u00e9s \u00bb ou crise des in\u00e9galit\u00e9s ?"},"content":{"rendered":"<p><strong>Le th\u00e8me de la migration est de plus en plus m\u00e9diatis\u00e9. Les informations et opinions publi\u00e9es \u00e0 ce sujet se situent cependant souvent dans une perspective \u00e0 court-terme qui <a href=\"http:\/\/www.laviedesidees.fr\/Perception-publique-de-l.html\" target=\"_blank\" rel=\"noopener\">favorise le sensationnalisme et transmet un sentiment d\u2019urgence<\/a>. De m\u00eame, les <a href=\"https:\/\/www.osar.ch\/assets\/fakten-statt-mythen\/18-wasser-f.pdf\" target=\"_blank\" rel=\"noopener\">m\u00e9taphores<\/a> utilis\u00e9es pour d\u00e9crire l\u2019arriv\u00e9e de personnes cherchant protection en Europe au cours des derniers mois tendent \u00e0 faire oublier les raisons \u00e0 la fois humaines, historiques et politiques pour lesquelles elles quittent leur pays.<\/strong><\/p>\n<p>La soi-disant \u00ab crise des r\u00e9fugi\u00e9s \u00bb n\u2019est cependant pas un ph\u00e9nom\u00e8ne naturel. Comme tout <a href=\"http:\/\/www.universalis.fr\/encyclopedie\/evenement-sociologie\/\" target=\"_blank\" rel=\"noopener\">\u00e9v\u00e9nement<\/a>, elle est le r\u00e9sultat d&#8217;un encha\u00eenement de conditions pr\u00e9alables li\u00e9es \u00e0 des dynamiques sociales et \u00e0 des choix politiques particuliers. Dans ce sens, la \u00ab crise \u00bb est construite, tant par la mani\u00e8re dont elle est <a href=\"https:\/\/www.doctorswithoutborders.org\/sites\/usa\/files\/msf_obstacle_course_to_europe_report2.pdf\" target=\"_blank\" rel=\"noopener\">g\u00e9r\u00e9e<\/a> que par les discours qui servent \u00e0 la d\u00e9crire. Je propose donc de prendre un moment pour nous distancier de ces discours et pour r\u00e9fl\u00e9chir \u00e0 quelques-uns des \u00e9l\u00e9ments structurels qui contribuent \u00e0 produire la situation dans laquelle nous nous trouvons actuellement.<\/p>\n<p>Nous vivons dans un monde toujours davantage <a href=\"http:\/\/www.histoire-immigration.fr\/histoire-de-l-immigration\/questions-contemporaines\/les-migrations\/la-mondialisation-accelere-t-elle-les-migrations\" target=\"_blank\" rel=\"noopener\">mondialis\u00e9<\/a>. Cette mondialisation, qui passe par le d\u00e9veloppement des moyens de transport et de communication, favorise la circulation des id\u00e9es, des biens et des personnes. Cette circulation ne b\u00e9n\u00e9ficie cependant pas \u00e0 tous de la m\u00eame mani\u00e8re, et certaines formes d\u2019in\u00e9galit\u00e9 ont m\u00eame tendance \u00e0 se creuser. En 2015, <a href=\"https:\/\/www.oxfam.org\/sites\/www.oxfam.org\/files\/file_attachments\/bp210-economy-one-percent-tax-havens-180116-fr.pdf\" target=\"_blank\" rel=\"noopener\">une \u00e9tude<\/a> a par exemple r\u00e9v\u00e9l\u00e9 que les 1% les plus riches poss\u00e9daient d\u00e9sormais plus de richesse que les 99% de la population mondiale. De plus, si la mobilit\u00e9 a \u00e9t\u00e9 facilit\u00e9e pour une partie des habitants de notre plan\u00e8te, elle demeure largement structur\u00e9e par le syst\u00e8me des Etats-nation. A l\u2019int\u00e9rieur de ce syst\u00e8me, le passeport est devenu le nouveau titre de noblesse de l\u2019\u00e9poque contemporaine, puisqu\u2019il permet \u00e0 certains de voyager de par le monde tandis que d\u2019autres n\u2019ont m\u00eame pas la possibilit\u00e9 de quitter leur pays. En Europe, <a href=\"https:\/\/belgeo.revues.org\/16701\" target=\"_blank\" rel=\"noopener\">le d\u00e9veloppement d\u2019une libre circulation interne s\u2019est accompagn\u00e9 d\u2019un renforcement important du contr\u00f4le des fronti\u00e8res externes<\/a>, rendant l\u2019acc\u00e8s l\u00e9gal au territoire quasiment impossible pour une majorit\u00e9 des ressortissants de pays tiers (c\u2019est-\u00e0-dire les personnes ne poss\u00e9dant pas la nationalit\u00e9 d\u2019un Etat de l\u2019UE ou de l\u2019AELE). Une minorit\u00e9 de travailleurs bien form\u00e9s se voient quant \u00e0 eux offrir une entr\u00e9e privil\u00e9gi\u00e9e lorsque leurs comp\u00e9tences sont jug\u00e9es n\u00e9cessaires ou utiles. Dans ce sens, les fronti\u00e8res, loin de dispara\u00eetre, sont davantage devenues des filtres sciemment cr\u00e9es que des barri\u00e8res imp\u00e9n\u00e9trables sous l\u2019effet de la mondialisation.<\/p>\n<p>Ainsi, alors que d\u2019un c\u00f4t\u00e9, les objets, id\u00e9es et images produits dans certaines parties du monde circulent davantage, cr\u00e9ant au passage des r\u00eaves et des aspirations nouvelles, de l\u2019autre c\u00f4t\u00e9, l\u2019augmentation des in\u00e9galit\u00e9s pr\u00e9carise certaines populations et constitue l\u2019un des facteurs favorisant l\u2019\u00e9mergence de conflits. De plus, les nouvelles technologies ne facilitent pas uniquement la mobilit\u00e9, elles renforcent \u00e9galement <a href=\"http:\/\/europa.eu\/rapid\/press-release_IP-11-1234_en.htm\" target=\"_blank\" rel=\"noopener\">la capacit\u00e9 des \u00e9tats \u00e0 contr\u00f4ler leur territoire<\/a>, ce qui a pour cons\u00e9quence de cr\u00e9er des syst\u00e8mes \u00e0 plusieurs vitesse au sein desquels certains sont r\u00e9duits \u00e0 l\u2019immobilit\u00e9 tandis que d\u2019autres sont dot\u00e9s d\u2019une libert\u00e9 de mouvement exceptionnelle. C\u2019est dans ce contexte que des hommes, des femmes et des enfants \u2013 dont la mobilit\u00e9 est fortement restreinte \u2013 sont aujourd\u2019hui contraints \u00e0 prendre des risques \u00e9normes pour rejoindre l\u2019Europe et <a href=\"https:\/\/www.osar.ch\/assets\/fakten-statt-mythen\/151125-sem-statistique.pdf\" target=\"_blank\" rel=\"noopener\">demander la protection<\/a> \u00e0 laquelle ils ont souvent l\u00e9galement droit en raison des conflits et violations des droits humains dans leur pays d\u2019origine<\/p>\n<p><a href=\"\/?page_id=21&amp;author=sandoz\">Laure Sandoz<\/a><br \/>\nDoctorante, nccr \u2013 on the move, Universit\u00e9 de B\u00e2le<\/p>\n<p>&nbsp;<\/p>\n<p>\u00c0 l\u2019origine, ce billet a \u00e9t\u00e9 publi\u00e9 le 30 mars 2016 sur le blog <strong><a href=\"https:\/\/www.osar.ch\/des-faits-plutot-que-des-mythes.html\" target=\"_blank\" rel=\"noopener\">Des faits plut\u00f4t que des mythes<\/a><\/strong>.<br \/>\nLes d\u00e9bats publics sur l\u2019asile et la migration sont souvent empreints de mythes et d\u2019opinions, sans que soit prise en consid\u00e9ration la r\u00e9alit\u00e9 des faits. En collaboration avec le <a href=\"http:\/\/www.migrationscholars.ch\" target=\"_blank\" rel=\"noopener\">R\u00e9seau suisse de jeunes chercheurs et chercheuses en \u00e9tudes des migrations<\/a>, l\u2019<a href=\"https:\/\/www.osar.ch\" target=\"_blank\" rel=\"noopener\">OSAR<\/a> souhaite questionner ces mythes et alimenter ainsi objectivement le d\u00e9bat.<\/p>\n","protected":false},"excerpt":{"rendered":"<p>Le th\u00e8me de la migration est de plus en plus m\u00e9diatis\u00e9. Les informations et opinions publi\u00e9es \u00e0 ce sujet se situent cependant souvent dans une perspective \u00e0 court-terme qui favorise le sensationnalisme et transmet un sentiment d\u2019urgence. De m\u00eame, les m\u00e9taphores utilis\u00e9es pour d\u00e9crire l\u2019arriv\u00e9e de personnes cherchant protection en Europe au cours des derniers mois tendent \u00e0 faire oublier les raisons \u00e0 la fois humaines, historiques et politiques pour lesquelles elles quittent leur pays.<\/p>\n","protected":false},"author":20,"featured_media":0,"comment_status":"open","ping_status":"closed","sticky":false,"template":"","format":"standard","meta":{"_acf_changed":false,"footnotes":""},"categories":[57],"tags":[236,248,237],"coauthors":[336],"class_list":["post-831","post","type-post","status-publish","format-standard","hentry","category-medias","tag-asylum-refugees-fr","tag-exclusion-fr","tag-borders-fr"],"acf":[],"aioseo_notices":[],"_links":{"self":[{"href":"https:\/\/nccr-onthemove.ch\/blog\/wp-json\/wp\/v2\/posts\/831","targetHints":{"allow":["GET"]}}],"collection":[{"href":"https:\/\/nccr-onthemove.ch\/blog\/wp-json\/wp\/v2\/posts"}],"about":[{"href":"https:\/\/nccr-onthemove.ch\/blog\/wp-json\/wp\/v2\/types\/post"}],"author":[{"embeddable":true,"href":"https:\/\/nccr-onthemove.ch\/blog\/wp-json\/wp\/v2\/users\/20"}],"replies":[{"embeddable":true,"href":"https:\/\/nccr-onthemove.ch\/blog\/wp-json\/wp\/v2\/comments?post=831"}],"version-history":[{"count":3,"href":"https:\/\/nccr-onthemove.ch\/blog\/wp-json\/wp\/v2\/posts\/831\/revisions"}],"predecessor-version":[{"id":10104,"href":"https:\/\/nccr-onthemove.ch\/blog\/wp-json\/wp\/v2\/posts\/831\/revisions\/10104"}],"wp:attachment":[{"href":"https:\/\/nccr-onthemove.ch\/blog\/wp-json\/wp\/v2\/media?parent=831"}],"wp:term":[{"taxonomy":"category","embeddable":true,"href":"https:\/\/nccr-onthemove.ch\/blog\/wp-json\/wp\/v2\/categories?post=831"},{"taxonomy":"post_tag","embeddable":true,"href":"https:\/\/nccr-onthemove.ch\/blog\/wp-json\/wp\/v2\/tags?post=831"},{"taxonomy":"author","embeddable":true,"href":"https:\/\/nccr-onthemove.ch\/blog\/wp-json\/wp\/v2\/coauthors?post=831"}],"curies":[{"name":"wp","href":"https:\/\/api.w.org\/{rel}","templated":true}]}}