{"id":8884,"date":"2023-06-14T10:09:05","date_gmt":"2023-06-14T08:09:05","guid":{"rendered":"https:\/\/nccr-onthemove.ch\/blog\/?p=8884"},"modified":"2023-06-27T11:08:21","modified_gmt":"2023-06-27T09:08:21","slug":"racisme-et-participation-citoyenne","status":"publish","type":"post","link":"https:\/\/nccr-onthemove.ch\/blog\/racisme-et-participation-citoyenne\/","title":{"rendered":"Racisme et participation citoyenne : focus sur l\u2019islamophobie genr\u00e9e"},"content":{"rendered":"<p><strong>Une \u00e9tude du Forum suisse pour l\u2019\u00e9tude des migrations et de la population <\/strong><strong>(SFM) d\u00e9montre qu\u2019il existe en Suisse un racisme structurel (syst\u00e9mique)<\/strong><strong>. L\u2019\u00e9tude d\u00e9finit le racisme structurel comme un syst\u00e8me social qui reproduit des in\u00e9galit\u00e9s. Voyons comment les institutions politiques et m\u00e9diatiques <\/strong><strong>suisses participent \u00e0 ces in\u00e9galit\u00e9s en restreignant de fait l\u2019acc\u00e8s \u00e0 une citoyennet\u00e9 active d\u2019une partie de la population <\/strong><strong>et sa confiance dans les institutions.<\/strong><\/p>\n<p>Le syst\u00e8me suisse ne prot\u00e8ge pas contre l\u2019av\u00e8nement de votations stigmatisantes, que ce soit via le r\u00e9f\u00e9rendum l\u00e9gislatif ou via les initiatives populaires (interdiction des minarets, de la burqa, contre les \u00abcriminels \u00e9trangers\u00bb, pour contr\u00f4ler \u00abl\u2019immigration de masse\u00bb). Lors de toutes ces votations, on a assist\u00e9 \u00e0 une couverture m\u00e9diatique anxiog\u00e8ne pour les populations directement affect\u00e9es, qui ne prenait que peu en compte leur avis (<a href=\"https:\/\/www.unine.ch\/files\/live\/sites\/sfm\/files\/listes_publicationsSFM\/Etudes%20du%20SFM\/SFM%20-%20Studies%2081f.pdf\">voir rapport SFM p.42)<\/a> ou leur bien-\u00eatre.<\/p>\n<p>La mod\u00e9ration des commentaires dans les m\u00e9dias est insuffisante, (voir le travail d\u2019Alliance F avec le projet <em>stop hate speech<\/em>). Le choix des titres, ou encore la mani\u00e8re d\u2019amener les sujets sont \u00e9galement probl\u00e9matiques. On peut \u00e9galement penser au choix des personnes invit\u00e9es. A titre d\u2019exemple, un d\u00e9put\u00e9 UDC avait \u00e9t\u00e9 invit\u00e9 sur une chaine publique \u00e0 d\u00e9battre du droit des femmes musulmanes de se v\u00eatir comme elles le souhaitent, alors qu\u2019il avait \u00e9t\u00e9 condamn\u00e9 par le Tribunal f\u00e9d\u00e9ral pour appel \u00e0 la haine raciale envers les personnes musulmanes (voir arr\u00eat 6B_644\/2020 du 14.10.2020). Il avait en effet \u00e9crit \u00abon en redemande\u00bb sur Twitter suite \u00e0 une tuerie dans la mosqu\u00e9e de Saint-Gall.<\/p>\n<h5><strong>Baignades inclusives et burkini\u00a0 <\/strong><\/h5>\n<p>En f\u00e9vrier 2023, la Ville de Gen\u00e8ve a adopt\u00e9 un r\u00e8glement de piscines plus inclusif, qui supprime les indications li\u00e9es au genre, et permet les maillots couvrants. L\u2019objet, port\u00e9 par la gauche, ne visait pas uniquement le burkini mais plut\u00f4t l\u2019inclusion de toute la population. En effet, la campagne Baignades inclusives que j\u2019ai d\u00e9marr\u00e9e au printemps 2022 avec l\u2019association <a href=\"http:\/\/www.petitspasdesociete.org\/\">Petits Pas de Soci\u00e9t\u00e9<\/a>, a r\u00e9v\u00e9l\u00e9 le fait qu&#8217;il n&#8217;y a pas que les femmes musulmanes portant le foulard (ou \u00ab femmes voil\u00e9es \u00bb) qui souffrent potentiellement de ces r\u00e8glements, mais \u00e9galement par exemple certaines personnes cibles de grossophobie, les personnes trans, non-binaires, en transition, enceintes, portant des cicatrices ou ayant des probl\u00e8mes de peau. En somme, toute personne qui souhaiterait se couvrir ou se d\u00e9couvrir (en respectant l\u2019interdiction de nudit\u00e9) pour se baigner, pour une raison ou une autre.<\/p>\n<p>Notre campagne a permis entre autres de r\u00e9diger un argumentaire largement diffus\u00e9, de conseiller des \u00e9lu\u00b7e\u00b7s\u00a0 (par exemple pour la r\u00e9daction de postulats), d\u2019envoyer une lettre ouverte et de r\u00e9colter plus de 1&#8217;500 signatures en trois jours. Plusieurs organisations repr\u00e9sentant divers centres d\u2019int\u00e9r\u00eats ont sign\u00e9 la lettre ouverte : la Gr\u00e8ve f\u00e9ministe, Epic\u00e8ne, les Foulards Violets, Body Positive Schweiz et Petits Pas de Soci\u00e9t\u00e9 (lutte contre le sexisme, la transphobie, l\u2019islamophobie genr\u00e9e, la grossophobie et pour la diversit\u00e9 et l\u2019inclusion). Une mobilisation exemplaire qui a permis une avanc\u00e9e pour plus d\u2019inclusivit\u00e9 de mani\u00e8re transversale, ce qui est une bonne nouvelle.<\/p>\n<p>Pourtant, les m\u00e9dias ont focalis\u00e9 leur attention sur le burkini seul. M\u00eame type de couverture m\u00e9diatique suite \u00e0 l\u2019acceptation d\u2019un postulat sur la m\u00eame question \u00e0 Lausanne. Les femmes musulmanes, dont les vies sont d\u00e9j\u00e0 jonch\u00e9es de discriminations (voir mon article dans TANGRAM 46 \u00ab\u00a0<a href=\"https:\/\/www.ekr.admin.ch\/publications\/f877.html\">A l\u2019intersection du sexisme et du racisme, un ph\u00e9nom\u00e8ne complexe<\/a>\u00a0\u00bb), se sont \u00e0 nouveau trouv\u00e9es expos\u00e9es \u00e0 des discours de haine sur les r\u00e9seaux sociaux. A noter que les femmes sont par ailleurs davantage touch\u00e9es par les discours de haine en ligne, et l\u2019appartenance \u00e0 une minorit\u00e9 religieuse est un facteur aggravant selon la <a href=\"https:\/\/rm.coe.int\/reccomandation-no-du-grevio-sur-la-dimension-numerique-de-la-viomence-\/1680a49148\">Recommandation g\u00e9n\u00e9rale n\u00b0 1 du GREVIO sur la dimension num\u00e9rique de la violence \u00e0 l\u2019\u00e9gard des femmes.<\/a><\/p>\n<p>Puis, la droite a attaqu\u00e9 le texte en annon\u00e7ant le lancement d\u2019un r\u00e9f\u00e9rendum et m\u00eame carr\u00e9ment menac\u00e9 d\u2019interdire les maillots couvrants au niveau cantonal. Le probl\u00e8me ici n\u2019est pas tant l\u2019utilisation par un parti d\u2019outils d\u00e9mocratiques, mais plut\u00f4t l\u2019acharnement politique caract\u00e9ris\u00e9 par des partis disposant de ressources d\u00e9mesur\u00e9es face \u00e0 celles des groupes minoritaires.<\/p>\n<h5><strong>Le cas de l\u2019initiative anti-burqa<\/strong><\/h5>\n<p>Certes, les groupes minoritaires peuvent s\u2019organiser sur une base b\u00e9n\u00e9vole, comme c\u2019\u00e9tait le cas lors de la campagne contre l\u2019initiative de l\u2019UDC visant \u00e0 interdire la burqa (la votation du 7 mars 2021) qui a stigmatis\u00e9 les personnes musulmanes, et en particulier les femmes portant le foulard. Nous avons donc men\u00e9 avec <a href=\"http:\/\/www.lesfoulardsviolets.org\/\">les Foulards Violets <\/a>(organisation qui se bat principalement contre l\u2019islamophobie genr\u00e9e) une lutte acharn\u00e9e, mobilis\u00e9 les organisations militantes, f\u00e9minines, f\u00e9ministes, \u00e9cologistes, antiracistes, partis et syndicats de toute la Suisse, et nous avons eu une tr\u00e8s large couverture m\u00e9diatique.<\/p>\n<p>Nous avons ainsi particip\u00e9 \u00e0 faire baisser le \u00ab oui \u00bb dans les sondages de plus de 60% \u00e0 51.2%. Tout ceci avec un budget de z\u00e9ro francs, mais avec des co\u00fbts personnels importants. Il en est de m\u00eame dans toutes les luttes men\u00e9es par les groupes minoritaires. En effet, les attaques r\u00e9p\u00e9t\u00e9es contre les droits des minorit\u00e9s, mais surtout leur cadence rapproch\u00e9e, rendent difficile la possibilit\u00e9 syst\u00e9matique de mobilisation.<\/p>\n<p>A travers la couverture m\u00e9diatique de l\u2019initiative anti-burqa, nous avons pu assister \u00e0 une prolif\u00e9ration des termes \u00ab\u00a0f\u00e9ministes divis\u00e9es \u00bb, alors qu\u2019aucune organisation f\u00e9minine n\u2019a soutenu le texte de l\u2019UDC (c\u2019\u00e9tait m\u00eame le contraire), et que cette affirmation \u00e9tait facilement v\u00e9rifiable. Les populations minoris\u00e9es et mouvements de lutte n\u2019ont-ils droit qu\u2019\u00e0 des couvertures m\u00e9diatiques st\u00e9r\u00e9otyp\u00e9es\u00a0?<\/p>\n<h5><strong>Un syst\u00e8me qui dissuade les signalements de racisme ?<\/strong><\/h5>\n<p>Face aux couvertures m\u00e9diatiques biais\u00e9es ou m\u00eames fausses, la non-reconnaissance de convergences de luttes et des avanc\u00e9es sociales, l\u2019acharnement et les backlashs politiques, on peut se demander, \u00e0 raison, quel est le message renvoy\u00e9 aux personnes racis\u00e9es quant \u00e0 leur possibilit\u00e9 de participation d\u00e9mocratique. Mais cela a \u00e9galement une incidence sur le nombre extr\u00eamement bas de signalements de cas de racisme (<a href=\"https:\/\/www.ekr.admin.ch\/pdf\/Rapport_2022.pdf\">voir rapport centres de conseil, 2023<\/a>) compar\u00e9 \u00e0 ce que l\u2019on constate dans la pratique, bien qu\u2019ils aient augment\u00e9. Il y a donc un lien direct entre l\u2019acc\u00e8s aux outils d\u00e9mocratiques, et la possibilit\u00e9 de collecter des statistiques fiables, le trait d\u2019union \u00e9tant la confiance dans les institutions.<\/p>\n<p><em><a href=\"https:\/\/www.meriam-mastour.com\/\" target=\"_blank\" rel=\"noopener\">Meriam Mastour<\/a> est juriste ind\u00e9pendante et consultante sur les questions d\u2019in\u00e9galit\u00e9s et de discriminations.<\/em><\/p>\n<p>R\u00e9f\u00e9rences :<\/p>\n<p>-Leonie Mugglin, Denise Efionayi, Didier Ruedin et Gianni D\u2019Amato. <a href=\"https:\/\/www.unine.ch\/files\/live\/sites\/sfm\/files\/listes_publicationsSFM\/Etudes%20du%20SFM\/SFM%20-%20Studies%2081f.pdf\">Racisme structurel en Suisse : un \u00e9tat des lieux de la recherche et de ses r\u00e9sultats<\/a>. In SFM Studies #81f.<br \/>\n-Tribunal f\u00e9d\u00e9ral, arr\u00eat 6B_644\/2020 du14.10.2020.<br \/>\n-Meriam Mastour. 2022.\u00a0 \u00ab <a href=\"https:\/\/www.ekr.admin.ch\/publications\/f877.html\">A l\u2019intersection du sexisme et du racisme, un ph\u00e9nom\u00e8ne complexe<\/a> \u00bb. In TANGRAM 46 Le racisme structurel, Revue de la Commission f\u00e9d\u00e9rale contre le racisme.<br \/>\n<a href=\"https:\/\/rm.coe.int\/reccomandation-no-du-grevio-sur-la-dimension-numerique-de-la-viomence-\/1680a49148\">-Recommandation g\u00e9n\u00e9rale n\u00b0 1 du Groupe d\u2019experts sur la lutte contre la violence \u00e0 l\u2019\u00e9gard des femmes et la violence domestique<\/a> (GREVIO) sur la dimension num\u00e9rique de la violence \u00e0 l\u2019\u00e9gard des femmes adopt\u00e9e le 20 octobre 2021)<br \/>\n-R\u00e9seau de centres de conseil pour les victimes de racisme. Berne, avril 2023. Incidentsracistes recens\u00e9spar les centres deconseil 2022\u00a0: rapport sur la discrimination raciale en Suisse \u00e9tabli sur la base desdonn\u00e9es du syst\u00e8me de documentation et de monitorage du racisme DoSyRa.<\/p>\n","protected":false},"excerpt":{"rendered":"<p>Une \u00e9tude du Forum suisse pour l\u2019\u00e9tude des migrations et de la population (SFM) d\u00e9montre qu\u2019il existe en Suisse un racisme structurel (syst\u00e9mique). L\u2019\u00e9tude d\u00e9finit le racisme structurel comme un syst\u00e8me social qui reproduit des in\u00e9galit\u00e9s. Voyons comment les institutions politiques et m\u00e9diatiques suisses participent \u00e0 ces in\u00e9galit\u00e9s en restreignant<\/p>\n","protected":false},"author":295,"featured_media":8821,"comment_status":"open","ping_status":"closed","sticky":false,"template":"","format":"standard","meta":{"_acf_changed":false,"footnotes":""},"categories":[1135],"tags":[211,212,214,215,223,225,230,1100,233,234],"coauthors":[1151],"class_list":["post-8884","post","type-post","status-publish","format-standard","has-post-thumbnail","hentry","category-structural-racism","tag-citizenship","tag-civil-society","tag-direct-democracy","tag-discriminations","tag-gender","tag-human-rights","tag-minorities","tag-racism","tag-statistics","tag-switzerland"],"acf":[],"aioseo_notices":[],"_links":{"self":[{"href":"https:\/\/nccr-onthemove.ch\/blog\/wp-json\/wp\/v2\/posts\/8884","targetHints":{"allow":["GET"]}}],"collection":[{"href":"https:\/\/nccr-onthemove.ch\/blog\/wp-json\/wp\/v2\/posts"}],"about":[{"href":"https:\/\/nccr-onthemove.ch\/blog\/wp-json\/wp\/v2\/types\/post"}],"author":[{"embeddable":true,"href":"https:\/\/nccr-onthemove.ch\/blog\/wp-json\/wp\/v2\/users\/295"}],"replies":[{"embeddable":true,"href":"https:\/\/nccr-onthemove.ch\/blog\/wp-json\/wp\/v2\/comments?post=8884"}],"version-history":[{"count":15,"href":"https:\/\/nccr-onthemove.ch\/blog\/wp-json\/wp\/v2\/posts\/8884\/revisions"}],"predecessor-version":[{"id":8920,"href":"https:\/\/nccr-onthemove.ch\/blog\/wp-json\/wp\/v2\/posts\/8884\/revisions\/8920"}],"wp:featuredmedia":[{"embeddable":true,"href":"https:\/\/nccr-onthemove.ch\/blog\/wp-json\/wp\/v2\/media\/8821"}],"wp:attachment":[{"href":"https:\/\/nccr-onthemove.ch\/blog\/wp-json\/wp\/v2\/media?parent=8884"}],"wp:term":[{"taxonomy":"category","embeddable":true,"href":"https:\/\/nccr-onthemove.ch\/blog\/wp-json\/wp\/v2\/categories?post=8884"},{"taxonomy":"post_tag","embeddable":true,"href":"https:\/\/nccr-onthemove.ch\/blog\/wp-json\/wp\/v2\/tags?post=8884"},{"taxonomy":"author","embeddable":true,"href":"https:\/\/nccr-onthemove.ch\/blog\/wp-json\/wp\/v2\/coauthors?post=8884"}],"curies":[{"name":"wp","href":"https:\/\/api.w.org\/{rel}","templated":true}]}}