{"id":8921,"date":"2023-08-23T09:30:36","date_gmt":"2023-08-23T07:30:36","guid":{"rendered":"https:\/\/nccr-onthemove.ch\/blog\/?p=8921"},"modified":"2023-08-23T09:23:35","modified_gmt":"2023-08-23T07:23:35","slug":"how-trade-agreements-shape-immigration-policy","status":"publish","type":"post","link":"https:\/\/nccr-onthemove.ch\/blog\/how-trade-agreements-shape-immigration-policy\/","title":{"rendered":"How Trade Agreements Shape Switzerland\u2019s Immigration Policy"},"content":{"rendered":"<p><strong>Preferential trade agreements (PTAs) are meant to facilitate trade between countries. Yet, beneath the surface of these economic treaties lies a lesser-known dimension that extends beyond trade &#8211; the intricate regulation of international migration. A new dataset produced by researchers from the nccr \u2013 on the move based on these agreements shows how trade-related immigration commitments shape immigration policy, including in Switzerland.<\/strong><\/p>\n<p>The <a href=\"https:\/\/doi.org\/10.5281\/zenodo.7837954\">MITA dataset<\/a> captures the connection between trade and migration within 797 preferential trade agreements (PTAs) signed between 1960 and 2020 worldwide, revealing a notable trend: <a href=\"https:\/\/link.springer.com\/article\/10.1007\/s11558-023-09493-5\">over 70% of all PTAs signed in the last decade also include provisions on international migration<\/a>. Most of these provisions liberalize economic migration. Some, however, also contain commitments to protect migrant rights, coordinate actions to fight irregular migration and cooperate on readmission.<\/p>\n<p>Switzerland, boasting a highly globalized economy and a strong multinational corporate presence, finds itself intricately woven into the crossroads of trade and migration policies. Like most countries, Switzerland adopted migration commitments through the 1995 <a href=\"https:\/\/www.seco.admin.ch\/seco\/en\/home\/Aussenwirtschaftspolitik_Wirtschaftliche_Zusammenarbeit\/Wirtschaftsbeziehungen\/handel_mit_dienstleistungen\/wto_gats.html\">General Agreement on Trade in Services<\/a> (GATS). Additionally, among Switzerland&#8217;s 53 PTAs (signed bilaterally or within the European Free Trade Association (EFTA)), 20 contain provisions that facilitate mobility \u2013 mostly linked to trade in services. The number of significant mobility provisions in Swiss PTAs has steadily increased over time, with mobility provisions included in all agreements drafted post-2014. Overall, Switzerland has eased immigration barriers such as economic needs tests or \u2013 to some extent &#8211; quota limitations in 37% of its PTAs. Other significant mobility provisions include the mutual recognition of qualifications, visa facilitation, or fee limitations.<\/p>\n<h5><strong>\u00a0<\/strong><strong>A &#8220;Non-Immigrant&#8221; Immigration Policy<\/strong><\/h5>\n<p>What are the practical implications of these mobility provisions? According to official discourse, these provisions within preferential trade agreements are seen as aligning more with trade objectives than migration goals. The commitments mainly involve individuals in business roles such as executives, managers and investors, who temporarily work in the host country while keeping their work contracts in their home countries. They could also arrive as independent professionals, thus avoiding formal integration into the host country&#8217;s labor market. This mobility largely entails short assignments, mostly spanning less than a year. <strong>However, the most far-reaching commitments center on intra-company transferees (ICTs) who move between different branches of multinational corporations and often stay several years.<\/strong><\/p>\n<p>Under the Swiss <a href=\"https:\/\/www.seco.admin.ch\/seco\/en\/home\/Aussenwirtschaftspolitik_Wirtschaftliche_Zusammenarbeit\/Wirtschaftsbeziehungen\/handel_mit_dienstleistungen\/wto_gats.html\">General Agreement on Trade in Services<\/a> commitments, ICTs who work in one of the 93 listed sectors can be admitted for a duration of up to <a href=\"https:\/\/www.seco.admin.ch\/seco\/en\/home\/Aussenwirtschaftspolitik_Wirtschaftliche_Zusammenarbeit\/Wirtschaftsbeziehungen\/handel_mit_dienstleistungen\/wto_gats.html\">three years<\/a>, extendable to four. Swiss preferential trade agreements often expand these terms, allowing up to five years in further sectors. Agreements with China, Hong Kong and Japan go further by eliminating quantitative restrictions or quotas, and thus offering quota-free intra-company transferee access (Schlegel and Sieber-Gasser 2014). This could be seen as conflicting with the 2014 &#8220;mass immigration&#8221; referendum, aiming to regulate immigration in Switzerland through quotas. Yet, <a href=\"https:\/\/www.parlament.ch\/de\/ratsbetrieb\/amtliches-bulletin\/amtliches-bulletin-die-verhandlungen?SubjectId=28957\">parliamentary debates<\/a> dismissed this concern, arguing that these commitments would not challenge Switzerland\u2019s capacity to manage immigration.<\/p>\n<p>This perspective implies that \u201cintra-company-transferee\u201d migration is only a very narrow and temporary form of mobility involving a limited number of individuals and businesses. However, in reality, ICT migration constitutes a substantial portion of labor immigration. Our ongoing analysis, based on the Swiss population and household statistics (STATPOP), reveals that <strong>posted workers, including intra-corporate transferees, comprised 30% to 47% of all non-EU labor immigration in Switzerland from 2015 to 2021<\/strong>. Findings from the nccr &#8211;\u00a0 on the move\u2019s <a href=\"https:\/\/nccr-onthemove.ch\/research\/migration-mobility-survey\/\">Migration Mobility Survey<\/a> indicate that ICTs often stay for several years, with many even considering permanent residence.<\/p>\n<h5><strong>Different Form of the Guest-Worker Model?<\/strong><\/h5>\n<p>In the face of sustained economic demand for foreign labor and considerable political debates over immigration, Switzerland has historically leaned toward temporary forms of immigration. Moreover, it maintains one of Europe\u2019s most restrictive naturalization systems (Lavenex and Manatschal 2022). Non-EU\/EFTA nationals are only permitted entry as managers, specialists or qualified workers. Among this limited group, intra-company transferees hold a distinct privileged status. They enter Switzerland through regular employee immigration channels or as service providers. Unlike \u201cregular\u201d labor migrants, ICTs receive entry and stay permits based on an <a href=\"https:\/\/www.sem.admin.ch\/dam\/data\/sem\/rechtsgrundlagen\/weisungen\/auslaender\/weisungen-aug-kap4-d.pdf\">entitlement<\/a>, without authorities\u2019 discretion (SEM 2020).<\/p>\n<p>Moreover, both ICTs and cross-border service providers are exempt from labor market priority testing, a requirement for employers to demonstrate the unavailability of Swiss or EU\/EFTA citizens for the job. Although the annual immigration quota technically applies to ICTs, multinational companies tend to secure <a href=\"https:\/\/www.sem.admin.ch\/dam\/data\/sem\/rechtsgrundlagen\/weisungen\/auslaender\/weisungen-aug-kap4-d.pdf\">more immigration permits<\/a> (SEM 2020). Perhaps most strikingly, in contrast to other third-country nationals, ICTs are not obliged to demonstrate integration potential into Swiss society and the labor market.<\/p>\n<p>In essence, intra-company transferees and other business migrants align closely with Switzerland\u2019s historical immigration policy, centered around strictly temporary assignments and concerns of &#8220;<a href=\"https:\/\/www.sozialarchiv.ch\/en\/2020\/05\/09\/vor-50-jahren-die-schwarzenbach-initiative\/\">\u00dcberfremdung<\/a>&#8221; (over-foreignization). Protected by international trade agreements, these highly skilled migrants enjoy multiple privileges under national law. Yet, linked to foreign work contracts and admitted only for strictly temporary stays, their presence greatly benefits Switzerland\u2019s globally-oriented segments of the economy, particularly its multinational corporations.<\/p>\n<p><em><a href=\"https:\/\/www.unige.ch\/sciences-societe\/speri\/membres\/professeures-et-professeurs\/sandra-lavenex\/\" target=\"_blank\" rel=\"noopener\">Sandra Lavenex<\/a> is a Professor of European and International Politics at the University of Geneva and co-leader of the projects &#8220;<a href=\"https:\/\/nccr-onthemove.ch\/projects\/migration-governance-through-trade-mobilities\/\">Migration Governance Through Trade Mobilities<\/a>&#8221; and &#8220;<a href=\"https:\/\/nccr-onthemove.ch\/projects\/the-impact-of-crises-on-the-global-governance-of-migration-boost-or-blow\/\">The Impact of Crises on the Global Governance of Migration: Boost or Blow?<\/a>&#8221; in <a href=\"https:\/\/nccr-onthemove.ch\/\">the nccr &#8211;\u00a0 on the move<\/a>.<\/em><\/p>\n<p><em><a href=\"https:\/\/www.linkedin.com\/in\/paula-hoffmeyer-zlotnik-0102933a\/?originalSubdomain=ch\" target=\"_blank\" rel=\"noopener\">Paula Hoffmeyer-Zlotnik<\/a> is a research fellow at the Cologne Center for Comparative Politics and a PhD candidate at the University of Geneva within the nccr &#8211; on the move doctoral program, where she is a researcher in the project &#8220;<a href=\"https:\/\/nccr-onthemove.ch\/projects\/migration-governance-through-trade-mobilities\/\">Migration Governance Through Trade Mobilities<\/a>.&#8221;<\/em><\/p>\n<p><a href=\"https:\/\/nccr-onthemove.ch\/who-is-who\/people\/?start=l&amp;p_id=9209\" target=\"_blank\" rel=\"noopener\"><em>Philipp Lutz<\/em><\/a><em> is a Senior Researcher at the University of Geneva and an Assistant Professor in Political Science at the Vrije Universiteit Amsterdam. Previously, he was a post-doctoral researcher in the project &#8220;<a href=\"https:\/\/nccr-onthemove.ch\/projects\/migration-governance-through-trade-mobilities\/\">Migration Governance Through Trade Mobilities<\/a>.&#8221;<\/em><\/p>\n<p><em><a href=\"https:\/\/www.marianaalvarado.com\/\" target=\"_blank\" rel=\"noopener\">Mariana Alvarado<\/a> is a researcher at the University of Geneva\u2019s Department of Political Science and International Relations. Previously, she was a post-doctoral researcher in the project \u201c<a href=\"https:\/\/nccr-onthemove.ch\/projects\/migration-governance-through-trade-mobilities\/\">Migration Governance Through Trade Mobilities<\/a>.\u201d<\/em><\/p>\n<p>Note: this research was supported by the \u2018nccr &#8211; on the move\u2019 funded by the Swiss National Science Foundation grant 51NF40-182897. We are grateful to Julia Gubler and Laura Mauricio for their excellent research assistance in the coding of migration provisions.<\/p>\n<p>References:<\/p>\n<p>\u2013 Lavenex, Sandra, Philipp Lutz, und Paula Hoffmeyer-Zlotnik. &#8220;<a href=\"https:\/\/doi.org\/10.1007\/s11558-023-09493-5\" target=\"_blank\" rel=\"noopener\">Migration Governance through Trade Agreements: Insights from the MITA Dataset.&#8221;<\/a> <em>The Review of International Organizations<\/em>, 1. Juli 2023.<br \/>\n\u2013 Lavenex, Sandra, Paula Hoffmeyer-Zlotnik, und Philipp Lutz. &#8220;<a href=\"https:\/\/blogs.eui.eu\/migrationpolicycentre\/what-do-trade-agreements-have-to-do-with-migration-policy\/\" target=\"_blank\" rel=\"noopener\">What Do Trade Agreements Have to Do with Migration Policy?<\/a>&#8221; MPC Blog, 7. August 2023.<br \/>\n\u2013 Lavenex, Sandra, and Anita Manatschal. 2022. \u2018Migrationspolitik\u2019. In Handbuch der SchweizerPolitik = Manuel de la politique suisse, eds. Yannis Papadopoulos et al. Z\u00fcrich: NZZ Libro.<br \/>\n\u2013 Schlegel, Stefan, and Charlotte Sieber-Gasser. 2014. \u2018<a href=\"https:\/\/www.wti.org\/media\/filer_public\/a8\/3d\/a83d9f91-a07a-4ff1-9fb8-3264e8d7e74b\/jusletter12048de.pdf\">Der Dritte Weg zur Vierten Freiheit<\/a>\u2019. <em>Jusletter<\/em>: 21.<br \/>\n\u2013 SEM. 2020. \u2018<a href=\"https:\/\/www.sem.admin.ch\/sem\/de\/home\/publiservice\/weisungen-kreisschreiben\/auslaenderbereich.html\">Weisungen und Erl\u00e4uterungen Ausl\u00e4nderbereich (Weisungen AIG). Kapitel 4 Aufenthalt mit Erwerbst\u00e4tigkeit<\/a>\u2019. 136.<\/p>\n","protected":false},"excerpt":{"rendered":"<p>Preferential trade agreements (PTAs) are meant to facilitate trade between countries. Yet, beneath the surface of these economic treaties lies a lesser-known dimension that extends beyond trade &#8211; the intricate regulation of international migration. A new dataset produced by researchers from the nccr \u2013 on the move based on these<\/p>\n","protected":false},"author":197,"featured_media":0,"comment_status":"open","ping_status":"closed","sticky":false,"template":"","format":"standard","meta":{"_acf_changed":false,"footnotes":""},"categories":[956],"tags":[207,1043,226,228,514,224,234,1158],"coauthors":[892,893,629,1157],"class_list":["post-8921","post","type-post","status-publish","format-standard","hentry","category-gestion-migratoire","tag-admission","tag-immigration","tag-integration","tag-labor-market","tag-mobility","tag-skills","tag-switzerland","tag-trade"],"acf":[],"aioseo_notices":[],"_links":{"self":[{"href":"https:\/\/nccr-onthemove.ch\/blog\/wp-json\/wp\/v2\/posts\/8921","targetHints":{"allow":["GET"]}}],"collection":[{"href":"https:\/\/nccr-onthemove.ch\/blog\/wp-json\/wp\/v2\/posts"}],"about":[{"href":"https:\/\/nccr-onthemove.ch\/blog\/wp-json\/wp\/v2\/types\/post"}],"author":[{"embeddable":true,"href":"https:\/\/nccr-onthemove.ch\/blog\/wp-json\/wp\/v2\/users\/197"}],"replies":[{"embeddable":true,"href":"https:\/\/nccr-onthemove.ch\/blog\/wp-json\/wp\/v2\/comments?post=8921"}],"version-history":[{"count":11,"href":"https:\/\/nccr-onthemove.ch\/blog\/wp-json\/wp\/v2\/posts\/8921\/revisions"}],"predecessor-version":[{"id":8932,"href":"https:\/\/nccr-onthemove.ch\/blog\/wp-json\/wp\/v2\/posts\/8921\/revisions\/8932"}],"wp:attachment":[{"href":"https:\/\/nccr-onthemove.ch\/blog\/wp-json\/wp\/v2\/media?parent=8921"}],"wp:term":[{"taxonomy":"category","embeddable":true,"href":"https:\/\/nccr-onthemove.ch\/blog\/wp-json\/wp\/v2\/categories?post=8921"},{"taxonomy":"post_tag","embeddable":true,"href":"https:\/\/nccr-onthemove.ch\/blog\/wp-json\/wp\/v2\/tags?post=8921"},{"taxonomy":"author","embeddable":true,"href":"https:\/\/nccr-onthemove.ch\/blog\/wp-json\/wp\/v2\/coauthors?post=8921"}],"curies":[{"name":"wp","href":"https:\/\/api.w.org\/{rel}","templated":true}]}}