{"id":9299,"date":"2024-03-19T11:41:09","date_gmt":"2024-03-19T10:41:09","guid":{"rendered":"https:\/\/nccr-onthemove.ch\/blog\/?p=9299"},"modified":"2024-03-20T10:37:02","modified_gmt":"2024-03-20T09:37:02","slug":"das-fluchtlingsparlament-schweiz-als-beispiel-fur-aktive-beteiligung","status":"publish","type":"post","link":"https:\/\/nccr-onthemove.ch\/blog\/das-fluchtlingsparlament-schweiz-als-beispiel-fur-aktive-beteiligung\/","title":{"rendered":"Das Fl\u00fcchtlingsparlament Schweiz als Beispiel f\u00fcr aktive Beteiligung"},"content":{"rendered":"<p><strong>In der modernen Welt wird das Thema Beteiligung am politischen und gesellschaftlichen Leben immer relevanter. Ein herausragendes Beispiel f\u00fcr das Bestreben, Gefl\u00fcchtete aktiv und selbstbestimmt in die Gestaltung der Gesellschaft einzubeziehen, ist das &#8220;Fl\u00fcchtlingsparlament&#8221; in der Schweiz, das vom National Coalition Building Institute (NCBI) ins Leben gerufen wurde. Es zeigt eindr\u00fccklich auf, dass partizipative Ans\u00e4tze f\u00fcr die Inklusion von Gefl\u00fcchteten essentiell und wirksam sind.<\/strong><\/p>\n<p>Das <a href=\"http:\/\/www.fl\u00fcchtlingsparlament-schweiz.ch\/\" target=\"_blank\" rel=\"noopener\">Fl\u00fcchtlingsparlament Schweiz<\/a> ist eine einzigartige Initiative, die darauf abzielt, Gefl\u00fcchtete in den politischen Dialog einzubeziehen. In Politik und Gesellschaft wird viel zu oft \u00fcber Gefl\u00fcchtete geredet und f\u00fcr sie entschieden. Im Fl\u00fcchtlingsparlament erheben sie selber ihre Stimme und bringen sich aktiv, kompetent und auf Augenh\u00f6he in den Diskurs ein. Die Idee besteht darin, Menschen, die ihre Heimatl\u00e4nder aufgrund von Konflikten oder Verfolgung verlassen mussten, die M\u00f6glichkeit zu geben, an Entscheidungen teilzunehmen, die ihr neues Zuhause betreffen.<\/p>\n<p>Das Fl\u00fcchtlingsparlament schafft eine Plattform, dank der Gefl\u00fcchtete ihre Meinungen \u00e4ussern, ihre Erfahrungen teilen und an Diskussionen \u00fcber ihre Zukunft in der Schweiz teilnehmen k\u00f6nnen. Das Projekt setzt so demokratische Prinzipien um und gew\u00e4hrleistet gleiche Rechte f\u00fcr alle Teilnehmenden. Dies bedeutet, dass Gefl\u00fcchtete unabh\u00e4ngig von ihrem Status, ihrer Nationalit\u00e4t oder ihren politischen Ansichten die M\u00f6glichkeit haben, aktiv an Diskussionen und Abstimmungen zu Themen teilzunehmen, die f\u00fcr ihre Gemeinschaft wichtig sind. Ausserdem bringen sie Vorschl\u00e4ge ein, wie aktuelle Gesetze zielf\u00fchrender umgesetzt werden k\u00f6nnen und sie lobbyieren f\u00fcr Anpassungen von geltenden Regeln und Gesetzen, die eine Integration und ein menschenw\u00fcrdiges Leben in der Schweiz erschweren.<\/p>\n<h5><strong>Informationen sammeln und mit Beh\u00f6rden interagieren<\/strong><\/h5>\n<p>Das Fl\u00fcchtlingsparlament wurde 2021 vom Verein <a href=\"www.ncbi.ch\" target=\"_blank\" rel=\"noopener\">NCBI<\/a>\u00a0lanciert, der sich gegen Vorurteile und Gewalt sowie f\u00fcr die Inklusion von Migrant*innen einsetzt. In dieser kurzen Zeit hat es bereits einen erheblichen Beitrag zur sozialen Integration von Gefl\u00fcchteten in der Schweiz geleistet. Durch aktive Beteiligung am \u00f6ffentlichen Leben erhalten diese nicht nur eine Stimme, sondern auch ein Gef\u00fchl der Zugeh\u00f6rigkeit zu ihrem neuen Land. Dies tr\u00e4gt dazu bei, soziale Ungleichheiten zu verringern und eine offenere Gesellschaft zu schaffen.<\/p>\n<p>Dar\u00fcber hinaus ist dieses Projekt ein effektiver Mechanismus zur Vertretung der Interessen von Gefl\u00fcchteten auf der Ebene der staatlichen Politik. Ihre Stimmen werden bei der Gestaltung von Gesetzen und Programmen, die Fl\u00fcchtlinge betreffen, ber\u00fccksichtigt, was zur Schaffung gerechterer und anpassungsf\u00e4higer Unterst\u00fctzungsmassnahmen beitr\u00e4gt.<\/p>\n<p>Das Fl\u00fcchtlingsparlament interagiert aktiv mit Gefl\u00fcchteten, sammelt und analysiert Informationen \u00fcber ihre Probleme und Bed\u00fcrfnisse. Dies erm\u00f6glicht es, strukturelle Schl\u00fcsselherausforderungen zu identifizieren, denen sie gegen\u00fcberstehen, und konstruktive L\u00f6sungen zu deren Behebung vorzuschlagen. Ein wesentlicher Teil der Arbeit des Fl\u00fcchtlingsparlaments besteht auch darin, mit Beh\u00f6rden, Parlamentarier*innen sowie weiteren Institutionen der Schweiz zusammenzuarbeiten, um die vorgeschlagenen Massnahmen und Initiativen umzusetzen.<\/p>\n<h5><strong>Integration: Von Hindernissen zum Erfolg &#8211; Vorurteile \u00fcberwinden<\/strong><\/h5>\n<p>Eine der Hauptaufgaben des Fl\u00fcchtlingsparlaments besteht darin, Gefl\u00fcchtete bei der Integration zu unterst\u00fctzen. Viele von ihnen stehen beispielsweise vor Schwierigkeiten bei der Anerkennung ihrer Qualifikationen, was eine erfolgreiche Eingliederung in die neue Gesellschaft erschwert. Das Fl\u00fcchtlingsparlament arbeitet aktiv daran, eine effektivere Unterst\u00fctzung und Beratung in diesem Bereich bereitzustellen.<\/p>\n<p>Es ist wichtig zu verstehen, dass Gefl\u00fcchtete nicht als Objekte in der Diskussion vorkommen sollten, sondern vielmehr als Partner*innen bei der Gestaltung der \u00f6ffentlichen Meinung und Entscheidungsfindung. Gefl\u00fcchtete erleben die Wirkung der geltenden Regeln hautnah; sie sind Expert*innen daf\u00fcr, was eine effektive Inklusion f\u00f6rdert resp. behindert. Vorurteile und Stereotypen behindern oft das Verst\u00e4ndnis f\u00fcr die Bildung und Kompetenz von Gefl\u00fcchteten, und ihre Expertise bez\u00fcglich ihrer eigenen Situation bleibt oft unterbewertet.<\/p>\n<p>Das Team des Fl\u00fcchtlingsparlaments f\u00fchrt einen konstruktiven Dialog mit offiziellen Organen, indem es Empfehlungen vorlegt, die darauf abzielen, die Effizienz und aber auch die Gerechtigkeit der Integrationsmassnahmen zu verbessern. Wir sind zuversichtlich, dass diese Bem\u00fchungen in Zukunft zu bedeutenden positiven Ergebnissen f\u00fchren werden und dazu beitragen, eine offenere und inklusivere Schweiz zu schaffen.<\/p>\n<p>Das Projektteam f\u00fchrt einen aktiven Dialog mit Abgeordneten verschiedener L\u00e4nder, um Erfahrungen auszutauschen und Informationen \u00fcber die M\u00f6glichkeiten der aktiven Beteiligung von Gefl\u00fcchteten am gesellschaftlichen Leben in verschiedenen L\u00e4ndern zu verbreiten. W\u00e4hrend des vom Hochkommissariat f\u00fcr Fl\u00fcchtlinge der Vereinten Nationen (UNHCR) am 13. November 2023 in San Remo organisierten parlamentarischen Forums, an dem Peter Mozolevskyi als Leiter der Kommission f\u00fcr den Status S des Fl\u00fcchtlingsparlaments teilnahm, haben nationale Parlamentarier*innen die Bedeutung der Beteiligung von Gefl\u00fcchteten betont.<\/p>\n<h5><strong>Fazit: Weg zur <\/strong><strong>Partizipation und Integration<\/strong><\/h5>\n<p>Das Beispiel des Fl\u00fcchtlingsparlaments in der Schweiz ist inspirierend und zeigt, wie Partizipation ein Katalysator f\u00fcr eine inklusive Gesellschaft sein kann. Indem es Gefl\u00fcchteten die M\u00f6glichkeit gibt, ihre Meinung zu \u00e4ussern und aktiv an der Politik teilzunehmen, demonstriert die Schweiz ihren Einsatz f\u00fcr Gerechtigkeit und die Achtung der Menschenrechte. Diese Erfahrung kann eine Quelle der Inspiration f\u00fcr andere L\u00e4nder sein, die aufrichtig bestrebt sind, eine Gesellschaft zu schaffen, in der jede*r B\u00fcrger*in das Recht und die M\u00f6glichkeit hat, an der Gestaltung der Zukunft teilzunehmen.<\/p>\n<hr \/>\n<p><em>Andi Geu, Philosoph und Soziologe, hat an der Universit\u00e4t Bern studiert. Er ist Ko-Gesch\u00e4ftsleiter von <a href=\"https:\/\/www.ncbi.ch\" target=\"_blank\" rel=\"noopener\">NCBI Schweiz<\/a>, der NGO, die das <a href=\"https:\/\/fl\u00fcchtlingsparlament-schweiz.ch\" target=\"_blank\" rel=\"noopener\">Fl\u00fcchtlingsparlament Schweiz<\/a> lanciert hat.<\/em><\/p>\n<p><em>Petro Mozolevskyi. PhD in Rehctswissenschaften, Sozialaktivist, Koordinator im Projekt <a href=\"https:\/\/fl\u00fcchtlingsparlament-schweiz.ch\" target=\"_blank\" rel=\"noopener\">Fl\u00fcchtlingsparlament Schweiz<\/a>.<\/em><\/p>\n","protected":false},"excerpt":{"rendered":"<p>In der modernen Welt wird das Thema Beteiligung am politischen und gesellschaftlichen Leben immer relevanter. Ein herausragendes Beispiel f\u00fcr das Bestreben, Gefl\u00fcchtete aktiv und selbstbestimmt in die Gestaltung der Gesellschaft einzubeziehen, ist das &#8220;Fl\u00fcchtlingsparlament&#8221; in der Schweiz, das vom National Coalition Building Institute (NCBI) ins Leben gerufen wurde. Es zeigt<\/p>\n","protected":false},"author":317,"featured_media":9343,"comment_status":"open","ping_status":"closed","sticky":false,"template":"","format":"standard","meta":{"_acf_changed":false,"footnotes":""},"categories":[1204],"tags":[208,214,215,220,226,234],"coauthors":[1200,1201],"class_list":["post-9299","post","type-post","status-publish","format-standard","has-post-thumbnail","hentry","category-civil-society-and-refugees","tag-asylum-refugees","tag-direct-democracy","tag-discriminations","tag-exclusion","tag-integration","tag-switzerland"],"acf":[],"aioseo_notices":[],"_links":{"self":[{"href":"https:\/\/nccr-onthemove.ch\/blog\/wp-json\/wp\/v2\/posts\/9299","targetHints":{"allow":["GET"]}}],"collection":[{"href":"https:\/\/nccr-onthemove.ch\/blog\/wp-json\/wp\/v2\/posts"}],"about":[{"href":"https:\/\/nccr-onthemove.ch\/blog\/wp-json\/wp\/v2\/types\/post"}],"author":[{"embeddable":true,"href":"https:\/\/nccr-onthemove.ch\/blog\/wp-json\/wp\/v2\/users\/317"}],"replies":[{"embeddable":true,"href":"https:\/\/nccr-onthemove.ch\/blog\/wp-json\/wp\/v2\/comments?post=9299"}],"version-history":[{"count":8,"href":"https:\/\/nccr-onthemove.ch\/blog\/wp-json\/wp\/v2\/posts\/9299\/revisions"}],"predecessor-version":[{"id":9353,"href":"https:\/\/nccr-onthemove.ch\/blog\/wp-json\/wp\/v2\/posts\/9299\/revisions\/9353"}],"wp:featuredmedia":[{"embeddable":true,"href":"https:\/\/nccr-onthemove.ch\/blog\/wp-json\/wp\/v2\/media\/9343"}],"wp:attachment":[{"href":"https:\/\/nccr-onthemove.ch\/blog\/wp-json\/wp\/v2\/media?parent=9299"}],"wp:term":[{"taxonomy":"category","embeddable":true,"href":"https:\/\/nccr-onthemove.ch\/blog\/wp-json\/wp\/v2\/categories?post=9299"},{"taxonomy":"post_tag","embeddable":true,"href":"https:\/\/nccr-onthemove.ch\/blog\/wp-json\/wp\/v2\/tags?post=9299"},{"taxonomy":"author","embeddable":true,"href":"https:\/\/nccr-onthemove.ch\/blog\/wp-json\/wp\/v2\/coauthors?post=9299"}],"curies":[{"name":"wp","href":"https:\/\/api.w.org\/{rel}","templated":true}]}}