{"id":9378,"date":"2024-04-10T09:30:07","date_gmt":"2024-04-10T07:30:07","guid":{"rendered":"https:\/\/nccr-onthemove.ch\/blog\/?p=9378"},"modified":"2024-04-16T17:12:21","modified_gmt":"2024-04-16T15:12:21","slug":"europas-weg-zum-kommunalen-und-regionalen-wahlrecht-fur-alle","status":"publish","type":"post","link":"https:\/\/nccr-onthemove.ch\/blog\/europas-weg-zum-kommunalen-und-regionalen-wahlrecht-fur-alle\/","title":{"rendered":"Europas Weg zum kommunalen und regionalen Wahlrecht f\u00fcr Alle"},"content":{"rendered":"<p><strong>Bei Demokratie- und Integrationsdebatten der letzten Jahrzehnte taucht es immer wieder auf: das Thema Wahlrecht f\u00fcr alle Einwohner*innen, unabh\u00e4ngig von der Staatsangeh\u00f6rigkeit. Sowohl der Trend wie auch die Folgen sind eindeutig: die Mehrheit der europ\u00e4ischen Demokratien hat bez\u00fcglich der \u00d6ffnung des Wahlrechts den Einstieg gemacht, Zugewanderte werden politisch integriert, der lokale Zusammenhalt gest\u00e4rkt. <\/strong><\/p>\n<p>Das Recht auf die Teilnahme an freien, gleichen und geheimen Wahlen ist ein Grundprinzip unserer Demokratien. Das Wort Demokratie &#8211; Volks-Herrschaft &#8211; und seine Grundanlage verdanken wir der Ur-Demokratie in Athen vor gut 2500 Jahren. Doch schon damals war das \u201eVolk\u201c eine relative Gr\u00f6sse. Es d\u00fcrften nur etwa 20% der Bev\u00f6lkerung gewesen sein, die im antiken Athen mit ihrer Stimme bzw. Scherbe den Lauf des Staates beeinflussen konnten &#8211; Frauen, Sklaven und Eingewanderte besassen kein Wahlrecht.<\/p>\n<p>Noch in den Demokratien der Neuzeit waren Geschlecht, Religionszugeh\u00f6rigkeit, Herkunft, Bildungsgrad und Verm\u00f6gen der Massstab f\u00fcr die Wahlberechtigung und den Wert einer Stimme. Heute entscheidet meist nur noch der Pass \u00fcber die gleichberechtigte demokratische Zugeh\u00f6rigkeit und damit \u00fcber das Recht, zu w\u00e4hlen.<\/p>\n<p>In den deutschsprachigen L\u00e4ndern sichert der nationale Pass die Teilnahme an allen Wahlen, ein EU-Pass in \u00d6sterreich und Deutschland die gleichberechtigte Beteiligung an kommunalen Wahlen. Ein Nicht-EU-Pass bedeutet hingegen oft: keine Stimme, kein Wahlrecht.<\/p>\n<h5><strong>Eher die Regel als die Ausnahme<\/strong><\/h5>\n<p>Europaweit sind \u00d6sterreich und Deutschland eher die Ausnahme als die Regel. Bereits <a href=\"https:\/\/wir-w\u00e4hlen.org\/wp-content\/uploads\/2024\/03\/2023-Wahlrecht_Laender_Ueberblick_wahlkreis100.pdf\">14 von 27 EU-Staaten<\/a> \u00a0und vier weitere Staaten Europas &#8211; Norwegen, Island, die Schweiz (einzelne St\u00e4dte, Kantone) und Grossbritannien &#8211; praktizieren eine gesetzlich geregelte Wahlbeteiligung von Nicht-EU-Staatsangeh\u00f6rigen auf mindestens der kommunalen Ebene.<\/p>\n<p>H\u00e4tten die Entscheidungen von Europarat und Europ\u00e4ischem Parlament gesetzgebende Kraft, g\u00e4be es EU-weit bereits ein kommunales Wahlrecht f\u00fcr alle Migrant*innen unabh\u00e4ngig von der Staatsangeh\u00f6rigkeit.<\/p>\n<p>In nationale Gesetze umgesetzt wurde allerdings <a href=\"hyperlink%20https:\/eur-lex.europa.eu\/legal-content\/DE\/TXT\/HTML\/?uri=CELEX:11992M\/TXT&amp;from=RO\">der Maastricht Vertrag<\/a> \u00a0vom 7.2.1992, der f\u00fcr die Europ\u00e4ische Union ein gemeinschaftliches Verst\u00e4ndnis einer gleichberechtigten B\u00fcrgerschaft festlegt: <em>\u201eJeder Unionsb\u00fcrger mit Wohnsitz in einem Mitgliedsstaat &#8230; hat in dem Mitgliedsstaat, in dem er seinen Wohnsitz hat, das aktive und passive Wahlrecht bei Kommunalwahlen, wobei f\u00fcr ihn dieselben Bedingungen gelten wie f\u00fcr Angeh\u00f6rige des betreffenden Mitgliedstaates &#8230;&#8221; (Art. 8b).<\/em><\/p>\n<p><a href=\"https:\/\/nccr-onthemove.ch\/blog\/wp-content\/uploads\/2024\/04\/Picture-1.png\"><img loading=\"lazy\" decoding=\"async\" class=\"aligncenter wp-image-9379 size-full\" src=\"https:\/\/nccr-onthemove.ch\/blog\/wp-content\/uploads\/2024\/04\/Picture-1.png\" alt=\"\" width=\"967\" height=\"889\" srcset=\"https:\/\/nccr-onthemove.ch\/blog\/wp-content\/uploads\/2024\/04\/Picture-1.png 967w, https:\/\/nccr-onthemove.ch\/blog\/wp-content\/uploads\/2024\/04\/Picture-1-300x276.png 300w, https:\/\/nccr-onthemove.ch\/blog\/wp-content\/uploads\/2024\/04\/Picture-1-768x706.png 768w, https:\/\/nccr-onthemove.ch\/blog\/wp-content\/uploads\/2024\/04\/Picture-1-640x588.png 640w\" sizes=\"auto, (max-width: 967px) 100vw, 967px\" \/><\/a><\/p>\n<h5><strong>Kein Neuland<\/strong><\/h5>\n<p>F\u00fcr manche EU-Staaten war dieses B\u00fcrgerschafts-Verst\u00e4ndnis kein Neuland. In Irland, den Niederlanden, D\u00e4nemark, Schweden und Finnland w\u00e4hlen EU- und Nicht-EU-Staatsangeh\u00f6rige kommunal aktiv und passiv, z.T. nach 6 Monaten Aufenthalt und schon seit 1963. Einige Staaten erlauben nur die aktive Wahl, aber keine Kandidatur &#8211; Belgien, Estland, Luxemburg, Litauen und Ungarn. Spanien, Portugal und das ex-EU-Land Grossbritannien vergeben das aktive Wahlrecht nur an bestimmte Personengruppen, mit denen sie aus historisch-kolonialen Gr\u00fcnden verbunden sind.<\/p>\n<p>Zur Behebung von M\u00e4ngeln bei der Integration der zugewanderten Bev\u00f6lkerung verabschiedete der Europarat noch am 5.2.1992 \u2013 nicht zuf\u00e4llig 2 Tage vor dem Maastricht-Vertrag &#8211; die \u201e<a href=\"https:\/\/www.coe.int\/de\/web\/conventions\/full-list?module=treaty-detail&amp;treatynum=144\">Konvention des Europarats \u00fcber die Beteiligung von Ausl\u00e4ndern am \u00f6ffentlichen Leben der Gemeinden<\/a><em>\u201d.<\/em> Diese trat 1997 in Kraft und enth\u00e4lt die klare Selbstverpflichtung, <em>\u201ejedem ans\u00e4ssigen Ausl\u00e4nder bei Kommunalwahlen das aktive und passive Wahlrecht zuzugestehen<\/em>\u201c.\u00a0 Dies soll, so konkretisiert das Europ\u00e4ische Parlament 2003, f\u00fcr alle gelten, die <u>\u201e<\/u><a href=\"https:\/\/www.europarl.europa.eu\/doceo\/document\/TA-5-2003-0376_DE.html\"><em>sich seit langer Zeit (drei Jahren) <\/em><em>rechtm\u00e4ss<\/em><em>ig in einem Mitgliedstaat aufhalten<\/em><\/a><em>\u201d.<\/em><\/p>\n<h5><strong>Demokratiestandard<\/strong><\/h5>\n<p>Einige EU-Beitrittsl\u00e4nder, z.B. Litauen, Slowakei und Slowenien, hatten mit Einf\u00fchrung der Unionsb\u00fcrgerschaft gleich das kommunale Wahlrecht f\u00fcr alle B\u00fcrger*innen ohne nationalen Pass in ihre Gesetze aufgenommen. Wurde das Wahlrecht erst einmal eingef\u00fchrt, wurde es trotz wechselnder politischer Mehrheiten danach nicht mehr in Frage gestellt, sondern eher erweitert (k\u00fcrzere Aufenthaltsdauer), und hat sich als Demokratiestandard etabliert.<\/p>\n<p>Das Beispiel Ungarn zeigt, dass selbst eine autokratische Regierung an der politischen Partizipation von Nicht-Staatsangeh\u00f6rigen festh\u00e4lt, wenn gen\u00fcgend eigene machterhaltende Interessen bedient werden. Viele Nicht-EU-Staatsangeh\u00f6rige in Ungarn stammen aus ehemaligen ungarischen Territorien ausserhalb der EU (Ukraine, Serbien) und bilden kommunal, wie sp\u00e4ter national als Eingeb\u00fcrgerte, eine sichere Stimmbasis f\u00fcr die Regierungspartei FIDESZ.<\/p>\n<h5><strong>Wales und Schottland nutzen Brexit<\/strong><a href=\"https:\/\/nccr-onthemove.ch\/blog\/wp-content\/uploads\/2024\/04\/Picture-4.png\"><img loading=\"lazy\" decoding=\"async\" class=\"aligncenter wp-image-9398 size-full\" src=\"https:\/\/nccr-onthemove.ch\/blog\/wp-content\/uploads\/2024\/04\/Picture-4.png\" alt=\"\" width=\"748\" height=\"348\" srcset=\"https:\/\/nccr-onthemove.ch\/blog\/wp-content\/uploads\/2024\/04\/Picture-4.png 748w, https:\/\/nccr-onthemove.ch\/blog\/wp-content\/uploads\/2024\/04\/Picture-4-300x140.png 300w, https:\/\/nccr-onthemove.ch\/blog\/wp-content\/uploads\/2024\/04\/Picture-4-640x298.png 640w\" sizes=\"auto, (max-width: 748px) 100vw, 748px\" \/><\/a><\/h5>\n<p>St\u00e4rker demokratischen \u00dcberzeugungen folgend, aber ebenfalls mit eigenen politischen Absichten verbunden, sind im Vereinigten K\u00f6nigreich die Entscheidungen in Wales (2019) und Schottland (2020). Sie haben nach dem Brexit das Wahlrecht f\u00fcr alle Einwohner*innen auf der kommunalen und regionalen Ebene \u2013 f\u00fcr das schottische und walisische Parlament &#8211; eingef\u00fchrt. Bisher wahlberechtigte EU-Staatsangeh\u00f6rige bleiben dadurch politisch integriert, und mit der Erweiterung um die regionalen Ebene werden sie mit Commonwealth-Staatsangeh\u00f6rigen weitgehend gleichgestellt. In England fordern St\u00e4dte wie Manchester (2024) ihre Regierung auf, dem Vorbild von Wales und Schottland zu folgen.<\/p>\n<p>In den demokratischen L\u00e4ndern, die trotz hohem Bev\u00f6lkerungsanteil mit Zuwanderungsgeschichte noch kein kommunales Wahlrecht f\u00fcr alle eingef\u00fchrt haben, sind es zivilgesellschaftliche Initiativen, die u.a. mit symbolischen Wahlen f\u00fcr Nicht-Wahlberechtigte den Druck erh\u00f6hen. Weitere Initiativen sind der internationale Tag des Wahlrechts f\u00fcr Alle (26. April) und nationale und internationale Kooperationen wie das collectif <a href=\"http:\/\/www.jsjv.fr\/\">J\u2019y suis, j\u2019y vote<\/a> (Frankreich), <a href=\"http:\/\/www.sosmitmensch.at\/\">SOS Mitmensch<\/a> (\u00d6sterreich), das <a href=\"http:\/\/www.migrantdemos.org.uk\">Migrant Democracy Project<\/a> (UK), <a href=\"http:\/\/www.wir-w\u00e4hlen.org\/\">WIR W\u00c4HLEN<\/a> (Deutschland) oder <a href=\"http:\/\/www.votingrightsforall.net\/\">Voting rights for all residents<\/a> (Europa).<\/p>\n<h5><strong>Stadt-Zugeh\u00f6rigkeit statt Pass-Zugeh\u00f6rigkeit<\/strong><\/h5>\n<p>Eine lebendige, wehrhafte Demokratie braucht die Beteiligung all ihrer Einwohner*innen. Ein Teil des Weges hin zu diesem Ziel ist bereits zur\u00fcckgelegt und zur unaufgeregten Praxis geworden. Seit fast 30 Jahren w\u00e4hlen EU-Staatsangeh\u00f6rige in einem anderen EU-Staat das Parlament der Gemeinde, in der sie leben und sind dort auch als Mitglieder der Gemeindeparlamente aktiv. In 18 europ\u00e4ischen Staaten gilt das ebenso f\u00fcr Nicht-EU-Staatsangeh\u00f6rige und in den meisten F\u00e4llen k\u00f6nnen sie auch selbst gew\u00e4hlt werden. Das entscheidende Kriterium ist nicht mehr der Pass, sondern die Zugeh\u00f6rigkeit zur Stadt\/ Gemeinde.<\/p>\n<p><a href=\"https:\/\/nccr-onthemove.ch\/blog\/wp-content\/uploads\/2024\/04\/Picture-3.png\"><img loading=\"lazy\" decoding=\"async\" class=\"aligncenter wp-image-9387 size-full\" src=\"https:\/\/nccr-onthemove.ch\/blog\/wp-content\/uploads\/2024\/04\/Picture-3.png\" alt=\"\" width=\"1263\" height=\"824\" srcset=\"https:\/\/nccr-onthemove.ch\/blog\/wp-content\/uploads\/2024\/04\/Picture-3.png 1263w, https:\/\/nccr-onthemove.ch\/blog\/wp-content\/uploads\/2024\/04\/Picture-3-300x196.png 300w, https:\/\/nccr-onthemove.ch\/blog\/wp-content\/uploads\/2024\/04\/Picture-3-1024x668.png 1024w, https:\/\/nccr-onthemove.ch\/blog\/wp-content\/uploads\/2024\/04\/Picture-3-768x501.png 768w, https:\/\/nccr-onthemove.ch\/blog\/wp-content\/uploads\/2024\/04\/Picture-3-640x418.png 640w\" sizes=\"auto, (max-width: 1263px) 100vw, 1263px\" \/><\/a><\/p>\n<p><em><a href=\"https:\/\/www.linkedin.com\/in\/clemens-hauser-40879a17a\/?originalSubdomain=de\" target=\"_blank\" rel=\"noopener\">Clemens Hauser<\/a> ist seit 20 Jahren ehrenamtlich aktiv bei der <a href=\"http:\/\/www.wahlkreis100.de\/\">Wahlrechtsinitiative Freiburger Wahlkreis 100%<\/a> (D) und koordiniert die Netzwerke WIR W\u00c4HLEN (D) und Voting Rights for All Residents\/ VRAR (Europa).<\/em><\/p>\n<p>Links zu vorherigen nccr blogs:<\/p>\n<p class=\"p1\">&#8211;<a href=\"https:\/\/nccr-onthemove.ch\/blog\/voting-rights-a-question-of-nationality-or-residence\/\">Voting Rights \u2013 A Question of Nationality or Residence?<\/a><br \/>\n&#8211;<a href=\"https:\/\/nccr-onthemove.ch\/blog\/non-citizen-voting-rights-a-new-european-network\/\">Non-Citizen Voting Rights: A New European Network<\/a><br \/>\n&#8211;<a href=\"https:\/\/nccr-onthemove.ch\/blog\/der-erste-internationale-tag-fur-das-wahlrecht-fur-alle-einwohnerinnen\/\">Der erste \u00abinternationale Tag f\u00fcr das Wahlrecht f\u00fcr alle Einwohner*innen\u00bb<\/a><\/p>\n","protected":false},"excerpt":{"rendered":"<p>Bei Demokratie- und Integrationsdebatten der letzten Jahrzehnte taucht es immer wieder auf: das Thema Wahlrecht f\u00fcr alle Einwohner*innen, unabh\u00e4ngig von der Staatsangeh\u00f6rigkeit. Sowohl der Trend wie auch die Folgen sind eindeutig: die Mehrheit der europ\u00e4ischen Demokratien hat bez\u00fcglich der \u00d6ffnung des Wahlrechts den Einstieg gemacht, Zugewanderte werden politisch integriert, der<\/p>\n","protected":false},"author":323,"featured_media":9392,"comment_status":"open","ping_status":"closed","sticky":false,"template":"","format":"standard","meta":{"_acf_changed":false,"footnotes":""},"categories":[1211],"tags":[1214,226,1215,997,1212,1213],"coauthors":[1216],"class_list":["post-9378","post","type-post","status-publish","format-standard","has-post-thumbnail","hentry","category-voting-rights-for-non-nationals","tag-demokratie-2","tag-integration","tag-menschenrechte","tag-migration-2","tag-partizipation","tag-politische-partizipation"],"acf":[],"aioseo_notices":[],"_links":{"self":[{"href":"https:\/\/nccr-onthemove.ch\/blog\/wp-json\/wp\/v2\/posts\/9378","targetHints":{"allow":["GET"]}}],"collection":[{"href":"https:\/\/nccr-onthemove.ch\/blog\/wp-json\/wp\/v2\/posts"}],"about":[{"href":"https:\/\/nccr-onthemove.ch\/blog\/wp-json\/wp\/v2\/types\/post"}],"author":[{"embeddable":true,"href":"https:\/\/nccr-onthemove.ch\/blog\/wp-json\/wp\/v2\/users\/323"}],"replies":[{"embeddable":true,"href":"https:\/\/nccr-onthemove.ch\/blog\/wp-json\/wp\/v2\/comments?post=9378"}],"version-history":[{"count":10,"href":"https:\/\/nccr-onthemove.ch\/blog\/wp-json\/wp\/v2\/posts\/9378\/revisions"}],"predecessor-version":[{"id":9412,"href":"https:\/\/nccr-onthemove.ch\/blog\/wp-json\/wp\/v2\/posts\/9378\/revisions\/9412"}],"wp:featuredmedia":[{"embeddable":true,"href":"https:\/\/nccr-onthemove.ch\/blog\/wp-json\/wp\/v2\/media\/9392"}],"wp:attachment":[{"href":"https:\/\/nccr-onthemove.ch\/blog\/wp-json\/wp\/v2\/media?parent=9378"}],"wp:term":[{"taxonomy":"category","embeddable":true,"href":"https:\/\/nccr-onthemove.ch\/blog\/wp-json\/wp\/v2\/categories?post=9378"},{"taxonomy":"post_tag","embeddable":true,"href":"https:\/\/nccr-onthemove.ch\/blog\/wp-json\/wp\/v2\/tags?post=9378"},{"taxonomy":"author","embeddable":true,"href":"https:\/\/nccr-onthemove.ch\/blog\/wp-json\/wp\/v2\/coauthors?post=9378"}],"curies":[{"name":"wp","href":"https:\/\/api.w.org\/{rel}","templated":true}]}}