{"id":2802,"date":"2018-02-04T13:39:41","date_gmt":"2018-02-04T12:39:41","guid":{"rendered":"https:\/\/indicators.nccr-onthemove.ch\/do-migrants-want-to-remain-in-switzerland-for-a-long-time\/"},"modified":"2026-08-21T13:17:41","modified_gmt":"2026-08-21T11:17:41","slug":"wie-lange-moechten-die-migrantinnen-in-der-schweiz-bleiben","status":"publish","type":"post","link":"https:\/\/nccr-onthemove.ch\/indicators\/wie-lange-moechten-die-migrantinnen-in-der-schweiz-bleiben\/?lang=de","title":{"rendered":"Wie lange m\u00f6chten die Migrant*innen in der Schweiz bleiben?"},"content":{"rendered":"<p>Die Teilnehmenden des Migration-Mobility Survey wurden zu ihrer geplanten Aufenthaltsdauer in der Schweiz befragt. <strong>Ein gutes Drittel (34 %) gab an, f\u00fcr immer bleiben zu wollen<\/strong>. Bei den Menschen aus S\u00fcdamerika, Westafrika und Italien waren es \u00fcber 40 %, die f\u00fcr immer bleiben wollten \u2013 das sind doppelt so viele wie unter den Portugiesinnen und Portugiesen.<\/p>\n<p><strong>Eine Mehrheit (58 %) konnte sich nicht dazu \u00e4ussern. <\/strong>Lediglich eine Minderheit von 7 % der Befragten konnte pr\u00e4zise Angaben zur Aufenthaltsdauer machen. Personen aus Indien (14 %) und Nordamerika (17 %) machten am h\u00e4ufigsten genaue Angaben zur Anzahl Jahre, die sie in der Schweiz zu bleiben gedachten.<\/p>\n<p>Nach personenbezogenen Merkmalen liessen sich bei den Befragten nur wenige Unterschiede feststellen. Es zeigte sich allerdings, dass unter den Menschen, die aus famili\u00e4ren Gr\u00fcnden in die Schweiz gekommen waren, bei den 40-J\u00e4hrigen oder \u00e4lter sowie bei denjenigen ohne Hochschulabschluss eine gr\u00f6ssere Anzahl f\u00fcr immer in der Schweiz zu bleiben gedachte.<\/p>\n<p><a href=\"\/?p=2743&amp;lang=de\">Wie viele Migrantinnen und Migranten verlassen die Schweiz im Laufe der Zeit?<\/a> (Statistischer Indikator)<\/p>\n<p>\u2013<\/p>\n<p><strong>Quelle: <\/strong>Migration-Mobility Survey 2016, \u00abnccr \u2013 on the move\u00bb<\/p>\n<p><strong>Hinweis zum Verfahren: <\/strong>Diese Daten stammen aus dem Migration-Mobility Survey, einer im Herbst 2016 durchgef\u00fchrten Umfrage unter im Ausland geborenen ausl\u00e4ndischen Staatsangeh\u00f6rigen, die in den letzten zehn Jahren in die Schweiz eingewandert sind. Um in die Stichprobe aufgenommen zu werden, mussten diese Personen zum Zeitpunkt der Erhebung zwischen 24 und 64\u00a0Jahre alt sein und bei ihrer Einreise in die Schweiz mindestens das 18.\u00a0Altersjahr vollendet haben. Es wurden 11 L\u00e4nder oder Regionen bei der Stichprobenziehung ber\u00fccksichtigt. Insgesamt haben 5973\u00a0Personen den Fragebogen entweder online oder per Telefon vollst\u00e4ndig beantwortet. Dies entspricht einer R\u00fccklaufquote von 37,2\u00a0% aller Personen, die kontaktiert werden konnten.<\/p>\n<p><strong>Gestellte Frage:<\/strong> Wie viele weitere Jahre m\u00f6chten Sie in der Schweiz bleiben?<\/p>\n<p><strong>Bemerkung: <\/strong>Das \u00abHerkunftsland\u00bb ist das Land, das die Befragten als solches angegeben haben. In den meisten F\u00e4llen entspricht dieses (einer) ihrer Nationalit\u00e4t(en).<\/p>\n<p><strong>Nutzungsbedingungen:<\/strong>\u00a0Die Migration-Mobility Indicators werden kostenlos f\u00fcr nichtkommerzielle Zwecke zur Verf\u00fcgung gestellt. Wir bitten die Benutzerinnen und Benutzer um Angabe der Bezugsquelle.<\/p>\n<p><strong>Letzte Aktualisierung:<\/strong>\u00a028. Februar 2018<\/p>\n","protected":false},"excerpt":{"rendered":"<p>Die Teilnehmenden des Migration-Mobility Survey wurden zu ihrer geplanten Aufenthaltsdauer in der Schweiz befragt. Ein gutes Drittel (34 %) gab an, f\u00fcr immer bleiben zu wollen. Bei den Menschen aus S\u00fcdamerika, Westafrika und Italien waren es \u00fcber 40 %, die f\u00fcr immer bleiben wollten \u2013 das sind doppelt so viele<\/p>\n","protected":false},"author":10,"featured_media":0,"comment_status":"open","ping_status":"closed","sticky":false,"template":"","format":"standard","meta":{"_acf_changed":false,"footnotes":""},"categories":[110],"tags":[],"class_list":["post-2802","post","type-post","status-publish","format-standard","hentry","category-mobilitaet"],"acf":[],"aioseo_notices":[],"_links":{"self":[{"href":"https:\/\/nccr-onthemove.ch\/indicators\/wp-json\/wp\/v2\/posts\/2802","targetHints":{"allow":["GET"]}}],"collection":[{"href":"https:\/\/nccr-onthemove.ch\/indicators\/wp-json\/wp\/v2\/posts"}],"about":[{"href":"https:\/\/nccr-onthemove.ch\/indicators\/wp-json\/wp\/v2\/types\/post"}],"author":[{"embeddable":true,"href":"https:\/\/nccr-onthemove.ch\/indicators\/wp-json\/wp\/v2\/users\/10"}],"replies":[{"embeddable":true,"href":"https:\/\/nccr-onthemove.ch\/indicators\/wp-json\/wp\/v2\/comments?post=2802"}],"version-history":[{"count":8,"href":"https:\/\/nccr-onthemove.ch\/indicators\/wp-json\/wp\/v2\/posts\/2802\/revisions"}],"predecessor-version":[{"id":7113,"href":"https:\/\/nccr-onthemove.ch\/indicators\/wp-json\/wp\/v2\/posts\/2802\/revisions\/7113"}],"wp:attachment":[{"href":"https:\/\/nccr-onthemove.ch\/indicators\/wp-json\/wp\/v2\/media?parent=2802"}],"wp:term":[{"taxonomy":"category","embeddable":true,"href":"https:\/\/nccr-onthemove.ch\/indicators\/wp-json\/wp\/v2\/categories?post=2802"},{"taxonomy":"post_tag","embeddable":true,"href":"https:\/\/nccr-onthemove.ch\/indicators\/wp-json\/wp\/v2\/tags?post=2802"}],"curies":[{"name":"wp","href":"https:\/\/api.w.org\/{rel}","templated":true}]}}