{"id":3771,"date":"2019-08-19T16:37:18","date_gmt":"2019-08-19T14:37:18","guid":{"rendered":"https:\/\/indicators.nccr-onthemove.ch\/?p=3771"},"modified":"2025-09-05T16:31:45","modified_gmt":"2025-09-05T14:31:45","slug":"les-personnes-migrantes-sont-elles-victimes-de-discrimination","status":"publish","type":"post","link":"https:\/\/nccr-onthemove.ch\/indicators\/les-personnes-migrantes-sont-elles-victimes-de-discrimination\/?lang=fr","title":{"rendered":"Les personnes migrantes sont-elles victimes de discrimination ?"},"content":{"rendered":"<p><strong>Au total, 55 % des personnes interrog\u00e9es dans le Migration-Mobility Survey d\u00e9clarent avoir v\u00e9cu (rarement, parfois ou fr\u00e9quemment) des exp\u00e9riences de discrimination durant les deux derni\u00e8res ann\u00e9es.<\/strong>\u00a0Ces situations sont d\u00e9finies par un sentiment d\u2019avoir \u00e9t\u00e9 trait\u00e9es moins favorablement que d\u2019autres en raison de caract\u00e9ristiques personnelles, telles par exemple leur origine migratoire ou leur appartenance ethnique.<\/p>\n<p><strong>Les Portugais\u00b7e\u00b7s (66 %), et les personnes originaires d\u2019Asie (62 %) ont le plus souvent rapport\u00e9 des exp\u00e9riences de discrimination<\/strong>, alors que c\u2019est moins souvent le cas pour les Autrichien\u00b7ne\u00b7s (39 %).<\/p>\n<p>Relativement peu d\u2019\u00e9cart s\u2019observe en fonction des caract\u00e9ristiques individuelles.<\/p>\n<p><a title=\"https:\/\/nccr-onthemove.ch\/indicators\/les-personnes-migrantes-sont-elles-satisfaites-de-leur-migration\/?lang=fr\" href=\"https:\/\/nccr-onthemove.ch\/indicators\/les-personnes-migrantes-sont-elles-satisfaites-de-leur-migration\/?lang=fr\" target=\"_blank\" rel=\"noopener\">Les personnes migrantes sont-elles satisfaites de leur d\u00e9cision de migrer en Suisse ?<\/a><\/p>\n<p><a title=\"https:\/\/nccr-onthemove.ch\/indicators\/les-personnes-migrantes-ont-elles-ete-victimes-de-discrimination-en-raison-de-lepidemie-de-covid-19\/?lang=fr\" href=\"https:\/\/nccr-onthemove.ch\/indicators\/les-personnes-migrantes-ont-elles-ete-victimes-de-discrimination-en-raison-de-lepidemie-de-covid-19\/?lang=fr\" target=\"_blank\" rel=\"noopener\">Les migrant\u00b7e\u00b7s ont-ils\/elles \u00e9t\u00e9 victimes de discrimination en raison de l\u2019\u00e9pid\u00e9mie ?<\/a><\/p>\n<p>\u2013<\/p>\n<p><strong>Source<\/strong> : Migration-Mobility Survey 2024, nccr \u2013 on the move<\/p>\n<p><strong>Note m\u00e9thodologique :<\/strong> Ces donn\u00e9es sont issues de la Migration-Mobility Survey, une enqu\u00eate r\u00e9alis\u00e9e en automne 2024 aupr\u00e8s de personnes n\u00e9es \u00e0 l\u2019\u00e9tranger et de nationalit\u00e9 \u00e9trang\u00e8re, arriv\u00e9es en Suisse au cours des 18 derni\u00e8res ann\u00e9es. Pour \u00eatre incluses dans l\u2019\u00e9chantillon, ces personnes devaient \u00eatre \u00e2g\u00e9es de 24 \u00e0 64 ans au moment de l\u2019enqu\u00eate et d\u2019au moins 18 ans \u00e0 leur arriv\u00e9e en Suisse. 6\u2019971 personnes ont r\u00e9pondu \u00e0 l\u2019ensemble du questionnaire, soit en ligne, soit par t\u00e9l\u00e9phone.<\/p>\n<p><strong>Question pos\u00e9e : <\/strong>Discrimination signifie qu\u2019une personne est trait\u00e9e moins favorablement que les autres \u00e0 cause de diff\u00e9rentes caract\u00e9ristiques. Avez-vous v\u00e9cu des situations de pr\u00e9judice ou de discrimination en Suisse au cours des 24 derniers mois ?<\/p>\n<p><strong>Remarque : <\/strong>Le \u00ab\u00a0pays d\u2019origine\u00a0\u00bb se fonde sur la nationalit\u00e9 \u00ab\u00a0officielle\u00a0\u00bb attribu\u00e9e dans les strates de l\u2019Office f\u00e9d\u00e9ral de la statistique de Suisse, et non sur la nationalit\u00e9 auto-d\u00e9clar\u00e9e ou le pays d\u2019origine des r\u00e9pondant\u00b7e\u00b7s.<\/p>\n<p><strong>Conditions g\u00e9n\u00e9rales d\u2019utilisation :<\/strong> Les \u00ab Migration-Mobility Indicators \u00bb sont disponibles gratuitement pour une utilisation non commerciale. Nous prions les utilisatrices et utilisateurs de mentionner la source.<\/p>\n<p><strong>R\u00e9f\u00e9rence propos\u00e9e<\/strong> : nccr \u2013 on the move, Migration-Mobility Indicators. Neuch\u00e2tel: nccr \u2013 on the move, 2025.<\/p>\n<p>Pour plus d\u2019informations sur les fichiers de donn\u00e9es utilis\u00e9es, veuillez cliquer <a title=\"https:\/\/nccr-onthemove.ch\/DataManagement\/Inventory.pdf\" href=\"https:\/\/nccr-onthemove.ch\/DataManagement\/Inventory.pdf\" target=\"_blank\" rel=\"noopener\">ici<\/a>.<\/p>\n<p><strong>Derni\u00e8re mise \u00e0 jour :<\/strong> 3 septembre 2025<\/p>\n","protected":false},"excerpt":{"rendered":"<p>Au total, 55 % des personnes interrog\u00e9es dans le Migration-Mobility Survey d\u00e9clarent avoir v\u00e9cu (rarement, parfois ou fr\u00e9quemment) des exp\u00e9riences de discrimination durant les deux derni\u00e8res ann\u00e9es.\u00a0Ces situations sont d\u00e9finies par un sentiment d\u2019avoir \u00e9t\u00e9 trait\u00e9es moins favorablement que d\u2019autres en raison de caract\u00e9ristiques personnelles, telles par exemple leur origine<\/p>\n","protected":false},"author":18,"featured_media":0,"comment_status":"open","ping_status":"closed","sticky":false,"template":"","format":"standard","meta":{"_acf_changed":false,"footnotes":""},"categories":[60],"tags":[],"class_list":["post-3771","post","type-post","status-publish","format-standard","hentry","category-conditions-de-vie"],"acf":[],"aioseo_notices":[],"_links":{"self":[{"href":"https:\/\/nccr-onthemove.ch\/indicators\/wp-json\/wp\/v2\/posts\/3771","targetHints":{"allow":["GET"]}}],"collection":[{"href":"https:\/\/nccr-onthemove.ch\/indicators\/wp-json\/wp\/v2\/posts"}],"about":[{"href":"https:\/\/nccr-onthemove.ch\/indicators\/wp-json\/wp\/v2\/types\/post"}],"author":[{"embeddable":true,"href":"https:\/\/nccr-onthemove.ch\/indicators\/wp-json\/wp\/v2\/users\/18"}],"replies":[{"embeddable":true,"href":"https:\/\/nccr-onthemove.ch\/indicators\/wp-json\/wp\/v2\/comments?post=3771"}],"version-history":[{"count":25,"href":"https:\/\/nccr-onthemove.ch\/indicators\/wp-json\/wp\/v2\/posts\/3771\/revisions"}],"predecessor-version":[{"id":7017,"href":"https:\/\/nccr-onthemove.ch\/indicators\/wp-json\/wp\/v2\/posts\/3771\/revisions\/7017"}],"wp:attachment":[{"href":"https:\/\/nccr-onthemove.ch\/indicators\/wp-json\/wp\/v2\/media?parent=3771"}],"wp:term":[{"taxonomy":"category","embeddable":true,"href":"https:\/\/nccr-onthemove.ch\/indicators\/wp-json\/wp\/v2\/categories?post=3771"},{"taxonomy":"post_tag","embeddable":true,"href":"https:\/\/nccr-onthemove.ch\/indicators\/wp-json\/wp\/v2\/tags?post=3771"}],"curies":[{"name":"wp","href":"https:\/\/api.w.org\/{rel}","templated":true}]}}