{"id":3773,"date":"2019-08-19T16:37:56","date_gmt":"2019-08-19T14:37:56","guid":{"rendered":"https:\/\/indicators.nccr-onthemove.ch\/?p=3773"},"modified":"2025-09-05T16:33:25","modified_gmt":"2025-09-05T14:33:25","slug":"werden-die-migrantinnen-opfer-von-diskriminierung","status":"publish","type":"post","link":"https:\/\/nccr-onthemove.ch\/indicators\/werden-die-migrantinnen-opfer-von-diskriminierung\/?lang=de","title":{"rendered":"Werden die Migrant*innen Opfer von Dis&shy;krimi&shy;nierung?"},"content":{"rendered":"<p><strong>Insgesamt waren 55% der im Migration-Mobility Survey befragten Personen in den letzten zwei Jahren (selten, manchmal oder regelm\u00e4ssig) mit<\/strong><strong> Diskriminierung konfrontiert<\/strong>. Dabei hatten sie das Gef\u00fchl, aufgrund pers\u00f6nlicher Eigenschaften wie etwa ihrem Migrationshintergrund oder ihrer ethnischen Zugeh\u00f6rigkeit gegen\u00fcber anderen Menschen benachteiligt zu werden.<\/p>\n<p><strong>Befragte aus Portugal (66%) und aus Asien (62%) berichteten am meisten von Diskriminierungserfahrungen<\/strong>, w\u00e4hrend dies bei \u00d6sterreicher*innen (39%) weniger h\u00e4ufig der Fall war.<\/p>\n<p>In Bezug auf individuelle Eigenschaften sind relativ geringe Unterschiede zu beobachten.<\/p>\n<p><a title=\"https:\/\/nccr-onthemove.ch\/indicators\/bewerten-die-migrantinnen-ihre-auswanderung-positiv\/?lang=de\" href=\"https:\/\/nccr-onthemove.ch\/indicators\/bewerten-die-migrantinnen-ihre-auswanderung-positiv\/?lang=de\" target=\"_blank\" rel=\"noopener\">Bewerten die Migrant*innen ihre Auswanderung positiv?<\/a><\/p>\n<p><a title=\"https:\/\/nccr-onthemove.ch\/indicators\/haben-die-migrantinnen-wegen-covid-19-diskriminierung-erlebt\/?lang=de\" href=\"https:\/\/nccr-onthemove.ch\/indicators\/haben-die-migrantinnen-wegen-covid-19-diskriminierung-erlebt\/?lang=de\" target=\"_blank\" rel=\"noopener\">Haben die Migrant*innen wegen COVID-19 Diskriminierung erlebt?<\/a><br \/>\n\u2013<\/p>\n<p><strong>Quelle: <\/strong>Migration-Mobility Survey 2024, nccr \u2013 on the move<\/p>\n<p><strong>Hinweis zum Verfahren: <\/strong>Diese Daten stammen aus dem Migration-Mobility Survey, einer im Herbst 2024 durchgef\u00fchrten Umfrage unter im Ausland geborenen ausl\u00e4ndischen Staatsangeh\u00f6rigen, die in den letzten 18 Jahren in die Schweiz eingewandert sind. Um in die Stichprobe aufgenommen zu werden, mussten diese Personen zum Zeitpunkt der Erhebung zwischen 24 und 64 Jahre alt sein und bei ihrer Einreise in die Schweiz mindestens das 18. Altersjahr vollendet haben. 6&#8217;971 Personen haben den Fragebogen entweder online oder per Telefon vollst\u00e4ndig beantwortet.<\/p>\n<p><strong>Gestellte Frage: <\/strong>Diskriminierung bedeutet, dass eine Person aufgrund unterschiedlicher Eigenschaften gegen\u00fcber anderen Menschen benachteiligt wird. Waren Sie in den vergangenen 24\u00a0Monaten in der Schweiz mit Vorurteilen oder Diskriminierung konfrontiert?<\/p>\n<p><strong>Bemerkung: <\/strong>Das \u00abHerkunftsland\u00bb basiert auf der \u00aboffiziellen\u00bb Nationalit\u00e4t, die den Strata des Bundesamts f\u00fcr Statistik der Schweiz zugeordnet ist, und nicht auf der von den Befragten selbst deklarierten Nationalit\u00e4t oder dem Herkunftsland.<\/p>\n<p><strong>Nutzungsbedingungen:<\/strong> Die Migration-Mobility Indicators werden kostenlos f\u00fcr nichtkommerzielle Zwecke zur Verf\u00fcgung gestellt. Wir bitten die Benutzerinnen und Benutzer um Angabe der Bezugsquelle.<\/p>\n<p><strong>Vorgeschlagene Quellenangabe<\/strong>: nccr \u2013 on the move, Migration-Mobility Indicators. Neuch\u00e2tel: nccr \u2013 on the move, 2025.<\/p>\n<p>F\u00fcr n\u00e4here Informationen zu den verwendeten Datens\u00e4tzen klicken Sie bitte <a title=\"https:\/\/nccr-onthemove.ch\/DataManagement\/Inventory.pdf\" href=\"https:\/\/nccr-onthemove.ch\/DataManagement\/Inventory.pdf\" target=\"_blank\" rel=\"noopener\">hier<\/a>.<\/p>\n<p><strong>Letzte Aktualisierung:<\/strong> 3. September 2025<\/p>\n","protected":false},"excerpt":{"rendered":"<p>Insgesamt waren 55% der im Migration-Mobility Survey befragten Personen in den letzten zwei Jahren (selten, manchmal oder regelm\u00e4ssig) mit Diskriminierung konfrontiert. Dabei hatten sie das Gef\u00fchl, aufgrund pers\u00f6nlicher Eigenschaften wie etwa ihrem Migrationshintergrund oder ihrer ethnischen Zugeh\u00f6rigkeit gegen\u00fcber anderen Menschen benachteiligt zu werden. Befragte aus Portugal (66%) und aus Asien<\/p>\n","protected":false},"author":18,"featured_media":0,"comment_status":"open","ping_status":"closed","sticky":false,"template":"","format":"standard","meta":{"_acf_changed":false,"footnotes":""},"categories":[61],"tags":[],"class_list":["post-3773","post","type-post","status-publish","format-standard","hentry","category-lebensbedingungen"],"acf":[],"aioseo_notices":[],"_links":{"self":[{"href":"https:\/\/nccr-onthemove.ch\/indicators\/wp-json\/wp\/v2\/posts\/3773","targetHints":{"allow":["GET"]}}],"collection":[{"href":"https:\/\/nccr-onthemove.ch\/indicators\/wp-json\/wp\/v2\/posts"}],"about":[{"href":"https:\/\/nccr-onthemove.ch\/indicators\/wp-json\/wp\/v2\/types\/post"}],"author":[{"embeddable":true,"href":"https:\/\/nccr-onthemove.ch\/indicators\/wp-json\/wp\/v2\/users\/18"}],"replies":[{"embeddable":true,"href":"https:\/\/nccr-onthemove.ch\/indicators\/wp-json\/wp\/v2\/comments?post=3773"}],"version-history":[{"count":24,"href":"https:\/\/nccr-onthemove.ch\/indicators\/wp-json\/wp\/v2\/posts\/3773\/revisions"}],"predecessor-version":[{"id":7019,"href":"https:\/\/nccr-onthemove.ch\/indicators\/wp-json\/wp\/v2\/posts\/3773\/revisions\/7019"}],"wp:attachment":[{"href":"https:\/\/nccr-onthemove.ch\/indicators\/wp-json\/wp\/v2\/media?parent=3773"}],"wp:term":[{"taxonomy":"category","embeddable":true,"href":"https:\/\/nccr-onthemove.ch\/indicators\/wp-json\/wp\/v2\/categories?post=3773"},{"taxonomy":"post_tag","embeddable":true,"href":"https:\/\/nccr-onthemove.ch\/indicators\/wp-json\/wp\/v2\/tags?post=3773"}],"curies":[{"name":"wp","href":"https:\/\/api.w.org\/{rel}","templated":true}]}}