{"id":3785,"date":"2021-01-06T15:00:35","date_gmt":"2021-01-06T14:00:35","guid":{"rendered":"https:\/\/indicators.nccr-onthemove.ch\/?p=3785"},"modified":"2025-02-02T01:14:36","modified_gmt":"2025-02-02T00:14:36","slug":"wo-in-der-schweiz-werden-die-meisten-migrantinnen-eingebuergert","status":"publish","type":"post","link":"https:\/\/nccr-onthemove.ch\/indicators\/wo-in-der-schweiz-werden-die-meisten-migrantinnen-eingebuergert\/?lang=de","title":{"rendered":"Wo in der Schweiz werden die meisten Migrant*innen eingeb\u00fcrgert?"},"content":{"rendered":"<p><strong>Die mittlere Einb\u00fcrgerungsrate in der Schweiz betrug 1,6 % im Jahr 2020<\/strong>. Das heisst, dass im Laufe des Jahres ein bis zwei von 100 ausl\u00e4ndischen Personen, die st\u00e4ndig in der Schweiz lebten, eingeb\u00fcrgert wurden. Im Jahr 2020 wurden in der gesamten Schweiz rund 34\u2019000 Personen eingeb\u00fcrgert.<\/p>\n<p>Die Daten der Gemeinden und Kantone zur Einb\u00fcrgerung zeugen von einer <strong>grossen Vielfalt in der Einb\u00fcrgerungspraxis: Im Jahr 2019 bewegten sich die Raten der ordentlichen und der erleichterten Einb\u00fcrgerung zwischen 0,8 % in den Kantonen Uri und Appenzell Innerrhoden und 2,6 % in Genf<\/strong>.<\/p>\n<p>Bei den Gemeinden haben Z\u00fcrich, Genf, Basel und Lausanne w\u00e4hrend der letzten zwanzig Jahre die meisten ordentlichen und erleichterten Einb\u00fcrgerungen vorgenommen.<\/p>\n<p><a title=\"https:\/\/nccr-onthemove.ch\/indicators\/wie-viele-migrantinnen-werden-im-laufe-der-zeit-eingebuergert\/?lang=de\" href=\"https:\/\/nccr-onthemove.ch\/indicators\/wie-viele-migrantinnen-werden-im-laufe-der-zeit-eingebuergert\/?lang=de\" target=\"_blank\" rel=\"noopener\">Wie viele MigrantInnen werden im Laufe der Zeit eingeb\u00fcrgert?<\/a><\/p>\n<p><a title=\"https:\/\/nccr-onthemove.ch\/indicators\/welche-nationalen-und-kantonalen-gesetze-regeln-die-integration-von-migrantinnen\/?lang=de\" href=\"https:\/\/nccr-onthemove.ch\/indicators\/welche-nationalen-und-kantonalen-gesetze-regeln-die-integration-von-migrantinnen\/?lang=de\" target=\"_blank\" rel=\"noopener\">Welche nationalen und kantonalen Gesetze regeln die Integration von Migrant*innen?<\/a><\/p>\n<p><a title=\"https:\/\/nccr-onthemove.ch\/indicators\/wie-inklusiv-sind-die-buergerrechtsgesetze-in-den-26-schweizer-kantonen\/?lang=de\" href=\"https:\/\/nccr-onthemove.ch\/indicators\/wie-inklusiv-sind-die-buergerrechtsgesetze-in-den-26-schweizer-kantonen\/?lang=de\" target=\"_blank\" rel=\"noopener\">Wie inklusiv sind die B\u00fcrgerrechtsgesetze in den 26 Schweizer Kantonen?<\/a><\/p>\n<p>\u2013<\/p>\n<p><strong>Definitionen<\/strong><\/p>\n<p><strong>St\u00e4ndige Wohnbev\u00f6lkerung<\/strong>: Schweizer*innen sowie Ausl\u00e4nder*innen mit einer Aufenthaltsbewilligung f\u00fcr mehr als 12\u00a0Monate. Seit 2011 z\u00e4hlen zur st\u00e4ndigen Wohnbev\u00f6lkerung auch Ausl\u00e4nder*innen mit Ausweis F oder N, die seit mindestens 12\u00a0Monaten in der Schweiz leben.<\/p>\n<p><strong>Ordentliche Einb\u00fcrgerung: <\/strong>Diese gilt f\u00fcr alle ausl\u00e4ndischen Personen, die die von den Bundesbeh\u00f6rden festgelegten Voraussetzungen sowie die zum Teil sehr unterschiedlichen Voraussetzungen der Kantone und Gemeinden erf\u00fcllen. Das Gesuch muss beim Kanton oder bei der Gemeinde eingereicht werden.<\/p>\n<p><strong>Erleichterte Einb\u00fcrgerung: <\/strong>Von der erleichterten Einb\u00fcrgerung profitieren k\u00f6nnen unter bestimmten gesetzlichen Voraussetzungen insbesondere ausl\u00e4ndische Ehepartner*innen von Schweizer*innen sowie Kinder eines schweizerischen Elternteils, die das Schweizer B\u00fcrgerrecht noch nicht besitzen. \u00dcber die erleichterte Einb\u00fcrgerung entscheidet der Bund.<\/p>\n<p>\u2013<\/p>\n<p><strong>Quelle<\/strong>: Bundesamt f\u00fcr Statistik, Zentrales Ausl\u00e4nderregister (1998\u20132007), ZEMIS-Register (2008\u20132010), STATPOP-Statistik (2010\u20132020)<\/p>\n<p><strong>Hinweis zum Verfahren<\/strong>: Die Einb\u00fcrgerungsraten werden wie folgt berechnet: Zahl der ordentlichen oder erleichterten Einb\u00fcrgerungen, geteilt durch die Zahl der st\u00e4ndigen ausl\u00e4ndischen Wohnbev\u00f6lkerung zu Beginn des Jahres. Bis zum Jahr 2010 bestand die ber\u00fccksichtigte Wohnbev\u00f6lkerung aus Personen mit einem Ausweis\u00a0B oder C sowie aus Personen mit einem Ausweis\u00a0L f\u00fcr mindestens 12 Monate. Allerdings hat sich der Begriff \u00abWohnbev\u00f6lkerung\u00bb seit 2010 ge\u00e4ndert, da die Bev\u00f6lkerungsstatistik seit diesem Zeitpunkt auch Personen im Asylprozess miteinschliesst, die seit mindestens einem Jahr in der Schweiz leben. Diese Neuerung hatte jedoch keinen wesentlichen Einfluss auf die Raten.<\/p>\n<p><strong>Nutzungsbedingungen: <\/strong>Die Migration-Mobility Indicators werden kostenlos f\u00fcr nichtkommerzielle Zwecke zur Verf\u00fcgung gestellt. Wir bitten die Benutzerinnen und Benutzer um Angabe der Bezugsquelle.<\/p>\n<p><strong>Vorgeschlagene Quellenangabe:<\/strong> nccr \u2013 on the move, Migration-Mobility Indicators. Neuch\u00e2tel: nccr \u2013 on the move, 2022.<\/p>\n<p>F\u00fcr n\u00e4here Informationen zu den verwendeten Datens\u00e4tzen klicken Sie bitte <a title=\"https:\/\/nccr-onthemove.ch\/DataManagement\/Inventory.pdf\" href=\"https:\/\/nccr-onthemove.ch\/DataManagement\/Inventory.pdf\" target=\"_blank\" rel=\"noopener\">hier<\/a>.<\/p>\n<p><strong>Letzte Aktualisierung:<\/strong>\u00a07. Februar 2022<\/p>\n","protected":false},"excerpt":{"rendered":"<p>Die mittlere Einb\u00fcrgerungsrate in der Schweiz betrug 1,6 % im Jahr 2020. Das heisst, dass im Laufe des Jahres ein bis zwei von 100 ausl\u00e4ndischen Personen, die st\u00e4ndig in der Schweiz lebten, eingeb\u00fcrgert wurden. Im Jahr 2020 wurden in der gesamten Schweiz rund 34\u2019000 Personen eingeb\u00fcrgert. Die Daten der Gemeinden<\/p>\n","protected":false},"author":18,"featured_media":0,"comment_status":"open","ping_status":"closed","sticky":false,"template":"","format":"standard","meta":{"_acf_changed":false,"footnotes":""},"categories":[376],"tags":[],"class_list":["post-3785","post","type-post","status-publish","format-standard","hentry","category-buergerrechte"],"acf":[],"aioseo_notices":[],"_links":{"self":[{"href":"https:\/\/nccr-onthemove.ch\/indicators\/wp-json\/wp\/v2\/posts\/3785","targetHints":{"allow":["GET"]}}],"collection":[{"href":"https:\/\/nccr-onthemove.ch\/indicators\/wp-json\/wp\/v2\/posts"}],"about":[{"href":"https:\/\/nccr-onthemove.ch\/indicators\/wp-json\/wp\/v2\/types\/post"}],"author":[{"embeddable":true,"href":"https:\/\/nccr-onthemove.ch\/indicators\/wp-json\/wp\/v2\/users\/18"}],"replies":[{"embeddable":true,"href":"https:\/\/nccr-onthemove.ch\/indicators\/wp-json\/wp\/v2\/comments?post=3785"}],"version-history":[{"count":18,"href":"https:\/\/nccr-onthemove.ch\/indicators\/wp-json\/wp\/v2\/posts\/3785\/revisions"}],"predecessor-version":[{"id":6834,"href":"https:\/\/nccr-onthemove.ch\/indicators\/wp-json\/wp\/v2\/posts\/3785\/revisions\/6834"}],"wp:attachment":[{"href":"https:\/\/nccr-onthemove.ch\/indicators\/wp-json\/wp\/v2\/media?parent=3785"}],"wp:term":[{"taxonomy":"category","embeddable":true,"href":"https:\/\/nccr-onthemove.ch\/indicators\/wp-json\/wp\/v2\/categories?post=3785"},{"taxonomy":"post_tag","embeddable":true,"href":"https:\/\/nccr-onthemove.ch\/indicators\/wp-json\/wp\/v2\/tags?post=3785"}],"curies":[{"name":"wp","href":"https:\/\/api.w.org\/{rel}","templated":true}]}}