{"id":3795,"date":"2019-08-19T18:18:28","date_gmt":"2019-08-19T16:18:28","guid":{"rendered":"https:\/\/indicators.nccr-onthemove.ch\/?p=3795"},"modified":"2025-09-05T13:52:23","modified_gmt":"2025-09-05T11:52:23","slug":"les-personnes-migrantes-souhaitent-t-elles-se-faire-naturaliser","status":"publish","type":"post","link":"https:\/\/nccr-onthemove.ch\/indicators\/les-personnes-migrantes-souhaitent-t-elles-se-faire-naturaliser\/?lang=fr","title":{"rendered":"Les personnes migrantes souhaitent-elles se faire naturaliser ?"},"content":{"rendered":"<p>\u00c0 la question de savoir si elles avaient l\u2019intention de demander la nationalit\u00e9 suisse dans le futur, quelque 21 % des personnes interrog\u00e9es dans le Migration-Mobility Survey d\u00e9clarent ne pas savoir,<strong>\u00a067 % <\/strong><strong>vont probablement ou certainement le faire<\/strong>\u00a0(dont 11% sont d\u00e9j\u00e0 naturalis\u00e9es ou ont d\u00e9j\u00e0 lanc\u00e9 la proc\u00e9dure), tandis que 11 % ne pensent pas le faire.<\/p>\n<p>Les groupes pr\u00e9sentant\u00a0<strong>le plus fort taux d\u2019int\u00e9r\u00eat pour la naturalisation sont ceux des pays des Balkans et de Turquie (11 % de demandes d\u00e9j\u00e0 d\u00e9pos\u00e9es ou accept\u00e9es, 65 % pensent le faire) et d\u2019Asie du Sud (13 % et 62 % respectivement). <\/strong>Les personnes originaires d\u2019Autriche (32 % d\u2019int\u00e9ress\u00e9es) et du Portugal (31 %) sont les moins int\u00e9ress\u00e9es par l\u2019obtention de la nationalit\u00e9 suisse. Rappelons que les citoyen\u00b7ne\u00b7s autrichien\u00b7ne\u00b7s n\u2019ont pas le droit \u00e0 la double nationalit\u00e9, et devraient renoncer \u00e0 leur passeport en cas de naturalisation.<\/p>\n<p>La naturalisation int\u00e9resse un peu plus les hommes, les personnes de formation tertiaire, ainsi que les personnes en Suisse depuis au moins 5 ans. Les personnes arriv\u00e9es plus r\u00e9cemment sont les plus incertaines \u00e0 ce propos.<\/p>\n<p><a title=\"https:\/\/nccr-onthemove.ch\/indicators\/combien-de-migrant%c2%b7e%c2%b7s-sont-naturalise%c2%b7e%c2%b7s-au-fil-du-temps\/?lang=fr\" href=\"https:\/\/nccr-onthemove.ch\/indicators\/combien-de-migrant%c2%b7e%c2%b7s-sont-naturalise%c2%b7e%c2%b7s-au-fil-du-temps\/?lang=fr\" target=\"_blank\" rel=\"noopener\">Combien de migrant\u00b7e\u00b7s sont naturalis\u00e9\u00b7e\u00b7s au fil du temps\u00a0?<\/a><\/p>\n<p><a title=\"https:\/\/nccr-onthemove.ch\/indicators\/la-pandemie-a-t-elle-affecte-leurs-projets-de-sejour-en-suisse\/?lang=fr\" href=\"https:\/\/nccr-onthemove.ch\/indicators\/la-pandemie-a-t-elle-affecte-leurs-projets-de-sejour-en-suisse\/?lang=fr\" target=\"_blank\" rel=\"noopener\">La pand\u00e9mie a-t-elle affect\u00e9 les projets de s\u00e9jour en Suisse des personnes migrantes ?<\/a><\/p>\n<p>\u2013<\/p>\n<p><strong>Source : <\/strong>Migration-Mobility Survey 2024, nccr \u2013 on the move<\/p>\n<p><strong>Note m\u00e9thodologique<\/strong> : Ces donn\u00e9es sont issues de la Migration-Mobility Survey, une enqu\u00eate r\u00e9alis\u00e9e en automne 2024 aupr\u00e8s de personnes n\u00e9es \u00e0 l\u2019\u00e9tranger et de nationalit\u00e9 \u00e9trang\u00e8re, arriv\u00e9es en Suisse au cours des 18 derni\u00e8res ann\u00e9es. Pour \u00eatre incluses dans l\u2019\u00e9chantillon, ces personnes devaient \u00eatre \u00e2g\u00e9es de 24 \u00e0 64 ans au moment de l\u2019enqu\u00eate et d\u2019au moins 18 ans \u00e0 leur arriv\u00e9e en Suisse. 6\u2019971 personnes ont r\u00e9pondu \u00e0 l\u2019ensemble du questionnaire, soit en ligne, soit par t\u00e9l\u00e9phone.<\/p>\n<p><strong>Question pos\u00e9e :<\/strong> Avez-vous l\u2019intention de faire une demande de naturalisation en Suisse dans le futur ?<\/p>\n<p><strong>Remarque : <\/strong>Le \u00ab\u00a0pays d\u2019origine\u00a0\u00bb se fonde sur la nationalit\u00e9 \u00ab\u00a0officielle\u00a0\u00bb attribu\u00e9e dans les strates de l\u2019Office f\u00e9d\u00e9ral de la statistique de Suisse, et non sur la nationalit\u00e9 auto-d\u00e9clar\u00e9e ou le pays d\u2019origine des r\u00e9pondant\u00b7e\u00b7s.<\/p>\n<p><strong>Conditions g\u00e9n\u00e9rales d\u2019utilisation<\/strong> : Les \u00ab Migration-Mobility Indicators \u00bb sont disponibles gratuitement pour une utilisation non commerciale. Nous prions les utilisatrices et utilisateurs de mentionner la source.<\/p>\n<p><strong>R\u00e9f\u00e9rence propos\u00e9e<\/strong> : nccr \u2013 on the move, Migration-Mobility Indicators. Neuch\u00e2tel: nccr \u2013 on the move, 2025.<\/p>\n<p>Pour plus d\u2019informations sur les fichiers de donn\u00e9es utilis\u00e9es, veuillez cliquer <a title=\"https:\/\/nccr-onthemove.ch\/DataManagement\/Inventory.pdf\" href=\"https:\/\/nccr-onthemove.ch\/DataManagement\/Inventory.pdf\" target=\"_blank\" rel=\"noopener\">ici<\/a>.<\/p>\n<p><strong>Derni\u00e8re mise \u00e0 jour :<\/strong> 3 septembre 2025<\/p>\n","protected":false},"excerpt":{"rendered":"<p>\u00c0 la question de savoir si elles avaient l\u2019intention de demander la nationalit\u00e9 suisse dans le futur, quelque 21 % des personnes interrog\u00e9es dans le Migration-Mobility Survey d\u00e9clarent ne pas savoir,\u00a067 % vont probablement ou certainement le faire\u00a0(dont 11% sont d\u00e9j\u00e0 naturalis\u00e9es ou ont d\u00e9j\u00e0 lanc\u00e9 la proc\u00e9dure), tandis que<\/p>\n","protected":false},"author":18,"featured_media":0,"comment_status":"open","ping_status":"closed","sticky":false,"template":"","format":"standard","meta":{"_acf_changed":false,"footnotes":""},"categories":[377],"tags":[],"class_list":["post-3795","post","type-post","status-publish","format-standard","hentry","category-citoyennete"],"acf":[],"aioseo_notices":[],"_links":{"self":[{"href":"https:\/\/nccr-onthemove.ch\/indicators\/wp-json\/wp\/v2\/posts\/3795","targetHints":{"allow":["GET"]}}],"collection":[{"href":"https:\/\/nccr-onthemove.ch\/indicators\/wp-json\/wp\/v2\/posts"}],"about":[{"href":"https:\/\/nccr-onthemove.ch\/indicators\/wp-json\/wp\/v2\/types\/post"}],"author":[{"embeddable":true,"href":"https:\/\/nccr-onthemove.ch\/indicators\/wp-json\/wp\/v2\/users\/18"}],"replies":[{"embeddable":true,"href":"https:\/\/nccr-onthemove.ch\/indicators\/wp-json\/wp\/v2\/comments?post=3795"}],"version-history":[{"count":25,"href":"https:\/\/nccr-onthemove.ch\/indicators\/wp-json\/wp\/v2\/posts\/3795\/revisions"}],"predecessor-version":[{"id":6986,"href":"https:\/\/nccr-onthemove.ch\/indicators\/wp-json\/wp\/v2\/posts\/3795\/revisions\/6986"}],"wp:attachment":[{"href":"https:\/\/nccr-onthemove.ch\/indicators\/wp-json\/wp\/v2\/media?parent=3795"}],"wp:term":[{"taxonomy":"category","embeddable":true,"href":"https:\/\/nccr-onthemove.ch\/indicators\/wp-json\/wp\/v2\/categories?post=3795"},{"taxonomy":"post_tag","embeddable":true,"href":"https:\/\/nccr-onthemove.ch\/indicators\/wp-json\/wp\/v2\/tags?post=3795"}],"curies":[{"name":"wp","href":"https:\/\/api.w.org\/{rel}","templated":true}]}}