{"id":3804,"date":"2019-08-19T18:26:17","date_gmt":"2019-08-19T16:26:17","guid":{"rendered":"https:\/\/indicators.nccr-onthemove.ch\/?p=3804"},"modified":"2026-08-21T12:54:36","modified_gmt":"2026-08-21T10:54:36","slug":"quelles-sont-les-conditions-dacces-a-la-nationalite-et-au-droit-de-vote-dans-les-cantons","status":"publish","type":"post","link":"https:\/\/nccr-onthemove.ch\/indicators\/quelles-sont-les-conditions-dacces-a-la-nationalite-et-au-droit-de-vote-dans-les-cantons\/?lang=fr","title":{"rendered":"Quelles sont les conditions d\u2019acc\u00e8s \u00e0 la nationalit\u00e9 dans les cantons ?"},"content":{"rendered":"<p><a href=\"https:\/\/public.tableau.com\/app\/profile\/nccr.on.the.move\/viz\/ComparativeOverview\/ComparativeOverview\" target=\"_blank\" rel=\"noopener noreferrer\"><img loading=\"lazy\" decoding=\"async\" class=\"alignnone wp-image-3121 size-full\" src=\"https:\/\/nccr-onthemove.ch\/indicators\/wp-content\/uploads\/2018\/02\/MMI-Lightbox-14-1.jpg\" alt=\"\" width=\"995\" height=\"716\" srcset=\"https:\/\/nccr-onthemove.ch\/indicators\/wp-content\/uploads\/2018\/02\/MMI-Lightbox-14-1.jpg 995w, https:\/\/nccr-onthemove.ch\/indicators\/wp-content\/uploads\/2018\/02\/MMI-Lightbox-14-1-300x216.jpg 300w, https:\/\/nccr-onthemove.ch\/indicators\/wp-content\/uploads\/2018\/02\/MMI-Lightbox-14-1-768x553.jpg 768w\" sizes=\"auto, (max-width: 995px) 100vw, 995px\" \/><\/a><br \/>\n<em>Cliquez sur l\u2019image pour acc\u00e9der au graphique interactif.<\/em><\/p>\n<p>L\u2019Aper\u00e7u comparatif r\u00e9sume les exigences l\u00e9gales que les personnes \u00e9trang\u00e8res doivent satisfaire en vue d\u2019\u00eatre naturalis\u00e9es ou d\u2019obtenir le droit de vote et de se porter candidates aux \u00e9lections locales et cantonales dans les 26 cantons suisses en 2017. Elle d\u00e9crit \u00e9galement les conditions r\u00e9gulant le vote des Suisses de l\u2019\u00e9tranger dans leur canton et leur commune d\u2019origine, le cas \u00e9ch\u00e9ant.<\/p>\n<p>S\u2019agissant de la naturalisation ordinaire, l\u2019Aper\u00e7u comparatif met en \u00e9vidence <strong>des diff\u00e9rences significatives entre les cantons<\/strong>. Par exemple, les conditions de r\u00e9sidence varient d\u2019un minimum de deux ans dans les cantons du Jura et de Berne \u00e0 six ans \u00e0 Glaris et dans les Grisons. De m\u00eame, concernant les crit\u00e8res linguistiques, certains cantons se contentent de mentionner que les candidat\u00b7e\u00b7s doivent \u00eatre \u00ab capables de parler l\u2019une des langues officielles du canton \u00bb (p. ex. Fribourg), tandis que d\u2019autres exigent un niveau courant attest\u00e9 par un examen \u00e9crit (p. ex. Schwyz).<\/p>\n<p><strong>Concernant le droit de vote et de se porter candidat\u00b7e, les cantons de Neuch\u00e2tel et du Jura disposent de la l\u00e9gislation la plus inclusive,<\/strong> offrant aux non-citoyen\u00b7ne\u00b7s la possibilit\u00e9 de voter aux \u00e9lections cantonales et locales et de se pr\u00e9senter aux \u00e9lections locales. Par ailleurs, <strong>le canton du Tessin est le plus inclusif \u00e0 l\u2019\u00e9gard de ses citoyen\u00b7ne\u00b7s \u00e9migr\u00e9\u00b7e\u00b7s.<\/strong> En effet, c\u2019est le seul canton dont les citoyen\u00b7ne\u00b7s r\u00e9sidant \u00e0 l\u2019\u00e9tranger peuvent voter aux \u00e9lections nationales, cantonales et locales et m\u00eame se porter candidat\u00b7e\u00b7s aux \u00e9lections cantonales. \u00c0 l\u2019inverse, la plupart des cantons germanophones restreignent le droit de vote aux citoyen\u00b7ne\u00b7s suisses r\u00e9sidant actuellement dans le canton, excluant par cons\u00e9quent les personnes r\u00e9sidentes \u00e9trang\u00e8res comme les expatri\u00e9es.<br \/>\n\u2013<br \/>\n<strong>Note sur la m\u00e9thodologie <\/strong>: L\u2019Aper\u00e7u comparatif r\u00e9sume les dispositions l\u00e9gales telles que sp\u00e9cifi\u00e9es dans les lois cantonales compil\u00e9es dans le <a title=\"https:\/\/nccr-onthemove.ch\/indicators\/quelles-lois-federales-et-cantonales-regissent-lintegration-des-migrant%c2%b7e%c2%b7s\/?lang=fr\" href=\"https:\/\/nccr-onthemove.ch\/indicators\/quelles-lois-federales-et-cantonales-regissent-lintegration-des-migrant%c2%b7e%c2%b7s\/?lang=fr\" target=\"_blank\" rel=\"noopener\">Recueil de la l\u00e9gislation relative \u00e0 la citoyennet\u00e9<\/a>. Nous y distinguons cinq crit\u00e8res pour la naturalisation ordinaire (ayant trait \u00e0 la dur\u00e9e de r\u00e9sidence, la ma\u00eetrise de la langue, l\u2019int\u00e9gration civique et culturelle, les bonnes m\u0153urs et les ressources \u00e9conomiques) et deux crit\u00e8res pour l\u2019obtention du droit de vote et de se porter candidat\u00b7e aux \u00e9lections locales et cantonales (bas\u00e9s sur la nationalit\u00e9 et la r\u00e9sidence). Pour une description exhaustive de la typologie, veuillez consulter notre <a title=\"https:\/\/nccr-onthemove.ch\/publications\/swisscit-index-on-citizenship-law-in-swiss-cantons-conceptualisation-measurement-aggregation\/\" href=\"https:\/\/nccr-onthemove.ch\/publications\/swisscit-index-on-citizenship-law-in-swiss-cantons-conceptualisation-measurement-aggregation\/\" target=\"_blank\" rel=\"noopener\">note explicative<\/a>.<\/p>\n<p><strong>Conditions d\u2019utilisation <\/strong>: L\u2019Aper\u00e7u comparatif est mis gratuitement \u00e0 disposition du grand public pour un usage non commercial. Nous demandons aux utilisateurs et utilisatrices de nos donn\u00e9es d\u2019en mentionner la source dans leurs publications, comme suit : Arrighi, Jean-Thomas et Piccoli, Lorenzo. SWISSCIT : Index on Citizenship Law in Swiss cantons. Neuch\u00e2tel : nccr \u2013 on the move, 2018.<\/p>\n<p><strong>Derni\u00e8re mise \u00e0 jour :<\/strong> 10 janvier 2019<\/p>\n","protected":false},"excerpt":{"rendered":"<p>Cliquez sur l\u2019image pour acc\u00e9der au graphique interactif. L\u2019Aper\u00e7u comparatif r\u00e9sume les exigences l\u00e9gales que les personnes \u00e9trang\u00e8res doivent satisfaire en vue d\u2019\u00eatre naturalis\u00e9es ou d\u2019obtenir le droit de vote et de se porter candidates aux \u00e9lections locales et cantonales dans les 26 cantons suisses en 2017. Elle d\u00e9crit \u00e9galement<\/p>\n","protected":false},"author":18,"featured_media":0,"comment_status":"open","ping_status":"closed","sticky":false,"template":"","format":"standard","meta":{"_acf_changed":false,"footnotes":""},"categories":[377],"tags":[],"class_list":["post-3804","post","type-post","status-publish","format-standard","hentry","category-citoyennete"],"acf":[],"aioseo_notices":[],"_links":{"self":[{"href":"https:\/\/nccr-onthemove.ch\/indicators\/wp-json\/wp\/v2\/posts\/3804","targetHints":{"allow":["GET"]}}],"collection":[{"href":"https:\/\/nccr-onthemove.ch\/indicators\/wp-json\/wp\/v2\/posts"}],"about":[{"href":"https:\/\/nccr-onthemove.ch\/indicators\/wp-json\/wp\/v2\/types\/post"}],"author":[{"embeddable":true,"href":"https:\/\/nccr-onthemove.ch\/indicators\/wp-json\/wp\/v2\/users\/18"}],"replies":[{"embeddable":true,"href":"https:\/\/nccr-onthemove.ch\/indicators\/wp-json\/wp\/v2\/comments?post=3804"}],"version-history":[{"count":16,"href":"https:\/\/nccr-onthemove.ch\/indicators\/wp-json\/wp\/v2\/posts\/3804\/revisions"}],"predecessor-version":[{"id":7094,"href":"https:\/\/nccr-onthemove.ch\/indicators\/wp-json\/wp\/v2\/posts\/3804\/revisions\/7094"}],"wp:attachment":[{"href":"https:\/\/nccr-onthemove.ch\/indicators\/wp-json\/wp\/v2\/media?parent=3804"}],"wp:term":[{"taxonomy":"category","embeddable":true,"href":"https:\/\/nccr-onthemove.ch\/indicators\/wp-json\/wp\/v2\/categories?post=3804"},{"taxonomy":"post_tag","embeddable":true,"href":"https:\/\/nccr-onthemove.ch\/indicators\/wp-json\/wp\/v2\/tags?post=3804"}],"curies":[{"name":"wp","href":"https:\/\/api.w.org\/{rel}","templated":true}]}}