{"id":3821,"date":"2019-08-19T14:26:23","date_gmt":"2019-08-19T12:26:23","guid":{"rendered":"https:\/\/indicators.nccr-onthemove.ch\/?p=3821"},"modified":"2025-09-05T10:20:50","modified_gmt":"2025-09-05T08:20:50","slug":"ou-vivent-les-meilleur%c2%b7e%c2%b7s-ami%c2%b7e%c2%b7s-des-migrant%c2%b7e%c2%b7s","status":"publish","type":"post","link":"https:\/\/nccr-onthemove.ch\/indicators\/ou-vivent-les-meilleur%c2%b7e%c2%b7s-ami%c2%b7e%c2%b7s-des-migrant%c2%b7e%c2%b7s\/?lang=fr","title":{"rendered":"O\u00f9 vivent les meilleur\u00b7e\u00b7s ami\u00b7e\u00b7s des migrant\u00b7e\u00b7s ?"},"content":{"rendered":"<p>Interrog\u00e9es sur le pays de r\u00e9sidence de leurs tr\u00e8s bon\u00b7ne\u00b7s ami\u00b7e\u00b7s, <strong>les personnes de la Migration-Mobility Survey r\u00e9pondent dans 35 % des cas qu\u2019ils et elles vivent uniquement ou en majorit\u00e9 \u00e0 l\u2019\u00e9tranger<\/strong>. Les ami\u00b7e\u00b7s d\u2019une proportion assez \u00e9lev\u00e9e de r\u00e9pondant\u00b7e\u00b7s (38 %) vivent d\u2019une mani\u00e8re equivalente en Suisse et \u00e0 l\u2019\u00e9tranger, tandis que, dans 26 % des cas, ils et elles se trouvent essentiellement ou uniquement en Suisse.<\/p>\n<p><strong>Ce sont les Espagnol\u00b7e\u00b7s (51 %) qui ont le plus souvent des ami\u00b7e\u00b7s vivant plut\u00f4t ou exclusivement \u00e0 l\u2019\u00e9tranger.<\/strong> La part des r\u00e9pondant\u00b7e\u00b7s d\u00e9clarant que leurs meilleur\u00b7e\u00b7s ami\u00b7e\u00b7s vivent plut\u00f4t ou uniquement en Suisse est la plus \u00e9lev\u00e9e parmi les ressortissant\u00b7e\u00b7s Africain\u00b7e\u00b7s (41 %). Les Italiens\u00b7ne\u00b7s (55 %) se caract\u00e9risent par la plus forte proportion d\u2019ami\u00b7e\u00b7s r\u00e9parti\u00b7e\u00b7s d\u2019une mani\u00e8re \u00e9gale entre la Suisse et l\u2019\u00e9tranger.<\/p>\n<p>De l\u00e9g\u00e8res diff\u00e9rences quant \u00e0 la localisation des tr\u00e8s bons\u00b7ne\u00b7s ami\u00b7e\u00b7s s&#8217;observent quand on classe les personnes selon le niveau de formation, puisque celles ayant une formation secondaire pr\u00e9sentent une part plus \u00e9lev\u00e9e d\u2019ami\u00b7e\u00b7s localis\u00e9\u00b7e\u00b7s plut\u00f4t ou exclusivement en Suisse. Par ailleurs, la dur\u00e9e de s\u00e9jour influence logiquement la localisation des ami\u00b7e\u00b7s. Les migrant\u00b7e\u00b7s \u00e9tant arriv\u00e9\u00b7e\u00b7s en Suisse en 2011 ou avant ont ainsi r\u00e9pondu plus souvent que leurs ami\u00b7e\u00b7s vivaient en Suisse.<\/p>\n<p><a title=\"https:\/\/nccr-onthemove.ch\/indicators\/a-quelle-frequence-les-migrant%c2%b7e%c2%b7s-visitent-ils-leur-pays-dorigine\/?lang=fr\" href=\"https:\/\/nccr-onthemove.ch\/indicators\/a-quelle-frequence-les-migrant%c2%b7e%c2%b7s-visitent-ils-leur-pays-dorigine\/?lang=fr\" target=\"_blank\" rel=\"noopener\">A quelle fr\u00e9quence les personnes migrant\u00b7e\u00b7s visitent-ils leur pays d\u2019origine\u00a0?<\/a><\/p>\n<p><a title=\"https:\/\/nccr-onthemove.ch\/indicators\/quel-est-le-degre-dattachement-a-la-suisse-et-au-pays-dorigine\/?lang=fr\" href=\"https:\/\/nccr-onthemove.ch\/indicators\/quel-est-le-degre-dattachement-a-la-suisse-et-au-pays-dorigine\/?lang=fr\" target=\"_blank\" rel=\"noopener\">Quel est le degr\u00e9 d\u2019attachement \u00e0 la Suisse et au pays d\u2019origine\u00a0?<\/a><\/p>\n<p>\u2013<\/p>\n<p><strong>Source : <\/strong>Migration-Mobility Survey 2024, \u00ab nccr \u2013 on the move \u00bb<\/p>\n<p><strong>Note m\u00e9thodologique : <\/strong>Ces donn\u00e9es sont issues de la Migration-Mobility Survey, une enqu\u00eate r\u00e9alis\u00e9e en automne 2024 aupr\u00e8s de personnes n\u00e9es \u00e0 l\u2019\u00e9tranger et de nationalit\u00e9 \u00e9trang\u00e8re, arriv\u00e9es en Suisse au cours des 18 derni\u00e8res ann\u00e9es. Pour \u00eatre incluses dans l\u2019\u00e9chantillon, ces personnes devaient \u00eatre \u00e2g\u00e9es de 24 \u00e0 64 ans au moment de l\u2019enqu\u00eate et d\u2019au moins 18 ans \u00e0 leur arriv\u00e9e en Suisse. 6\u2019971 personnes ont r\u00e9pondu \u00e0 l\u2019ensemble du questionnaire, soit en ligne, soit par t\u00e9l\u00e9phone.<\/p>\n<p><strong>Question pos\u00e9e :<\/strong> O\u00f9 habitent vos tr\u00e8s bon\u00b7ne\u00b7s ami\u00b7e\u00b7s ?<\/p>\n<p>\u2013 Tous et toutes vos bonne\u00b7s ami\u00b7e\u00b7s habitent en Suisse.<br \/>\n\u2013 La plupart de vos bonne\u00b7s ami\u00b7e\u00b7s habitent en Suisse.<br \/>\n\u2013 Environ le m\u00eame nombre de vos amie\u00b7s habitent aussi bien en Suisse qu\u2019\u00e0 l\u2019\u00e9tranger.<br \/>\n\u2013 La plupart de vos bonne\u00b7s ami\u00b7e\u00b7s habitent \u00e0 l\u2019\u00e9tranger.<br \/>\n\u2013 Tous et toutes vos bonne\u00b7s ami\u00b7e\u00b7s habitent \u00e0 l\u2019\u00e9tranger.<\/p>\n<p><strong>Remarque : <\/strong>Le \u00ab\u00a0pays d\u2019origine\u00a0\u00bb se fonde sur la nationalit\u00e9 \u00ab\u00a0officielle\u00a0\u00bb attribu\u00e9e dans les strates de l\u2019Office f\u00e9d\u00e9ral de la statistique de Suisse, et non sur la nationalit\u00e9 auto-d\u00e9clar\u00e9e ou le pays d\u2019origine des r\u00e9pondant\u00b7e\u00b7s.<\/p>\n<p><strong>Conditions g\u00e9n\u00e9rales d\u2019utilisation : <\/strong>Les \u00ab Migration-Mobility Indicators \u00bb sont disponibles gratuitement pour une utilisation non commerciale. Nous prions les utilisatrices et utilisateurs de mentionner la source.<\/p>\n<p><strong>R\u00e9f\u00e9rence propos\u00e9e : <\/strong>nccr \u2013 on the move, Migration-Mobility Indicators. Neuch\u00e2tel: nccr \u2013 on the move, 2025.<\/p>\n<p>Pour plus d\u2019informations sur les fichiers de donn\u00e9es utilis\u00e9es, veuillez cliquer <a title=\"https:\/\/nccr-onthemove.ch\/DataManagement\/Inventory.pdf\" href=\"https:\/\/nccr-onthemove.ch\/DataManagement\/Inventory.pdf\" target=\"_blank\" rel=\"noopener\">ici<\/a>.<\/p>\n<p><strong>Derni\u00e8re mise \u00e0 jour :<\/strong> 3 septembre 2025<\/p>\n","protected":false},"excerpt":{"rendered":"<p>Interrog\u00e9es sur le pays de r\u00e9sidence de leurs tr\u00e8s bon\u00b7ne\u00b7s ami\u00b7e\u00b7s, les personnes de la Migration-Mobility Survey r\u00e9pondent dans 35 % des cas qu\u2019ils et elles vivent uniquement ou en majorit\u00e9 \u00e0 l\u2019\u00e9tranger. Les ami\u00b7e\u00b7s d\u2019une proportion assez \u00e9lev\u00e9e de r\u00e9pondant\u00b7e\u00b7s (38 %) vivent d\u2019une mani\u00e8re equivalente en Suisse et<\/p>\n","protected":false},"author":18,"featured_media":0,"comment_status":"open","ping_status":"closed","sticky":false,"template":"","format":"standard","meta":{"_acf_changed":false,"footnotes":""},"categories":[381],"tags":[],"class_list":["post-3821","post","type-post","status-publish","format-standard","hentry","category-transnationalisme"],"acf":[],"aioseo_notices":[],"_links":{"self":[{"href":"https:\/\/nccr-onthemove.ch\/indicators\/wp-json\/wp\/v2\/posts\/3821","targetHints":{"allow":["GET"]}}],"collection":[{"href":"https:\/\/nccr-onthemove.ch\/indicators\/wp-json\/wp\/v2\/posts"}],"about":[{"href":"https:\/\/nccr-onthemove.ch\/indicators\/wp-json\/wp\/v2\/types\/post"}],"author":[{"embeddable":true,"href":"https:\/\/nccr-onthemove.ch\/indicators\/wp-json\/wp\/v2\/users\/18"}],"replies":[{"embeddable":true,"href":"https:\/\/nccr-onthemove.ch\/indicators\/wp-json\/wp\/v2\/comments?post=3821"}],"version-history":[{"count":22,"href":"https:\/\/nccr-onthemove.ch\/indicators\/wp-json\/wp\/v2\/posts\/3821\/revisions"}],"predecessor-version":[{"id":6969,"href":"https:\/\/nccr-onthemove.ch\/indicators\/wp-json\/wp\/v2\/posts\/3821\/revisions\/6969"}],"wp:attachment":[{"href":"https:\/\/nccr-onthemove.ch\/indicators\/wp-json\/wp\/v2\/media?parent=3821"}],"wp:term":[{"taxonomy":"category","embeddable":true,"href":"https:\/\/nccr-onthemove.ch\/indicators\/wp-json\/wp\/v2\/categories?post=3821"},{"taxonomy":"post_tag","embeddable":true,"href":"https:\/\/nccr-onthemove.ch\/indicators\/wp-json\/wp\/v2\/tags?post=3821"}],"curies":[{"name":"wp","href":"https:\/\/api.w.org\/{rel}","templated":true}]}}