{"id":3825,"date":"2019-08-19T13:49:10","date_gmt":"2019-08-19T11:49:10","guid":{"rendered":"https:\/\/indicators.nccr-onthemove.ch\/?p=3825"},"modified":"2025-09-05T10:33:41","modified_gmt":"2025-09-05T08:33:41","slug":"quel-est-le-degre-dattachement-a-la-suisse-et-au-pays-dorigine","status":"publish","type":"post","link":"https:\/\/nccr-onthemove.ch\/indicators\/quel-est-le-degre-dattachement-a-la-suisse-et-au-pays-dorigine\/?lang=fr","title":{"rendered":"Quel est le degr\u00e9 d\u2019attachement \u00e0 la Suisse et au pays d\u2019origine ?"},"content":{"rendered":"<p>En r\u00e8gle g\u00e9n\u00e9rale, <strong>les personnes interrog\u00e9es dans la Migration-Mobility Survey t\u00e9moignent d\u2019un attachement plut\u00f4t fort vis-\u00e0-vis de la Suisse (et 28 % m\u00eame tr\u00e8s fort), comparable au niveau de l\u2019attachement au pays d\u2019origine<\/strong>. Les Asiatiques, Fran\u00e7ais\u00b7es et Africain\u00b7e\u00b7s\u00a0 (30 % \u00e0 46 %) sont les groupes qui d\u00e9clarent le plus fr\u00e9quemment un tr\u00e8s fort attachement (7 sur une \u00e9chelle de 0 \u00e0 7) \u00e0 la Suisse. Par contre, moins de 20 % des r\u00e9pondant\u00b7e\u00b7s venant d\u2019Espagne et 20 % de ceux\u00b7celles venant du Portugal ont d\u00e9clar\u00e9 avoir un attachement aussi fort.<\/p>\n<p><strong>Un fort attachement \u00e0 la Suisse ne signifie pas pour autant un faible attachement au pays d\u2019origine<\/strong>, puisque plus de 38 % des ressortissant\u00b7e\u00b7s Africain\u00b7e\u00b7s d\u00e9clarent un tr\u00e8s fort attachement \u00e0 leur pays d\u2019origine. Le 40 % des Portugais\u00b7es ont aussi un attachement tr\u00e8s fort \u00e0 leur pays d&#8217;origine.<\/p>\n<p>Relativement peu de diff\u00e9rences s\u2019observent en fonction du motif de la migration ou des caract\u00e9ristiques d\u00e9mographiques, si ce n\u2019est que les personnes en Suisse depuis au moins cinq ans expriment un plus fort attachement \u00e0 leur pays de r\u00e9sidence et un attachement l\u00e9g\u00e8rement moins fort \u00e0 leur pays d\u2019origine que les migrant\u00b7e\u00b7s arriv\u00e9\u00b7e\u00b7s plus r\u00e9cemment.<\/p>\n<p><a title=\"https:\/\/nccr-onthemove.ch\/indicators\/ou-vivent-les-meilleur%c2%b7e%c2%b7s-ami%c2%b7e%c2%b7s-des-migrant%c2%b7e%c2%b7s\/?lang=fr\" href=\"https:\/\/nccr-onthemove.ch\/indicators\/ou-vivent-les-meilleur%c2%b7e%c2%b7s-ami%c2%b7e%c2%b7s-des-migrant%c2%b7e%c2%b7s\/?lang=fr\" target=\"_blank\" rel=\"noopener\">O\u00f9 vivent les meilleur\u00b7e\u00b7s ami\u00b7e\u00b7s des migrant\u00b7e\u00b7s\u00a0?<\/a><\/p>\n<p>\u2013<\/p>\n<p><strong>Source : <\/strong>Migration-Mobility Survey 2024, \u00ab nccr \u2013 on the move \u00bb<\/p>\n<p><strong>Note m\u00e9thodologique : <\/strong>Ces donn\u00e9es sont issues de la Migration-Mobility Survey, une enqu\u00eate r\u00e9alis\u00e9e en automne 2024 aupr\u00e8s de personnes n\u00e9es \u00e0 l\u2019\u00e9tranger et de nationalit\u00e9 \u00e9trang\u00e8re, arriv\u00e9es en Suisse au cours des 18 derni\u00e8res ann\u00e9es. Pour \u00eatre incluses dans l\u2019\u00e9chantillon, ces personnes devaient \u00eatre \u00e2g\u00e9es de 24 \u00e0 64 ans au moment de l\u2019enqu\u00eate et d\u2019au moins 18 ans \u00e0 leur arriv\u00e9e en Suisse. 6\u2019971 personnes ont r\u00e9pondu \u00e0 l\u2019ensemble du questionnaire, soit en ligne, soit par t\u00e9l\u00e9phone.<\/p>\n<p><strong>Question pos\u00e9e : <\/strong>Sur une \u00e9chelle de 0 (ne ressentant aucun attachement) \u00e0 7 (tr\u00e8s fort sentiment d\u2019attachement), quel est votre niveau d\u2019attachement \u00e0\u2026<\/p>\n<p>\u2013 la Suisse ;<br \/>\n\u2013 votre pays d&#8217;origine.<\/p>\n<p><strong>Remarque : <\/strong>Le \u00ab\u00a0pays d\u2019origine\u00a0\u00bb se fonde sur la nationalit\u00e9 \u00ab\u00a0officielle\u00a0\u00bb attribu\u00e9e dans les strates de l\u2019Office f\u00e9d\u00e9ral de la statistique de Suisse, et non sur la nationalit\u00e9 auto-d\u00e9clar\u00e9e ou le pays d\u2019origine des r\u00e9pondant\u00b7e\u00b7s.<\/p>\n<p><strong>Conditions g\u00e9n\u00e9rales d\u2019utilisation : <\/strong>Les \u00ab Migration-Mobility Indicators \u00bb sont disponibles gratuitement pour une utilisation non commerciale. Nous prions les utilisatrices et utilisateurs de mentionner la source.<\/p>\n<p><strong>R\u00e9f\u00e9rence propos\u00e9e :<\/strong> nccr \u2013 on the move, Migration-Mobility Indicators. Neuch\u00e2tel: nccr \u2013 on the move, 2025<\/p>\n<p>Pour plus d\u2019informations sur les fichiers de donn\u00e9es utilis\u00e9es, veuillez cliquer <a title=\"https:\/\/nccr-onthemove.ch\/DataManagement\/Inventory.pdf\" href=\"https:\/\/nccr-onthemove.ch\/DataManagement\/Inventory.pdf\" target=\"_blank\" rel=\"noopener\">ici<\/a>.<\/p>\n<p><strong>Derni\u00e8re mise \u00e0 jour :<\/strong> 3 septembre 2025<\/p>\n","protected":false},"excerpt":{"rendered":"<p>En r\u00e8gle g\u00e9n\u00e9rale, les personnes interrog\u00e9es dans la Migration-Mobility Survey t\u00e9moignent d\u2019un attachement plut\u00f4t fort vis-\u00e0-vis de la Suisse (et 28 % m\u00eame tr\u00e8s fort), comparable au niveau de l\u2019attachement au pays d\u2019origine. Les Asiatiques, Fran\u00e7ais\u00b7es et Africain\u00b7e\u00b7s\u00a0 (30 % \u00e0 46 %) sont les groupes qui d\u00e9clarent le plus<\/p>\n","protected":false},"author":18,"featured_media":0,"comment_status":"open","ping_status":"closed","sticky":false,"template":"","format":"standard","meta":{"_acf_changed":false,"footnotes":""},"categories":[381],"tags":[],"class_list":["post-3825","post","type-post","status-publish","format-standard","hentry","category-transnationalisme"],"acf":[],"aioseo_notices":[],"_links":{"self":[{"href":"https:\/\/nccr-onthemove.ch\/indicators\/wp-json\/wp\/v2\/posts\/3825","targetHints":{"allow":["GET"]}}],"collection":[{"href":"https:\/\/nccr-onthemove.ch\/indicators\/wp-json\/wp\/v2\/posts"}],"about":[{"href":"https:\/\/nccr-onthemove.ch\/indicators\/wp-json\/wp\/v2\/types\/post"}],"author":[{"embeddable":true,"href":"https:\/\/nccr-onthemove.ch\/indicators\/wp-json\/wp\/v2\/users\/18"}],"replies":[{"embeddable":true,"href":"https:\/\/nccr-onthemove.ch\/indicators\/wp-json\/wp\/v2\/comments?post=3825"}],"version-history":[{"count":19,"href":"https:\/\/nccr-onthemove.ch\/indicators\/wp-json\/wp\/v2\/posts\/3825\/revisions"}],"predecessor-version":[{"id":6975,"href":"https:\/\/nccr-onthemove.ch\/indicators\/wp-json\/wp\/v2\/posts\/3825\/revisions\/6975"}],"wp:attachment":[{"href":"https:\/\/nccr-onthemove.ch\/indicators\/wp-json\/wp\/v2\/media?parent=3825"}],"wp:term":[{"taxonomy":"category","embeddable":true,"href":"https:\/\/nccr-onthemove.ch\/indicators\/wp-json\/wp\/v2\/categories?post=3825"},{"taxonomy":"post_tag","embeddable":true,"href":"https:\/\/nccr-onthemove.ch\/indicators\/wp-json\/wp\/v2\/tags?post=3825"}],"curies":[{"name":"wp","href":"https:\/\/api.w.org\/{rel}","templated":true}]}}