{"id":3827,"date":"2019-08-19T13:49:34","date_gmt":"2019-08-19T11:49:34","guid":{"rendered":"https:\/\/indicators.nccr-onthemove.ch\/?p=3827"},"modified":"2025-09-05T10:38:51","modified_gmt":"2025-09-05T08:38:51","slug":"wie-stark-ist-das-zugehoerigkeitsgefuehl-zur-schweiz-und-zum-herkunftsland","status":"publish","type":"post","link":"https:\/\/nccr-onthemove.ch\/indicators\/wie-stark-ist-das-zugehoerigkeitsgefuehl-zur-schweiz-und-zum-herkunftsland\/?lang=de","title":{"rendered":"Wie stark ist das Zugeh\u00f6rig&shy;keits&shy;gef\u00fchl zur Schweiz und zum Herkunfts&shy;land?"},"content":{"rendered":"<p>Im Allgemeinen\u00a0<strong>sprachen die im Migration-Mobility Survey befragten Personen von einem ziemlich starken <\/strong><strong>(28% sogar<\/strong><strong> von einem sehr starken)<\/strong><strong> \u00a0Zugeh\u00f6rigkeitsgef\u00fchl zur Schweiz, das damit \u00e4hnlich ausgepr\u00e4gt ist wie dasjenige zum Herkunftsland. <\/strong>Menschen aus Asien, Frankreich und Afrika (30% bis 46%) f\u00fchlten sich gem\u00e4ss eigenen Angaben am h\u00e4ufigsten sehr stark mit der Schweiz verbunden, w\u00e4hrend dies bei weniger als 20% der Befragten aus Spanien und 20% der Befragten aus Portugal der Fall war.<\/p>\n<p><strong>Ein starkes Zugeh\u00f6rigkeitsgef\u00fchl zur Schweiz geht jedoch nicht mit einem schwachen Zugeh\u00f6rigkeitsgef\u00fchl zum Herkunftsland einher<\/strong>: 38% der Personen aus Afrika gaben ein sehr starkes Zugeh\u00f6rigkeitsgef\u00fchl zu ihren Herkunftsl\u00e4ndern an. Auch 40% der Portugies*innen hatten ein starkes Zugeh\u00f6rigkeitsgef\u00fchl zu ihren Herkunftsl\u00e4ndern.<\/p>\n<p>In Bezug auf das Migrationsmotiv oder die demografischen Merkmale waren nur wenige Unterschiede feststellbar: Personen, die seit mindestens f\u00fcnf Jahren in der Schweiz lebten, hatten gegen\u00fcber Migrant*innen mit k\u00fcrzerer Aufenthaltsdauer ein st\u00e4rkeres Zugeh\u00f6rigkeitsgef\u00fchl zu ihrem Wohnsitzstaat und ein leicht schw\u00e4cheres Zugeh\u00f6rigkeitsgef\u00fchl zu ihrem Herkunftsland.<\/p>\n<p><a title=\"https:\/\/nccr-onthemove.ch\/indicators\/wo-leben-die-besten-freundinnen-der-migrantinnen\/?lang=de\" href=\"https:\/\/nccr-onthemove.ch\/indicators\/wo-leben-die-besten-freundinnen-der-migrantinnen\/?lang=de\" target=\"_blank\" rel=\"noopener\">Wo leben die besten Freund*innen der Migrant*innen?<\/a><\/p>\n<p>\u2013<\/p>\n<p><strong>Quelle: <\/strong>Migration-Mobility Survey 2024, \u00abnccr \u2013 on the move\u00bb<\/p>\n<p><strong>Hinweis zum Verfahren: <\/strong>Diese Daten stammen aus dem Migration-Mobility Survey, einer im Herbst 2022 durchgef\u00fchrten Umfrage unter im Ausland geborenen ausl\u00e4ndischen Staatsangeh\u00f6rigen, die in den letzten 18 Jahren in die Schweiz eingewandert sind. Um in die Stichprobe aufgenommen zu werden, mussten diese Personen zum Zeitpunkt der Erhebung zwischen 24 und 64 Jahre alt sein und bei ihrer Einreise in die Schweiz mindestens das 18. Altersjahr vollendet haben. 6\u2019971 Personen haben den Fragebogen entweder online oder per Telefon vollst\u00e4ndig beantwortet.<\/p>\n<p><strong>Gestellte Frage: <\/strong>Auf einer Skala von 0 (kein Zugeh\u00f6rigkeitsgef\u00fchl) bis 7 (starkes Zugeh\u00f6rigkeitsgef\u00fchl): Wie stark ist Ihr Zugeh\u00f6rigkeitsgef\u00fchl \u2026<\/p>\n<p>\u2013 zur Schweiz;<br \/>\n\u2013 zu Ihrem Herkunftsland.<\/p>\n<p><strong>Bemerkung: <\/strong>Das \u00abHerkunftsland\u00bb basiert auf der \u00aboffiziellen\u00bb Nationalit\u00e4t, die den Strata des Bundesamts f\u00fcr Statistik der Schweiz zugeordnet ist, und nicht auf der von den Befragten selbst deklarierten Nationalit\u00e4t oder dem Herkunftsland.<\/p>\n<p><strong>Nutzungsbedingungen:<\/strong> Die Migration-Mobility Indicators werden kostenlos f\u00fcr nichtkommerzielle Zwecke zur Verf\u00fcgung gestellt. Wir bitten die Benutzerinnen und Benutzer um Angabe der Bezugsquelle.<\/p>\n<p><strong>Vorgeschlagene Quellenangabe:<\/strong> nccr \u2013 on the move, Migration-Mobility Indicators. Neuch\u00e2tel: nccr \u2013 on the move, 2025.<\/p>\n<p>F\u00fcr n\u00e4here Informationen zu den verwendeten Datens\u00e4tzen klicken Sie bitte <a title=\"https:\/\/nccr-onthemove.ch\/DataManagement\/Inventory.pdf\" href=\"https:\/\/nccr-onthemove.ch\/DataManagement\/Inventory.pdf\" target=\"_blank\" rel=\"noopener\">hier<\/a>.<\/p>\n<p><strong>Letzte Aktualisierung:<\/strong> 5. September 2025<\/p>\n","protected":false},"excerpt":{"rendered":"<p>Im Allgemeinen\u00a0sprachen die im Migration-Mobility Survey befragten Personen von einem ziemlich starken (28% sogar von einem sehr starken) \u00a0Zugeh\u00f6rigkeitsgef\u00fchl zur Schweiz, das damit \u00e4hnlich ausgepr\u00e4gt ist wie dasjenige zum Herkunftsland. Menschen aus Asien, Frankreich und Afrika (30% bis 46%) f\u00fchlten sich gem\u00e4ss eigenen Angaben am h\u00e4ufigsten sehr stark mit der<\/p>\n","protected":false},"author":18,"featured_media":0,"comment_status":"open","ping_status":"closed","sticky":false,"template":"","format":"standard","meta":{"_acf_changed":false,"footnotes":""},"categories":[380],"tags":[],"class_list":["post-3827","post","type-post","status-publish","format-standard","hentry","category-transnationalismus"],"acf":[],"aioseo_notices":[],"_links":{"self":[{"href":"https:\/\/nccr-onthemove.ch\/indicators\/wp-json\/wp\/v2\/posts\/3827","targetHints":{"allow":["GET"]}}],"collection":[{"href":"https:\/\/nccr-onthemove.ch\/indicators\/wp-json\/wp\/v2\/posts"}],"about":[{"href":"https:\/\/nccr-onthemove.ch\/indicators\/wp-json\/wp\/v2\/types\/post"}],"author":[{"embeddable":true,"href":"https:\/\/nccr-onthemove.ch\/indicators\/wp-json\/wp\/v2\/users\/18"}],"replies":[{"embeddable":true,"href":"https:\/\/nccr-onthemove.ch\/indicators\/wp-json\/wp\/v2\/comments?post=3827"}],"version-history":[{"count":16,"href":"https:\/\/nccr-onthemove.ch\/indicators\/wp-json\/wp\/v2\/posts\/3827\/revisions"}],"predecessor-version":[{"id":6976,"href":"https:\/\/nccr-onthemove.ch\/indicators\/wp-json\/wp\/v2\/posts\/3827\/revisions\/6976"}],"wp:attachment":[{"href":"https:\/\/nccr-onthemove.ch\/indicators\/wp-json\/wp\/v2\/media?parent=3827"}],"wp:term":[{"taxonomy":"category","embeddable":true,"href":"https:\/\/nccr-onthemove.ch\/indicators\/wp-json\/wp\/v2\/categories?post=3827"},{"taxonomy":"post_tag","embeddable":true,"href":"https:\/\/nccr-onthemove.ch\/indicators\/wp-json\/wp\/v2\/tags?post=3827"}],"curies":[{"name":"wp","href":"https:\/\/api.w.org\/{rel}","templated":true}]}}