{"id":3853,"date":"2019-08-19T13:41:12","date_gmt":"2019-08-19T11:41:12","guid":{"rendered":"https:\/\/indicators.nccr-onthemove.ch\/?p=3853"},"modified":"2025-09-05T10:45:05","modified_gmt":"2025-09-05T08:45:05","slug":"a-quelle-frequence-les-migrant%c2%b7e%c2%b7s-visitent-ils-leur-pays-dorigine","status":"publish","type":"post","link":"https:\/\/nccr-onthemove.ch\/indicators\/a-quelle-frequence-les-migrant%c2%b7e%c2%b7s-visitent-ils-leur-pays-dorigine\/?lang=fr","title":{"rendered":"A quelle fr\u00e9quence les migrant\u00b7e\u00b7s visitent-ils leur pays d\u2019origine&nbsp;?"},"content":{"rendered":"<p>Sans surprise, les personnes originaires d\u2019un pays \u00e9loign\u00e9 visitent moins fr\u00e9quemment, voire pas du tout, leur pays d\u2019origine que celles originaires d\u2019un pays voisin.<\/p>\n<p>Ainsi, 36 % des Sud-Am\u00e9ricain\u00b7e\u00b7s, et 45 %\u00a0des Asiatiques (hors Inde) ne se sont pas rendu\u00b7e\u00b7s dans leur pays d\u2019origine au cours de l\u2019ann\u00e9e qui a pr\u00e9c\u00e9d\u00e9 le Migration-Mobility Survey. <strong>\u00c0 l\u2019oppos\u00e9<\/strong>,\u00a0<strong>la quasi-totalit\u00e9 (plus de 90 %)<\/strong><strong> des ressortissant\u00b7e\u00b7s des pays limitrophes ou d\u2019Europe se sont rendu\u00b7e\u00b7s au moins une fois dans leur pays d\u2019origine<\/strong>.<\/p>\n<p>On peut \u00e9galement remarquer que\u00a0<strong>les personnes originaires d\u2019un pays voisin se rendent r\u00e9guli\u00e8rement dans leur pays d\u2019origine (parfois plusieurs fois par mois)<\/strong>, alors que les Portugais\u00b7es et Britanniques espacent davantage ces s\u00e9jours.<\/p>\n<p>Les hommes, les personnes ayant une formation tertiaire, et celles venues en Suisse pour des raisons professionnelles effectuent le plus souvent des visites dans le pays d\u2019origine. Peu de diff\u00e9rences s\u2019observent en fonction de la dur\u00e9e de r\u00e9sidence en Suisse.<\/p>\n<p><a title=\"https:\/\/nccr-onthemove.ch\/indicators\/quel-est-le-degre-dattachement-a-la-suisse-et-au-pays-dorigine\/?lang=fr\" href=\"https:\/\/nccr-onthemove.ch\/indicators\/quel-est-le-degre-dattachement-a-la-suisse-et-au-pays-dorigine\/?lang=fr\" target=\"_blank\" rel=\"noopener\">Quel est le degr\u00e9 d\u2019attachement \u00e0 la Suisse et au pays d\u2019origine\u00a0?<\/a><\/p>\n<p>\u2013<\/p>\n<p><strong>Source : <\/strong>Migration-Mobility Survey 2024, \u00ab nccr \u2013 on the move \u00bb<\/p>\n<p><strong>Note m\u00e9thodologique : <\/strong>Ces donn\u00e9es sont issues de la Migration-Mobility Survey, une enqu\u00eate r\u00e9alis\u00e9e en automne 2024 aupr\u00e8s de personnes n\u00e9es \u00e0 l\u2019\u00e9tranger et de nationalit\u00e9 \u00e9trang\u00e8re, arriv\u00e9es en Suisse au cours des 18 derni\u00e8res ann\u00e9es. Pour \u00eatre incluses dans l\u2019\u00e9chantillon, ces personnes devaient \u00eatre \u00e2g\u00e9es de 24 \u00e0 64 ans au moment de l\u2019enqu\u00eate et d\u2019au moins 18 ans \u00e0 leur arriv\u00e9e en Suisse. 6\u2019971 personnes ont r\u00e9pondu \u00e0 l\u2019ensemble du questionnaire, soit en ligne, soit par t\u00e9l\u00e9phone.<\/p>\n<p><strong>Question pos\u00e9e : <\/strong>Combien de fois avez-vous s\u00e9journ\u00e9 dans votre pays d&#8217;origine au cours des 12 derniers mois? Par s\u00e9journer, nous entendons y avoir pass\u00e9 au moins une nuit.<\/p>\n<p><strong>Remarque : <\/strong>Le \u00ab\u00a0pays d\u2019origine\u00a0\u00bb se fonde sur la nationalit\u00e9 \u00ab\u00a0officielle\u00a0\u00bb attribu\u00e9e dans les strates de l\u2019Office f\u00e9d\u00e9ral de la statistique de Suisse, et non sur la nationalit\u00e9 auto-d\u00e9clar\u00e9e ou le pays d\u2019origine des r\u00e9pondant\u00b7e\u00b7s.<\/p>\n<p><strong>Conditions g\u00e9n\u00e9rales d\u2019utilisation :<\/strong> Les \u00ab Migration-Mobility Indicators \u00bb sont disponibles gratuitement pour une utilisation non commerciale. Nous prions les utilisatrices et utilisateurs de mentionner la source.<\/p>\n<p><strong>R\u00e9f\u00e9rence propos\u00e9e :<\/strong> nccr \u2013 on the move, Migration-Mobility Indicators. Neuch\u00e2tel: nccr \u2013 on the move, 2025.<\/p>\n<p>Pour plus d\u2019informations sur les fichiers de donn\u00e9es utilis\u00e9es, veuillez cliquer <a title=\"https:\/\/nccr-onthemove.ch\/DataManagement\/Inventory.pdf\" href=\"https:\/\/nccr-onthemove.ch\/DataManagement\/Inventory.pdf\" target=\"_blank\" rel=\"noopener\">ici<\/a>.<\/p>\n<p><strong>Derni\u00e8re mise \u00e0 jour :<\/strong> 3 septetembre 2025<\/p>\n","protected":false},"excerpt":{"rendered":"<p>Sans surprise, les personnes originaires d\u2019un pays \u00e9loign\u00e9 visitent moins fr\u00e9quemment, voire pas du tout, leur pays d\u2019origine que celles originaires d\u2019un pays voisin. Ainsi, 36 % des Sud-Am\u00e9ricain\u00b7e\u00b7s, et 45 %\u00a0des Asiatiques (hors Inde) ne se sont pas rendu\u00b7e\u00b7s dans leur pays d\u2019origine au cours de l\u2019ann\u00e9e qui a<\/p>\n","protected":false},"author":18,"featured_media":0,"comment_status":"open","ping_status":"closed","sticky":false,"template":"","format":"standard","meta":{"_acf_changed":false,"footnotes":""},"categories":[381],"tags":[],"class_list":["post-3853","post","type-post","status-publish","format-standard","hentry","category-transnationalisme"],"acf":[],"aioseo_notices":[],"_links":{"self":[{"href":"https:\/\/nccr-onthemove.ch\/indicators\/wp-json\/wp\/v2\/posts\/3853","targetHints":{"allow":["GET"]}}],"collection":[{"href":"https:\/\/nccr-onthemove.ch\/indicators\/wp-json\/wp\/v2\/posts"}],"about":[{"href":"https:\/\/nccr-onthemove.ch\/indicators\/wp-json\/wp\/v2\/types\/post"}],"author":[{"embeddable":true,"href":"https:\/\/nccr-onthemove.ch\/indicators\/wp-json\/wp\/v2\/users\/18"}],"replies":[{"embeddable":true,"href":"https:\/\/nccr-onthemove.ch\/indicators\/wp-json\/wp\/v2\/comments?post=3853"}],"version-history":[{"count":26,"href":"https:\/\/nccr-onthemove.ch\/indicators\/wp-json\/wp\/v2\/posts\/3853\/revisions"}],"predecessor-version":[{"id":6980,"href":"https:\/\/nccr-onthemove.ch\/indicators\/wp-json\/wp\/v2\/posts\/3853\/revisions\/6980"}],"wp:attachment":[{"href":"https:\/\/nccr-onthemove.ch\/indicators\/wp-json\/wp\/v2\/media?parent=3853"}],"wp:term":[{"taxonomy":"category","embeddable":true,"href":"https:\/\/nccr-onthemove.ch\/indicators\/wp-json\/wp\/v2\/categories?post=3853"},{"taxonomy":"post_tag","embeddable":true,"href":"https:\/\/nccr-onthemove.ch\/indicators\/wp-json\/wp\/v2\/tags?post=3853"}],"curies":[{"name":"wp","href":"https:\/\/api.w.org\/{rel}","templated":true}]}}