{"id":3861,"date":"2019-08-19T17:48:05","date_gmt":"2019-08-19T15:48:05","guid":{"rendered":"https:\/\/indicators.nccr-onthemove.ch\/?p=3861"},"modified":"2025-02-02T01:02:11","modified_gmt":"2025-02-02T00:02:11","slug":"quel-est-le-motif-administratif-dentree-des-migrant%c2%b7e%c2%b7s","status":"publish","type":"post","link":"https:\/\/nccr-onthemove.ch\/indicators\/quel-est-le-motif-administratif-dentree-des-migrant%c2%b7e%c2%b7s\/?lang=fr","title":{"rendered":"Quel est le motif administratif d\u2019entr\u00e9e des migrant\u00b7e\u00b7s ?"},"content":{"rendered":"<p>Lorsqu\u2019une personne obtient un permis de s\u00e9jour en Suisse (soit un permis L, B ou C), un motif administratif d\u2019immigration est imput\u00e9. Ce motif n\u2019indique pas la raison personnelle de la migration, mais celle de la d\u00e9livrance d\u2019un permis.<\/p>\n<p>Globalement, <strong>les trois principaux motifs d\u2019entr\u00e9e sont l\u2019exercice d\u2019une activit\u00e9 professionnelle, le regroupement familial et la formation.<\/strong><\/p>\n<p>On observe cependant des diff\u00e9rences importantes selon le continent d\u2019origine des personnes. <strong>L\u2019activit\u00e9 professionnelle est le motif d\u2019entr\u00e9e de 58\u00a0% des personnes en provenance d\u2019un pays europ\u00e9en<\/strong>, mais seulement de 3\u00a0% de celles en provenance d\u2019Afrique et 16\u00a0% de celles en provenance du continent am\u00e9ricain.<\/p>\n<p><strong>Le regroupement familial concerne plus de la moiti\u00e9 (57 %) de la migration am\u00e9ricaine.<\/strong> La <strong>formation (32 %) et la famille (31 %)<\/strong> sont les motifs les plus fr\u00e9quents parmi les <strong>migrants asiatiques<\/strong>. <strong>Les autorisations de s\u00e9jour li\u00e9es \u00e0 l\u2019asile sont globalement minoritaires.<\/strong> Elles sont cependant plus fr\u00e9quentes pour les ressortissant\u00b7e\u00b7s africain\u00b7e\u00b7s qui demandent l\u2019asile que pour les celles et ceux d\u2019autres r\u00e9gions de provenance. Il est \u00e0 noter que les personnes ayant obtenu un statut l\u00e9gal stable apr\u00e8s une demande d\u2019asile sont incluses dans ces statistiques, contrairement aux requ\u00e9rant\u00b7e\u00b7s d\u2019asile (permis N) et aux personnes au b\u00e9n\u00e9fice d\u2019une admission provisoire (permis F).<\/p>\n<p><a title=\"https:\/\/nccr-onthemove.ch\/indicators\/pour-quelles-raisons-migre-t-on-en-suisse\/?lang=fr\" href=\"https:\/\/nccr-onthemove.ch\/indicators\/pour-quelles-raisons-migre-t-on-en-suisse\/?lang=fr\" target=\"_blank\" rel=\"noopener\">Pour quelles raisons migre-t-on en Suisse ?<\/a><\/p>\n<p><a title=\"https:\/\/nccr-onthemove.ch\/indicators\/pour-quelles-raisons-migre-t-on-en-suisse\/?lang=fr\" href=\"https:\/\/nccr-onthemove.ch\/indicators\/pour-quelles-raisons-migre-t-on-en-suisse\/?lang=fr\" target=\"_blank\" rel=\"noopener\">Les personnes migrantes arrivent-elles avec un contrat de travail ?<\/a><\/p>\n<p><a title=\"https:\/\/nccr-onthemove.ch\/indicators\/combien-de-requerant%c2%b7e%c2%b7s-dasile-y-a-t-il-en-suisse\/?lang=fr\" href=\"https:\/\/nccr-onthemove.ch\/indicators\/combien-de-requerant%c2%b7e%c2%b7s-dasile-y-a-t-il-en-suisse\/?lang=fr\" target=\"_blank\" rel=\"noopener\">Combien de requ\u00e9rant\u00b7e\u00b7s d\u2019asile y a-t-il en Suisse ?<\/a><\/p>\n<p>\u2013<\/p>\n<p><strong>D\u00e9finitions<\/strong><\/p>\n<p><strong>Permis L<\/strong> : autorisation de courte dur\u00e9e (jusqu\u2019\u00e0 12 mois)<\/p>\n<p><strong>Permis B<\/strong> : autorisation de s\u00e9jour (renouvelable annuellement)<\/p>\n<p><strong>Permis C<\/strong> : autorisation d\u2019\u00e9tablissement (apr\u00e8s 5 ou 10 ans)<\/p>\n<p><strong>Permis N<\/strong> : requ\u00e9rant\u00b7e d\u2019asile<\/p>\n<p><strong>Permis F<\/strong> : admission provisoire (dans le cadre d\u2019une demande d\u2019asile)<\/p>\n<p>\u2013<\/p>\n<p><strong>Source <\/strong>: Secr\u00e9tariat d\u2019\u00c9tat aux Migrations, Registre SYMIC (2011\u20132022)<\/p>\n<p><strong>Note m\u00e9thodologique :<\/strong> Ces donn\u00e9es, transmises par le SEM, ne sont pas comparables avec celles qui figurent dans la Statistique de la population et des m\u00e9nages (STATPOP). Cette derni\u00e8re comprenant un effectif \u00e9lev\u00e9 de donn\u00e9es manquantes, les donn\u00e9es du SEM ont \u00e9t\u00e9 privil\u00e9gi\u00e9es.<\/p>\n<p><strong>Conditions g\u00e9n\u00e9rales d\u2019utilisation :<\/strong> Les \u00ab Migration-Mobility Indicators \u00bb sont disponibles gratuitement pour une utilisation non commerciale. Nous prions les utilisatrices et utilisateurs de mentionner la source.<\/p>\n<p><strong>R\u00e9f\u00e9rence propos\u00e9e :<\/strong> nccr \u2013 on the move, Migration-Mobility Indicators. Neuch\u00e2tel: nccr \u2013 on the move, 2023.<\/p>\n<p>Pour plus d\u2019informations sur les fichiers de donn\u00e9es utilis\u00e9es, veuillez cliquer <a title=\"https:\/\/nccr-onthemove.ch\/DataManagement\/Inventory.pdf\" href=\"https:\/\/nccr-onthemove.ch\/DataManagement\/Inventory.pdf\" target=\"_blank\" rel=\"noopener\">ici<\/a>.<\/p>\n<p><strong>Derni\u00e8re mise \u00e0 jour :<\/strong> 4 octobre 2023<\/p>\n","protected":false},"excerpt":{"rendered":"<p>Lorsqu\u2019une personne obtient un permis de s\u00e9jour en Suisse (soit un permis L, B ou C), un motif administratif d\u2019immigration est imput\u00e9. Ce motif n\u2019indique pas la raison personnelle de la migration, mais celle de la d\u00e9livrance d\u2019un permis. Globalement, les trois principaux motifs d\u2019entr\u00e9e sont l\u2019exercice d\u2019une activit\u00e9 professionnelle,<\/p>\n","protected":false},"author":18,"featured_media":0,"comment_status":"open","ping_status":"closed","sticky":false,"template":"","format":"standard","meta":{"_acf_changed":false,"footnotes":""},"categories":[63],"tags":[],"class_list":["post-3861","post","type-post","status-publish","format-standard","hentry","category-mobilites"],"acf":[],"aioseo_notices":[],"_links":{"self":[{"href":"https:\/\/nccr-onthemove.ch\/indicators\/wp-json\/wp\/v2\/posts\/3861","targetHints":{"allow":["GET"]}}],"collection":[{"href":"https:\/\/nccr-onthemove.ch\/indicators\/wp-json\/wp\/v2\/posts"}],"about":[{"href":"https:\/\/nccr-onthemove.ch\/indicators\/wp-json\/wp\/v2\/types\/post"}],"author":[{"embeddable":true,"href":"https:\/\/nccr-onthemove.ch\/indicators\/wp-json\/wp\/v2\/users\/18"}],"replies":[{"embeddable":true,"href":"https:\/\/nccr-onthemove.ch\/indicators\/wp-json\/wp\/v2\/comments?post=3861"}],"version-history":[{"count":25,"href":"https:\/\/nccr-onthemove.ch\/indicators\/wp-json\/wp\/v2\/posts\/3861\/revisions"}],"predecessor-version":[{"id":6773,"href":"https:\/\/nccr-onthemove.ch\/indicators\/wp-json\/wp\/v2\/posts\/3861\/revisions\/6773"}],"wp:attachment":[{"href":"https:\/\/nccr-onthemove.ch\/indicators\/wp-json\/wp\/v2\/media?parent=3861"}],"wp:term":[{"taxonomy":"category","embeddable":true,"href":"https:\/\/nccr-onthemove.ch\/indicators\/wp-json\/wp\/v2\/categories?post=3861"},{"taxonomy":"post_tag","embeddable":true,"href":"https:\/\/nccr-onthemove.ch\/indicators\/wp-json\/wp\/v2\/tags?post=3861"}],"curies":[{"name":"wp","href":"https:\/\/api.w.org\/{rel}","templated":true}]}}