{"id":3863,"date":"2019-08-19T17:49:33","date_gmt":"2019-08-19T15:49:33","guid":{"rendered":"https:\/\/indicators.nccr-onthemove.ch\/?p=3863"},"modified":"2025-02-02T01:02:37","modified_gmt":"2025-02-02T00:02:37","slug":"aus-welchen-administrativen-gruenden-kommen-zugewanderte-in-die-schweiz","status":"publish","type":"post","link":"https:\/\/nccr-onthemove.ch\/indicators\/aus-welchen-administrativen-gruenden-kommen-zugewanderte-in-die-schweiz\/?lang=de","title":{"rendered":"Aus welchen administrativen Gr\u00fcnden kommen Zugewanderte in die Schweiz?"},"content":{"rendered":"<p>Erh\u00e4lt eine Person eine Aufenthaltsbewilligung f\u00fcr die Schweiz (also einen Ausweis\u00a0L, B oder C), wird ihr ein administrativer Grund f\u00fcr die Einwanderung zugeschrieben. Damit sind nicht die pers\u00f6nlichen Gr\u00fcnde f\u00fcr die Migration gemeint, sondern der Grund f\u00fcr die Erteilung einer Aufenthaltsbewilligung.<\/p>\n<p>Insgesamt gibt es <strong>drei wesentliche Einwanderungsgr\u00fcnde: die Aus\u00fcbung einer beruflichen T\u00e4tigkeit, die Familienzusammenf\u00fchrung und die Ausbildung.<\/strong><\/p>\n<p>Allerdings lassen sich je nach Herkunftskontinent der Personen grosse Unterschiede feststellen. <strong>58\u00a0% der Migrant*innen aus einem europ\u00e4ischen Land kommen aus beruflichen Gr\u00fcnden in die Schweiz<\/strong>. Dies trifft jedoch nur auf 3\u00a0% der Personen aus Afrika und auf 16\u00a0% der Personen aus Nord-, Mittel- und S\u00fcdamerika zu.<\/p>\n<p><strong>Mehr als die H\u00e4lfte (57 %) der nord- und s\u00fcdamerikanischen Migrant*innen kommen im Zuge der Familienzusammenf\u00fchrung in die Schweiz<\/strong>. Die h\u00e4ufigsten Einwanderungsgr\u00fcnde von Personen aus <strong>Asien<\/strong> sind die <strong>Ausbildung (32 %) und die Familie (31 %)<\/strong>. <strong>In der Minderzahl sind Aufenthaltsbewilligungen aus Asylgr\u00fcnden<\/strong>. Dies gilt f\u00fcr die ganze Welt, wobei afrikanische B\u00fcrger*innen h\u00e4ufiger Asyl beantragen und erhalten als Personen aus anderen Herkunftsregionen. In diesen Statistiken sind Personen erfasst, die nach ihrem Asylgesuch eine sichere Rechtsstellung erlangt haben, nicht jedoch Asylsuchende (Ausweis N) sowie Personen, die eine vorl\u00e4ufige Aufenthaltsbewilligung (Ausweis F) erhalten haben.<\/p>\n<p><a title=\"https:\/\/nccr-onthemove.ch\/indicators\/aus-welchen-gruenden-wandert-man-in-die-schweiz-ein\/?lang=de\" href=\"https:\/\/nccr-onthemove.ch\/indicators\/aus-welchen-gruenden-wandert-man-in-die-schweiz-ein\/?lang=de\" target=\"_blank\" rel=\"noopener\">Aus welchen Gr\u00fcnden wandert man in die Schweiz ein?<\/a><\/p>\n<p><a title=\"https:\/\/nccr-onthemove.ch\/indicators\/besitzen-die-migrantinnen-bei-ihrer-einreise-einen-arbeitsvertrag\/?lang=de\" href=\"https:\/\/nccr-onthemove.ch\/indicators\/besitzen-die-migrantinnen-bei-ihrer-einreise-einen-arbeitsvertrag\/?lang=de\" target=\"_blank\" rel=\"noopener\">Besitzen die Migrant*innen bei ihrer Einreise einen Arbeitsvertrag?<\/a><\/p>\n<p><a title=\"https:\/\/nccr-onthemove.ch\/indicators\/wie-viele-asylsuchende-gibt-es-in-der-schweiz\/?lang=de\" href=\"https:\/\/nccr-onthemove.ch\/indicators\/wie-viele-asylsuchende-gibt-es-in-der-schweiz\/?lang=de\" target=\"_blank\" rel=\"noopener\">Wie viele Asylsuchende gibt es in der Schweiz?<\/a><\/p>\n<p>\u2013<\/p>\n<p><strong>Definitionen<\/strong><\/p>\n<p><strong>Ausweis L<\/strong>: Kurzaufenthaltsbewilligung (bis zu 12 Monate)<\/p>\n<p><strong>Ausweis B<\/strong>: Aufenthaltsbewilligung (j\u00e4hrlich zu erneuern)<\/p>\n<p><strong>Ausweis C<\/strong>: Niederlassungsbewilligung (nach 5 oder 10 Jahren)<\/p>\n<p><strong>Ausweis N<\/strong>: Asylsuchende<\/p>\n<p><strong>Ausweis F<\/strong>: Vorl\u00e4ufige Aufnahme (im Rahmen eines Asylgesuchs)<\/p>\n<p>\u2013<\/p>\n<p><strong>Quelle<\/strong>: Staatssekretariat f\u00fcr Migration (SEM), ZEMIS-Register (2011\u20132022)<\/p>\n<p><strong>Hinweis zum Verfahren<\/strong>: Diese vom SEM \u00fcbermittelten Daten sind nicht vergleichbar mit jenen zur Statistik der Bev\u00f6lkerung und der Haushalte (STATPOP). Da in der letztgenannten Statistik relativ viele Daten fehlen, wurden die Daten des SEM ber\u00fccksichtigt.<\/p>\n<p><strong>Nutzungsbedingungen: <\/strong>Die Migration-Mobility Indicators werden kostenlos f\u00fcr nichtkommerzielle Zwecke zur Verf\u00fcgung gestellt. Wir bitten die Benutzerinnen und Benutzer um Angabe der Bezugsquelle.<\/p>\n<p><strong>Vorgeschlagene Quellenangabe<\/strong>: nccr \u2013 on the move, Migration-Mobility Indicators. Neuch\u00e2tel: nccr \u2013 on the move, 2023.<\/p>\n<p>F\u00fcr n\u00e4here Informationen zu den verwendeten Datens\u00e4tzen klicken Sie bitte <a title=\"https:\/\/nccr-onthemove.ch\/DataManagement\/Inventory.pdf\" href=\"https:\/\/nccr-onthemove.ch\/DataManagement\/Inventory.pdf\" target=\"_blank\" rel=\"noopener\">hier<\/a>.<\/p>\n<p><strong>Letzte Aktualisierung:<\/strong> 4. Oktober 2023<\/p>\n","protected":false},"excerpt":{"rendered":"<p>Erh\u00e4lt eine Person eine Aufenthaltsbewilligung f\u00fcr die Schweiz (also einen Ausweis\u00a0L, B oder C), wird ihr ein administrativer Grund f\u00fcr die Einwanderung zugeschrieben. Damit sind nicht die pers\u00f6nlichen Gr\u00fcnde f\u00fcr die Migration gemeint, sondern der Grund f\u00fcr die Erteilung einer Aufenthaltsbewilligung. Insgesamt gibt es drei wesentliche Einwanderungsgr\u00fcnde: die Aus\u00fcbung einer<\/p>\n","protected":false},"author":18,"featured_media":0,"comment_status":"open","ping_status":"closed","sticky":false,"template":"","format":"standard","meta":{"_acf_changed":false,"footnotes":""},"categories":[110],"tags":[],"class_list":["post-3863","post","type-post","status-publish","format-standard","hentry","category-mobilitaet"],"acf":[],"aioseo_notices":[],"_links":{"self":[{"href":"https:\/\/nccr-onthemove.ch\/indicators\/wp-json\/wp\/v2\/posts\/3863","targetHints":{"allow":["GET"]}}],"collection":[{"href":"https:\/\/nccr-onthemove.ch\/indicators\/wp-json\/wp\/v2\/posts"}],"about":[{"href":"https:\/\/nccr-onthemove.ch\/indicators\/wp-json\/wp\/v2\/types\/post"}],"author":[{"embeddable":true,"href":"https:\/\/nccr-onthemove.ch\/indicators\/wp-json\/wp\/v2\/users\/18"}],"replies":[{"embeddable":true,"href":"https:\/\/nccr-onthemove.ch\/indicators\/wp-json\/wp\/v2\/comments?post=3863"}],"version-history":[{"count":22,"href":"https:\/\/nccr-onthemove.ch\/indicators\/wp-json\/wp\/v2\/posts\/3863\/revisions"}],"predecessor-version":[{"id":6589,"href":"https:\/\/nccr-onthemove.ch\/indicators\/wp-json\/wp\/v2\/posts\/3863\/revisions\/6589"}],"wp:attachment":[{"href":"https:\/\/nccr-onthemove.ch\/indicators\/wp-json\/wp\/v2\/media?parent=3863"}],"wp:term":[{"taxonomy":"category","embeddable":true,"href":"https:\/\/nccr-onthemove.ch\/indicators\/wp-json\/wp\/v2\/categories?post=3863"},{"taxonomy":"post_tag","embeddable":true,"href":"https:\/\/nccr-onthemove.ch\/indicators\/wp-json\/wp\/v2\/tags?post=3863"}],"curies":[{"name":"wp","href":"https:\/\/api.w.org\/{rel}","templated":true}]}}