{"id":3883,"date":"2019-08-19T17:54:11","date_gmt":"2019-08-19T15:54:11","guid":{"rendered":"https:\/\/indicators.nccr-onthemove.ch\/?p=3883"},"modified":"2025-09-05T10:12:44","modified_gmt":"2025-09-05T08:12:44","slug":"pour-quelles-raisons-migre-t-on-en-suisse","status":"publish","type":"post","link":"https:\/\/nccr-onthemove.ch\/indicators\/pour-quelles-raisons-migre-t-on-en-suisse\/?lang=fr","title":{"rendered":"Pour quelles raisons migre-t-on en Suisse ?"},"content":{"rendered":"<p>Quel que soit le pays d\u2019origine, ce sont<strong> principalement des raisons professionnelles et, dans une moindre mesure, familiales<\/strong> qui ont motiv\u00e9 la migration en Suisse. En effet, un peu plus de la moiti\u00e9 (55 %) des personnes interrog\u00e9es dans la Migration-Mobility Survey d\u00e9clarent \u00eatre venues en Suisse pour y travailler ou \u00e9ventuellement \u00e9tudier (11 % ont indiqu\u00e9 des raisons professionnelles et familiales). Au total, 45 % indiquent d&#8217;\u00e0 avoir migr\u00e9 pour des raisons familiales, soit pour fonder une famille ou rejoindre un membre de la famille d\u00e9j\u00e0 \u00e9tabli en Suisse. Seules 11 % des personnes interrog\u00e9es d\u00e9clarent uniquement des raisons autres que ces deux motifs pour justifier la migration.<\/p>\n<p>De mani\u00e8re plus d\u00e9taill\u00e9e,<strong> la proportion de migrant\u00b7e\u00b7s arriv\u00e9\u00b7e\u00b7s en Suisse pour des raisons professionnelles (ou de formation) atteint 68 % parmi les ressortissant\u00b7e\u00b7s d\u2019Allemagne, 70 % des ressortissant\u00b7e\u00b7s d\u2019Italie et 74 % des ressortissant\u00b7e\u00b7s de la France.<\/strong><\/p>\n<p>En contrepartie, <strong>la migration est familiale pour une majorit\u00e9 de personnes originaires d&#8217;Afrique (59 %) et d\u2019Am\u00e9rique du Sud (69 %)<\/strong>, alors que c\u2019est plus rarement le cas pour les ressortissant\u00b7e\u00b7s originaires d\u2019un pays de l\u2019UE.<\/p>\n<p><strong>Un effet de genre tr\u00e8s marqu\u00e9 s\u2019observe \u00e9galement, puisque 60 % des femmes d\u00e9clarent des raisons familiales comme (l\u2019un des) motif(s) de la migration, contre seulement 30 % des hommes.<\/strong> \u00c0 l\u2019oppos\u00e9, les hommes ont d\u00e9clar\u00e9 plus souvent des raisons professionnelles pour justifier la migration que les femmes (67 % contre 35 %). La migration pour des raisons professionnelles est \u00e9galement plus fr\u00e9quente parmi les migrant\u00b7e\u00b7s hautement qualifi\u00e9\u00b7e\u00b7s (66 % contre 35 % pour les personnes sans formation tertiaire).<\/p>\n<p><a title=\"https:\/\/nccr-onthemove.ch\/indicators\/quel-est-le-motif-administratif-dentree-des-migrant%c2%b7e%c2%b7s\/?lang=fr\" href=\"https:\/\/nccr-onthemove.ch\/indicators\/quel-est-le-motif-administratif-dentree-des-migrant%c2%b7e%c2%b7s\/?lang=fr\" target=\"_blank\" rel=\"noopener\">Quel est le motif administratif d\u2019entr\u00e9e des migrant\u00b7e\u00b7s\u00a0?<\/a><\/p>\n<p>\u2013<\/p>\n<p><strong>Source : <\/strong>Migration-Mobility Survey 2024, nccr \u2013 on the move<\/p>\n<p><strong>Note m\u00e9thodologique :<\/strong> Ces donn\u00e9es sont issues de la Migration-Mobility Survey, une enqu\u00eate r\u00e9alis\u00e9e en automne 2024 aupr\u00e8s de personnes n\u00e9es \u00e0 l\u2019\u00e9tranger et de nationalit\u00e9 \u00e9trang\u00e8re, arriv\u00e9es en Suisse au cours des 18 derni\u00e8res ann\u00e9es. Pour \u00eatre incluses dans l\u2019\u00e9chantillon, ces personnes devaient \u00eatre \u00e2g\u00e9es de 24 \u00e0 64 ans au moment de l\u2019enqu\u00eate et d\u2019au moins 18 ans \u00e0 leur arriv\u00e9e en Suisse. 6&#8217;971 personnes ont r\u00e9pondu \u00e0 l\u2019ensemble du questionnaire, soit en ligne, soit par t\u00e9l\u00e9phone.<\/p>\n<p><strong>Question pos\u00e9e<\/strong> : Pour quelle(s) raison(s) avez-vous immigr\u00e9 en Suisse ?<\/p>\n<p>\u2013 Raisons professionnelles<br \/>\n\u2013 Raisons d\u2019\u00e9ducation et\/ou d\u2019\u00e9tudes<br \/>\n\u2013 Pour fonder une famille<br \/>\n\u2013 Pour accompagner de la famille<br \/>\n\u2013 Pour rejoindre un\u00b7e partenaire<br \/>\n\u2013 Pour des raisons de mode de vie<br \/>\n\u2013 Pour acqu\u00e9rir de nouvelles exp\u00e9riences<br \/>\n\u2013 Pour le r\u00e9seau social en Suisse<br \/>\n\u2013 Pour des raisons fiscales<br \/>\n\u2013 Pour des raisons politiques<br \/>\n\u2013 Pour des raisons de sant\u00e9<br \/>\n\u2013 Pour d\u2019autres raisons<\/p>\n<p>Les r\u00e9pondant\u00b7e\u00b7s avaient la possibilit\u00e9 de r\u00e9pondre positivement \u00e0 chacune des questions. Nous avons reconstitu\u00e9 les cat\u00e9gories suivantes :<\/p>\n<p>\u2013 Raisons professionnelles et\/ou d\u2019\u00e9ducation<br \/>\n\u2013 Raisons familiales (inclut les personnes ayant r\u00e9pondu positivement \u00e0 la question \u00ab pour fonder une famille \u00bb et\/ou \u00ab pour accompagner de la famille \u00bb)<br \/>\n\u2013 Raisons familiales et professionnelles (<u>inclut\u00a0<\/u>celles et ceux ayant d\u00e9clar\u00e9 \u00eatre\u00a0<u>arriv\u00e9\u00b7e\u00b7s<\/u>\u00a0en Suisse pour des raisons professionnelles, familiales et autres)<br \/>\n\u2013 Autres raisons (r\u00e9ponse positive \u00e0 l\u2019une ou plusieurs des questions restantes)<\/p>\n<p><strong>Remarque\u00a0:<\/strong> Le \u00ab\u00a0pays d\u2019origine\u00a0\u00bb se fonde sur la nationalit\u00e9 \u00ab\u00a0officielle\u00a0\u00bb attribu\u00e9e dans les strates de l\u2019Office f\u00e9d\u00e9ral de la statistique de Suisse, et non sur la nationalit\u00e9 auto-d\u00e9clar\u00e9e ou le pays d\u2019origine des r\u00e9pondant\u00b7e\u00b7s.<\/p>\n<p><strong>Conditions g\u00e9n\u00e9rales d\u2019utilisation :\u00a0<\/strong>Les \u00ab Migration-Mobility Indicators \u00bb sont disponibles gratuitement pour une utilisation non commerciale. Nous prions les utilisatrices et utilisateurs de mentionner la source.<\/p>\n<p><strong>R\u00e9f\u00e9rence propos\u00e9e\u00a0:<\/strong> nccr \u2013 on the move, Migration-Mobility Indicators. Neuch\u00e2tel: nccr \u2013 on the move, 2025.<\/p>\n<p>Pour plus d\u2019informations sur les fichiers de donn\u00e9es utilis\u00e9es, <a href=\"https:\/\/nccr-onthemove.ch\/DataManagement\/Inventory.pdf\">veuillez cliquer ici<\/a>.<\/p>\n<p><strong>Derni\u00e8re mise \u00e0 jour:<\/strong> 5 septembre 2025<\/p>\n","protected":false},"excerpt":{"rendered":"<p>Quel que soit le pays d\u2019origine, ce sont principalement des raisons professionnelles et, dans une moindre mesure, familiales qui ont motiv\u00e9 la migration en Suisse. En effet, un peu plus de la moiti\u00e9 (55 %) des personnes interrog\u00e9es dans la Migration-Mobility Survey d\u00e9clarent \u00eatre venues en Suisse pour y travailler<\/p>\n","protected":false},"author":18,"featured_media":0,"comment_status":"open","ping_status":"closed","sticky":false,"template":"","format":"standard","meta":{"_acf_changed":false,"footnotes":""},"categories":[63],"tags":[],"class_list":["post-3883","post","type-post","status-publish","format-standard","hentry","category-mobilites"],"acf":[],"aioseo_notices":[],"_links":{"self":[{"href":"https:\/\/nccr-onthemove.ch\/indicators\/wp-json\/wp\/v2\/posts\/3883","targetHints":{"allow":["GET"]}}],"collection":[{"href":"https:\/\/nccr-onthemove.ch\/indicators\/wp-json\/wp\/v2\/posts"}],"about":[{"href":"https:\/\/nccr-onthemove.ch\/indicators\/wp-json\/wp\/v2\/types\/post"}],"author":[{"embeddable":true,"href":"https:\/\/nccr-onthemove.ch\/indicators\/wp-json\/wp\/v2\/users\/18"}],"replies":[{"embeddable":true,"href":"https:\/\/nccr-onthemove.ch\/indicators\/wp-json\/wp\/v2\/comments?post=3883"}],"version-history":[{"count":28,"href":"https:\/\/nccr-onthemove.ch\/indicators\/wp-json\/wp\/v2\/posts\/3883\/revisions"}],"predecessor-version":[{"id":6963,"href":"https:\/\/nccr-onthemove.ch\/indicators\/wp-json\/wp\/v2\/posts\/3883\/revisions\/6963"}],"wp:attachment":[{"href":"https:\/\/nccr-onthemove.ch\/indicators\/wp-json\/wp\/v2\/media?parent=3883"}],"wp:term":[{"taxonomy":"category","embeddable":true,"href":"https:\/\/nccr-onthemove.ch\/indicators\/wp-json\/wp\/v2\/categories?post=3883"},{"taxonomy":"post_tag","embeddable":true,"href":"https:\/\/nccr-onthemove.ch\/indicators\/wp-json\/wp\/v2\/tags?post=3883"}],"curies":[{"name":"wp","href":"https:\/\/api.w.org\/{rel}","templated":true}]}}