{"id":3885,"date":"2019-08-19T17:55:00","date_gmt":"2019-08-19T15:55:00","guid":{"rendered":"https:\/\/indicators.nccr-onthemove.ch\/?p=3885"},"modified":"2025-09-05T10:07:56","modified_gmt":"2025-09-05T08:07:56","slug":"aus-welchen-gruenden-wandert-man-in-die-schweiz-ein","status":"publish","type":"post","link":"https:\/\/nccr-onthemove.ch\/indicators\/aus-welchen-gruenden-wandert-man-in-die-schweiz-ein\/?lang=de","title":{"rendered":"Aus welchen Gr\u00fcnden wandert man in die Schweiz ein?"},"content":{"rendered":"<p>Unabh\u00e4ngig vom Herkunftsland wurden <strong>haupts\u00e4chlich berufliche und, in geringerem Masse, famili\u00e4re Gr\u00fcnde<\/strong> f\u00fcr die Migration in die Schweiz genannt. So kamen gem\u00e4ss eigenen Angaben 55% aller im Migration-Mobility Survey befragten Personen in die Schweiz, um hier zu arbeiten oder eine Ausbildung in Angriff zu nehmen (wobei 11% sowohl berufliche wie auch famili\u00e4re Gr\u00fcnde angaben). Insgesamt nannten 45% die Familie als Grund f\u00fcr ihre Migration \u2013 sei es, um eine Familie zu gr\u00fcnden oder um mit einem Familienmitglied zusammenzuleben, das sich bereits in der Schweiz niedergelassen hatte. Nur 11% der Befragten gaben f\u00fcr ihre Migration ausschliesslich andere Gr\u00fcnde als die beiden oben genannten an.<\/p>\n<p>Genauer gesagt <strong>waren unter den Deutschen 68%, unter den B\u00fcrger*innen aus Italien 70% und unter denjenigen aus Frankreich 74% aus beruflichen Gr\u00fcnden (oder zu Ausbildungszwecken) in die Schweiz eingewandert. <\/strong><\/p>\n<p><strong>F\u00fcr die Mehrheit der Personen aus afrikanischen L\u00e4ndern (59%) und S\u00fcdamerika (69%) hatte die Migration famili\u00e4re Gr\u00fcnde<\/strong>, w\u00e4hrend dies bei Personen aus einem EU-Land viel seltener der Fall war.<\/p>\n<p><strong>Es war auch ein sehr deutlicher Unterschied zwischen den Geschlechtern erkennbar, gaben doch 60% der Frauen famili\u00e4re Gr\u00fcnde als (eines der) Motiv(e) f\u00fcr die Migration an, w\u00e4hrend dies lediglich f\u00fcr 30% der M\u00e4nner der Fall war.<\/strong> Im Gegensatz dazu nannten M\u00e4nner \u00f6fters als Frauen berufliche Gr\u00fcnde f\u00fcr ihre Migration (67% gegen\u00fcber 43%). Auch unter den hochqualifizierten Migrant*innen erfolgte eine Migration h\u00e4ufiger aus beruflichen Gr\u00fcnden, n\u00e4mlich bei 66% (gegen\u00fcber 35% bei den Personen ohne Bildungsabschluss auf Terti\u00e4rstufe).<\/p>\n<p><a title=\"https:\/\/nccr-onthemove.ch\/indicators\/aus-welchen-administrativen-gruenden-kommen-zugewanderte-in-die-schweiz\/?lang=de\" href=\"https:\/\/nccr-onthemove.ch\/indicators\/aus-welchen-administrativen-gruenden-kommen-zugewanderte-in-die-schweiz\/?lang=de\" target=\"_blank\" rel=\"noopener\">Aus welchen administrativen Gr\u00fcnden kommen Zugewanderte in die Schweiz?<\/a><\/p>\n<p>\u2013<\/p>\n<p><strong>Quelle: <\/strong>Migration-Mobility Survey 2024, nccr \u2013 on the move<\/p>\n<p><strong>Hinweis zum Verfahren: <\/strong>Diese Daten stammen aus dem Migration-Mobility Survey, einer im Herbst 2024 durchgef\u00fchrten Umfrage unter im Ausland geborenen ausl\u00e4ndischen Staatsangeh\u00f6rigen, die in den letzten 18 Jahren in die Schweiz eingewandert sind. Um in die Stichprobe aufgenommen zu werden, mussten diese Personen zum Zeitpunkt der Erhebung zwischen 24 und 64 Jahre alt sein und bei ihrer Einreise in die Schweiz mindestens das 18. Altersjahr vollendet haben. 6\u2019971 Personen haben den Fragebogen entweder online oder per Telefon vollst\u00e4ndig beantwortet.<\/p>\n<p><strong>Gestellte Frage:<\/strong> Weshalb sind Sie in die Schweiz eingewandert?<\/p>\n<p>\u2013 Aus beruflichen Gr\u00fcnden<br \/>\n\u2013 Aufgrund der Ausbildung und\/oder des Studiums<br \/>\n\u2013 Um eine Familie zu gr\u00fcnden<br \/>\n\u2013 Um die Familie zu begleiten<br \/>\n\u2013 Um dem\/der Partner*in nachzufolgen<br \/>\n\u2013 Aus Gr\u00fcnden des Lebensstils<br \/>\n\u2013 Um neue Erfahrungen zu machen<br \/>\n\u2013 Aufgrund des sozialen Netzwerks in der Schweiz<br \/>\n\u2013 Aus Steuergr\u00fcnden<br \/>\n\u2013 Aus politischen Gr\u00fcnden<br \/>\n\u2013 Aus gesundheitlichen Gr\u00fcnden<br \/>\n\u2013 Andere Gr\u00fcnde<\/p>\n<p>Die Befragten konnten jede der Fragen mit Ja beantworten. Wir haben nachfolgende Kategorien definiert:<\/p>\n<p>\u2013 Berufliche Gr\u00fcnde und\/oder zur Ausbildung<br \/>\n\u2013 Famili\u00e4re Gr\u00fcnde (schliesst die Personen mit ein, die auf \u00abum eine Familie zu gr\u00fcnden\u00bb und\/oder \u00abum die Familie zu begleiten\u00bb mit Ja beantwortet haben)<br \/>\n\u2013 Famili\u00e4re und berufliche Gr\u00fcnde (einschlie\u00dflich derjenigen, die angegeben haben, aus beruflichen, famili\u00e4ren und anderen Gr\u00fcnden in die Schweiz gekommen zu sein)<br \/>\n\u2013 Andere Gr\u00fcnde (eine oder mehrere der verbleibenden Fragen wurden mit Ja beantwortet)<\/p>\n<p><strong>Bemerkung:<\/strong> Das \u00abHerkunftsland\u00bb basiert auf der \u00aboffiziellen\u00bb Nationalit\u00e4t, die den Strata des Bundesamts f\u00fcr Statistik der Schweiz zugeordnet ist, und nicht auf der von den Befragten selbst deklarierten Nationalit\u00e4t oder dem Herkunftsland.<\/p>\n<p><strong>Nutzungsbedingungen: <\/strong>Die Migration-Mobility Indicators werden kostenlos f\u00fcr nichtkommerzielle Zwecke zur Verf\u00fcgung gestellt. Wir bitten die Benutzerinnen und Benutzer um Angabe der Bezugsquelle.<\/p>\n<p><strong>Vorgeschlagene Quellenangabe<\/strong>: nccr \u2013 on the move, Migration-Mobility Indicators. Neuch\u00e2tel: nccr \u2013 on the move, 2025.<\/p>\n<p>F\u00fcr n\u00e4here Informationen zu den verwendeten Datens\u00e4tzen klicken Sie bitte <a title=\"https:\/\/nccr-onthemove.ch\/DataManagement\/Inventory.pdf\" href=\"https:\/\/nccr-onthemove.ch\/DataManagement\/Inventory.pdf\" target=\"_blank\" rel=\"noopener\">hier<\/a>.<\/p>\n<p><strong>Letzte Aktualisierung:<\/strong> 5. September 2025<\/p>\n","protected":false},"excerpt":{"rendered":"<p>Unabh\u00e4ngig vom Herkunftsland wurden haupts\u00e4chlich berufliche und, in geringerem Masse, famili\u00e4re Gr\u00fcnde f\u00fcr die Migration in die Schweiz genannt. So kamen gem\u00e4ss eigenen Angaben 55% aller im Migration-Mobility Survey befragten Personen in die Schweiz, um hier zu arbeiten oder eine Ausbildung in Angriff zu nehmen (wobei 11% sowohl berufliche wie<\/p>\n","protected":false},"author":18,"featured_media":0,"comment_status":"open","ping_status":"closed","sticky":false,"template":"","format":"standard","meta":{"_acf_changed":false,"footnotes":""},"categories":[110],"tags":[],"class_list":["post-3885","post","type-post","status-publish","format-standard","hentry","category-mobilitaet"],"acf":[],"aioseo_notices":[],"_links":{"self":[{"href":"https:\/\/nccr-onthemove.ch\/indicators\/wp-json\/wp\/v2\/posts\/3885","targetHints":{"allow":["GET"]}}],"collection":[{"href":"https:\/\/nccr-onthemove.ch\/indicators\/wp-json\/wp\/v2\/posts"}],"about":[{"href":"https:\/\/nccr-onthemove.ch\/indicators\/wp-json\/wp\/v2\/types\/post"}],"author":[{"embeddable":true,"href":"https:\/\/nccr-onthemove.ch\/indicators\/wp-json\/wp\/v2\/users\/18"}],"replies":[{"embeddable":true,"href":"https:\/\/nccr-onthemove.ch\/indicators\/wp-json\/wp\/v2\/comments?post=3885"}],"version-history":[{"count":25,"href":"https:\/\/nccr-onthemove.ch\/indicators\/wp-json\/wp\/v2\/posts\/3885\/revisions"}],"predecessor-version":[{"id":6955,"href":"https:\/\/nccr-onthemove.ch\/indicators\/wp-json\/wp\/v2\/posts\/3885\/revisions\/6955"}],"wp:attachment":[{"href":"https:\/\/nccr-onthemove.ch\/indicators\/wp-json\/wp\/v2\/media?parent=3885"}],"wp:term":[{"taxonomy":"category","embeddable":true,"href":"https:\/\/nccr-onthemove.ch\/indicators\/wp-json\/wp\/v2\/categories?post=3885"},{"taxonomy":"post_tag","embeddable":true,"href":"https:\/\/nccr-onthemove.ch\/indicators\/wp-json\/wp\/v2\/tags?post=3885"}],"curies":[{"name":"wp","href":"https:\/\/api.w.org\/{rel}","templated":true}]}}