{"id":3893,"date":"2019-08-19T17:42:00","date_gmt":"2019-08-19T15:42:00","guid":{"rendered":"https:\/\/indicators.nccr-onthemove.ch\/?p=3893"},"modified":"2025-09-05T10:12:09","modified_gmt":"2025-09-05T08:12:09","slug":"dans-combien-de-pays-les-personnes-migrantes-ont-elles-deja-vecu","status":"publish","type":"post","link":"https:\/\/nccr-onthemove.ch\/indicators\/dans-combien-de-pays-les-personnes-migrantes-ont-elles-deja-vecu\/?lang=fr","title":{"rendered":"Dans combien de pays les personnes migrantes ont-elles d\u00e9j\u00e0 v\u00e9cu&nbsp;?"},"content":{"rendered":"<p>Un peu moins de la moiti\u00e9 des personnes interrog\u00e9es dans le Migration-Mobility Survey (46 %) n\u2019ont pas v\u00e9cu dans un autre pays que la Suisse et leur pays d\u2019origine. <strong>L\u2019autre moiti\u00e9 a une exp\u00e9rience de mobilit\u00e9 internationale qui pr\u00e9c\u00e8de l\u2019arriv\u00e9e en Suisse.<\/strong> Quelque 28 % ont v\u00e9cu dans un autre pays que le pays d\u2019origine avant l\u2019arriv\u00e9e en Suisse, et 26 % dans au moins deux autres pays.<\/p>\n<p>La proportion de personnes pour qui la migration en Suisse est la premi\u00e8re exp\u00e9rience migratoire est <strong>la plus \u00e9lev\u00e9e parmi les<\/strong> <strong>Portugais\u00b7es (61 %) et les Italien\u00b7ne\u00b7s (56 %). Elle est la plus faible parmi les Ressortissants du Royaume-Uni (28 %),<\/strong> lesquel\u00b7le\u00b7s sont beaucoup plus mobiles. D\u2019ailleurs, 22 % des Britanniques et 20 % des Am\u00e9ricain\u00b7e\u00b7s du Nord ont r\u00e9sid\u00e9 dans au moins trois pays, outre la Suisse et leur pays d\u2019origine, attestant de fr\u00e9quents mouvements migratoires internationaux.<\/p>\n<p><strong>Ce sont surtout les personnes pr\u00e9sentant un niveau de formation tertiaire qui sont mobiles<\/strong>, puisque pour seulement 38 % d\u2019entre elles la Suisse est le premier pays \u00e9tranger de r\u00e9sidence, contre 61 % pour celles ayant un niveau de formation moins \u00e9lev\u00e9. La migration motiv\u00e9e par des raisons professionnelles ou de formation est par ailleurs un facteur essentiel de mobilit\u00e9 internationale, \u00e0 la diff\u00e9rence de la migration pour des motifs familiaux.<\/p>\n<p>\u2013<\/p>\n<p><strong>Source : <\/strong>Migration-Mobility Survey 2024, nccr \u2013 on the move<\/p>\n<p><strong>Note m\u00e9thodologique :<\/strong> Ces donn\u00e9es sont issues du Migration-Mobility Survey, une enqu\u00eate r\u00e9alis\u00e9e en automne 2024 aupr\u00e8s de personnes n\u00e9es \u00e0 l\u2019\u00e9tranger et de nationalit\u00e9 \u00e9trang\u00e8re, arriv\u00e9es en Suisse au cours des 18 derni\u00e8res ann\u00e9es. Pour \u00eatre incluses dans l\u2019\u00e9chantillon, ces personnes devaient \u00eatre \u00e2g\u00e9es de 24 \u00e0 64 ans au moment de l\u2019enqu\u00eate et d\u2019au moins 18 ans \u00e0 leur arriv\u00e9e en Suisse. 6&#8217;971 personnes ont r\u00e9pondu \u00e0 l\u2019ensemble du questionnaire, soit en ligne, soit par t\u00e9l\u00e9phone.<\/p>\n<p><strong>Question pos\u00e9e :<\/strong> Mis \u00e0 part la Suisse et votre pays de naissance, dans combien de pays diff\u00e9rents avez-vous habit\u00e9 pendant trois mois ou plus ?<\/p>\n<p><strong>Remarques :<\/strong> On d\u00e9finit un pays de r\u00e9sidence comme \u00e9tant un pays dans lequel la personne interrog\u00e9e a s\u00e9journ\u00e9 pour trois mois ou plus. Le \u00ab\u00a0pays d\u2019origine\u00a0\u00bb se fonde sur la nationalit\u00e9 \u00ab\u00a0officielle\u00a0\u00bb attribu\u00e9e dans les strates de l\u2019Office f\u00e9d\u00e9ral de la statistique de Suisse, et non sur la nationalit\u00e9 auto-d\u00e9clar\u00e9e ou le pays d\u2019origine des r\u00e9pondant\u00b7e\u00b7s.<\/p>\n<p><strong>Conditions g\u00e9n\u00e9rales d\u2019utilisation<\/strong> : Les \u00ab Migration-Mobility Indicators \u00bb sont disponibles gratuitement pour une utilisation non commerciale. Nous prions les utilisatrices et utilisateurs de mentionner la source.<\/p>\n<p><strong>R\u00e9f\u00e9rence propos\u00e9e :<\/strong> nccr \u2013 on the move, Migration-Mobility Indicators. Neuch\u00e2tel: nccr \u2013 on the move, 2025.<\/p>\n<p>Pour plus d\u2019informations sur les fichiers de donn\u00e9es utilis\u00e9es, veuillez cliquer <a href=\"https:\/\/nccr-onthemove.ch\/DataManagement\/Inventory.pdf\">ici<\/a>.<\/p>\n<p><strong>Derni\u00e8re mise \u00e0 jour :<\/strong> 3 septembre 2025<\/p>\n","protected":false},"excerpt":{"rendered":"<p>Un peu moins de la moiti\u00e9 des personnes interrog\u00e9es dans le Migration-Mobility Survey (46 %) n\u2019ont pas v\u00e9cu dans un autre pays que la Suisse et leur pays d\u2019origine. L\u2019autre moiti\u00e9 a une exp\u00e9rience de mobilit\u00e9 internationale qui pr\u00e9c\u00e8de l\u2019arriv\u00e9e en Suisse. Quelque 28 % ont v\u00e9cu dans un autre<\/p>\n","protected":false},"author":18,"featured_media":0,"comment_status":"open","ping_status":"closed","sticky":false,"template":"","format":"standard","meta":{"_acf_changed":false,"footnotes":""},"categories":[63],"tags":[],"class_list":["post-3893","post","type-post","status-publish","format-standard","hentry","category-mobilites"],"acf":[],"aioseo_notices":[],"_links":{"self":[{"href":"https:\/\/nccr-onthemove.ch\/indicators\/wp-json\/wp\/v2\/posts\/3893","targetHints":{"allow":["GET"]}}],"collection":[{"href":"https:\/\/nccr-onthemove.ch\/indicators\/wp-json\/wp\/v2\/posts"}],"about":[{"href":"https:\/\/nccr-onthemove.ch\/indicators\/wp-json\/wp\/v2\/types\/post"}],"author":[{"embeddable":true,"href":"https:\/\/nccr-onthemove.ch\/indicators\/wp-json\/wp\/v2\/users\/18"}],"replies":[{"embeddable":true,"href":"https:\/\/nccr-onthemove.ch\/indicators\/wp-json\/wp\/v2\/comments?post=3893"}],"version-history":[{"count":17,"href":"https:\/\/nccr-onthemove.ch\/indicators\/wp-json\/wp\/v2\/posts\/3893\/revisions"}],"predecessor-version":[{"id":6961,"href":"https:\/\/nccr-onthemove.ch\/indicators\/wp-json\/wp\/v2\/posts\/3893\/revisions\/6961"}],"wp:attachment":[{"href":"https:\/\/nccr-onthemove.ch\/indicators\/wp-json\/wp\/v2\/media?parent=3893"}],"wp:term":[{"taxonomy":"category","embeddable":true,"href":"https:\/\/nccr-onthemove.ch\/indicators\/wp-json\/wp\/v2\/categories?post=3893"},{"taxonomy":"post_tag","embeddable":true,"href":"https:\/\/nccr-onthemove.ch\/indicators\/wp-json\/wp\/v2\/tags?post=3893"}],"curies":[{"name":"wp","href":"https:\/\/api.w.org\/{rel}","templated":true}]}}