{"id":3916,"date":"2021-01-08T11:00:22","date_gmt":"2021-01-08T10:00:22","guid":{"rendered":"https:\/\/indicators.nccr-onthemove.ch\/?p=3916"},"modified":"2025-02-02T01:30:26","modified_gmt":"2025-02-02T00:30:26","slug":"wie-viele-asylsuchende-gibt-es-in-der-schweiz","status":"publish","type":"post","link":"https:\/\/nccr-onthemove.ch\/indicators\/wie-viele-asylsuchende-gibt-es-in-der-schweiz\/?lang=de","title":{"rendered":"Wie viele Asylsuchende gibt es in der Schweiz?"},"content":{"rendered":"<p>Ende 2020 gab es in der Schweiz<b> 10&#8217;900\u00a0 Asylsuchende<\/b> (Ausweis\u00a0N) und <strong>48&#8217;700 vorl\u00e4ufig aufgenommene Personen<\/strong> (Ausweis\u00a0F). W\u00e4hrend die Zahl der Personen mit Ausweis\u00a0F im Vergleich zum Vorjahr zugenommen hat, ist die Zahl der Asylsuchenden gesunken. F\u00fcr beide Gruppen zusammen sind die <strong>Zahlen leicht r\u00fcckl\u00e4ufig im Vergleich zu 2019. Das entspricht insgesamt einem Anteil von 0,7 % der st\u00e4ndigen Wohnbev\u00f6lkerung<\/strong> und von 2,7 % der ausl\u00e4ndischen Bev\u00f6lkerung.<\/p>\n<p>Die Asylsuchenden und die vorl\u00e4ufig aufgenommenen Personen werden <strong>den einzelnen Kantonen im Verh\u00e4ltnis zur Bev\u00f6lkerungszahl zugewiesen<\/strong>. Durch diesen Verteilschl\u00fcssel erkl\u00e4ren sich die <strong>geringen Unterschiede<\/strong> zwischen den Kantonen. Im Jahr 2020 gab es nur kleine Schwankungen bez\u00fcglich des Anteils an Asylsuchenden\/vorl\u00e4ufig aufgenommenen Personen: zwischen\u00a0 7,9 pro 1\u2019000 Einwohner*innen in Bern und 3,5 Personen in Thurgau. Die Schwankungen ergeben sich daraus, dass Personen die Schweiz wieder verlassen oder die Beh\u00f6rden im Rahmen des Asylverfahrens eine Aufenthaltsbewilligung erteilt haben.<\/p>\n<p><strong>Hohe Schwankungen sind allerdings auf Ebene der Gemeinden zu verzeichnen<\/strong>, weil sehr viele Asylsuchende Empfangszentren zugewiesen werden. Zahlreiche Gemeinden haben Ende 2020 gar keine Asylsuchenden gemeldet. Andere Gemeinden haben dagegen pro sieben Einwohner*innen eine(n) Asylsuchende(n) bzw. eine vorl\u00e4ufig aufgenommene Person aufgenommen.<\/p>\n<p><strong>Quelle<\/strong>: Bundesamt f\u00fcr Statistik, Statistik der Bev\u00f6lkerung und der Haushalte STATPOP (2010\u20132020)<\/p>\n<p>\u2013<\/p>\n<p><strong>Definitionen<\/strong><\/p>\n<p><strong>Ausweis N<\/strong>: Asylsuchende<\/p>\n<p><strong>Ausweis F<\/strong>: Vorl\u00e4ufige Aufnahme (im Rahmen eines Asylgesuchs)<\/p>\n<p><strong>St\u00e4ndige Wohnbev\u00f6lkerung<\/strong>: Schweizerinnen und Schweizer sowie Ausl\u00e4nderinnen und Ausl\u00e4nder mit einer Aufenthaltsbewilligung f\u00fcr mehr als 12 Monate. Seit 2011 z\u00e4hlen zur st\u00e4ndigen Wohnbev\u00f6lkerung auch Ausl\u00e4nderinnen und Ausl\u00e4nder mit Ausweis F oder N, die seit mindestens 12 Monaten in der Schweiz leben.<\/p>\n<p><strong>Nichtst\u00e4ndige Wohnbev\u00f6lkerung<\/strong>: Ausl\u00e4ndische B\u00fcrgerinnen und B\u00fcrger, die eine Kurzaufenthaltsbewilligung besitzen und weniger als ein Jahr in der Schweiz wohnen.<\/p>\n<p>\u2013<\/p>\n<p><strong>Hinweis zum Verfahren<\/strong>: Die Raten der Asylsuchenden\/Personen mit vorl\u00e4ufiger Aufenthaltsbewilligung werden auf folgender Grundlage berechnet: Die Anzahl der Personen mit Ausweis\u00a0N oder F wird durch die st\u00e4ndige und nichtst\u00e4ndige Wohnbev\u00f6lkerung geteilt. Nur Asylsuchende, die mindestens ein Jahr in der Schweiz gelebt haben, werden der st\u00e4ndigen Wohnbev\u00f6lkerung zugerechnet. Die genannten Zahlen sind der Bev\u00f6lkerungsstatistik STATPOP entnommen. Sie k\u00f6nnen von denen des Staatssekretariats f\u00fcr Migration leicht abweichen.<\/p>\n<p><strong>Nutzungsbedingungen<\/strong>: Die Migration-Mobility Indicators werden kostenlos f\u00fcr nichtkommerzielle Zwecke zur Verf\u00fcgung gestellt. Wir bitten die Benutzer*innen um Angabe der Bezugsquelle.<\/p>\n<p><strong>Vorgeschlagene Quellenangabe<\/strong>: nccr \u2013 on the move, Migration-Mobility Indicators. Neuch\u00e2tel: nccr \u2013 on the move, 2022.<\/p>\n<p>F\u00fcr n\u00e4here Informationen zu den verwendeten Datens\u00e4tzen klicken Sie bitte <a title=\"https:\/\/nccr-onthemove.ch\/DataManagement\/Inventory.pdf\" href=\"https:\/\/nccr-onthemove.ch\/DataManagement\/Inventory.pdf\" target=\"_blank\" rel=\"noopener\">hier<\/a>.<\/p>\n<p><strong>Letzte Aktualisierung:<\/strong>\u00a07. Ferbruar 2022<\/p>\n","protected":false},"excerpt":{"rendered":"<p>Ende 2020 gab es in der Schweiz 10&#8217;900\u00a0 Asylsuchende (Ausweis\u00a0N) und 48&#8217;700 vorl\u00e4ufig aufgenommene Personen (Ausweis\u00a0F). W\u00e4hrend die Zahl der Personen mit Ausweis\u00a0F im Vergleich zum Vorjahr zugenommen hat, ist die Zahl der Asylsuchenden gesunken. F\u00fcr beide Gruppen zusammen sind die Zahlen leicht r\u00fcckl\u00e4ufig im Vergleich zu 2019. Das entspricht<\/p>\n","protected":false},"author":18,"featured_media":0,"comment_status":"open","ping_status":"closed","sticky":false,"template":"","format":"standard","meta":{"_acf_changed":false,"footnotes":""},"categories":[52],"tags":[],"class_list":["post-3916","post","type-post","status-publish","format-standard","hentry","category-asyl-und-fluechtlinge"],"acf":[],"aioseo_notices":[],"_links":{"self":[{"href":"https:\/\/nccr-onthemove.ch\/indicators\/wp-json\/wp\/v2\/posts\/3916","targetHints":{"allow":["GET"]}}],"collection":[{"href":"https:\/\/nccr-onthemove.ch\/indicators\/wp-json\/wp\/v2\/posts"}],"about":[{"href":"https:\/\/nccr-onthemove.ch\/indicators\/wp-json\/wp\/v2\/types\/post"}],"author":[{"embeddable":true,"href":"https:\/\/nccr-onthemove.ch\/indicators\/wp-json\/wp\/v2\/users\/18"}],"replies":[{"embeddable":true,"href":"https:\/\/nccr-onthemove.ch\/indicators\/wp-json\/wp\/v2\/comments?post=3916"}],"version-history":[{"count":18,"href":"https:\/\/nccr-onthemove.ch\/indicators\/wp-json\/wp\/v2\/posts\/3916\/revisions"}],"predecessor-version":[{"id":6866,"href":"https:\/\/nccr-onthemove.ch\/indicators\/wp-json\/wp\/v2\/posts\/3916\/revisions\/6866"}],"wp:attachment":[{"href":"https:\/\/nccr-onthemove.ch\/indicators\/wp-json\/wp\/v2\/media?parent=3916"}],"wp:term":[{"taxonomy":"category","embeddable":true,"href":"https:\/\/nccr-onthemove.ch\/indicators\/wp-json\/wp\/v2\/categories?post=3916"},{"taxonomy":"post_tag","embeddable":true,"href":"https:\/\/nccr-onthemove.ch\/indicators\/wp-json\/wp\/v2\/tags?post=3916"}],"curies":[{"name":"wp","href":"https:\/\/api.w.org\/{rel}","templated":true}]}}