{"id":4955,"date":"2020-04-28T08:33:14","date_gmt":"2020-04-28T06:33:14","guid":{"rendered":"https:\/\/indicators.nccr-onthemove.ch\/?p=4955"},"modified":"2025-02-02T01:16:46","modified_gmt":"2025-02-02T00:16:46","slug":"la-suisse-ou-se-situe-t-elle-par-rapport-a-lacquisition-de-la-citoyennete","status":"publish","type":"post","link":"https:\/\/nccr-onthemove.ch\/indicators\/la-suisse-ou-se-situe-t-elle-par-rapport-a-lacquisition-de-la-citoyennete\/?lang=fr","title":{"rendered":"La Suisse o\u00f9 se situe-t-elle par rapport \u00e0 l\u2019acquisition de la citoyennet\u00e9 ?"},"content":{"rendered":"<p><a href=\"https:\/\/public.tableau.com\/views\/Citizenshipacquisition\/Naturalization?:language=en&amp;:display_count=y&amp;:origin=viz_share_link\"><img loading=\"lazy\" decoding=\"async\" class=\"alignnone size-full wp-image-5200\" src=\"https:\/\/nccr-onthemove.ch\/indicators\/wp-content\/uploads\/2020\/04\/MMI-Citizenship_611_PerformanceCitizenshipAcquisition.jpg\" alt=\"\" width=\"786\" height=\"460\" srcset=\"https:\/\/nccr-onthemove.ch\/indicators\/wp-content\/uploads\/2020\/04\/MMI-Citizenship_611_PerformanceCitizenshipAcquisition.jpg 786w, https:\/\/nccr-onthemove.ch\/indicators\/wp-content\/uploads\/2020\/04\/MMI-Citizenship_611_PerformanceCitizenshipAcquisition-300x176.jpg 300w, https:\/\/nccr-onthemove.ch\/indicators\/wp-content\/uploads\/2020\/04\/MMI-Citizenship_611_PerformanceCitizenshipAcquisition-768x449.jpg 768w\" sizes=\"auto, (max-width: 786px) 100vw, 786px\" \/><\/a><\/p>\n<p>L\u2019acquisition de la citoyennet\u00e9 est largement reconnue comme \u00e9tant un indicateur tr\u00e8s significatif de l\u2019int\u00e9gration des populations de migrant\u00b7e\u00b7s dans les soci\u00e9t\u00e9s d\u2019accueil. Depuis 2009, Eurostat fournit des informations annuelles sur la part de r\u00e9sident\u00b7e\u00b7s \u00e9trangers\u00b7\u00e8res ayant acquis la citoyennet\u00e9 dans chaque pays europ\u00e9en.<\/p>\n<p>En 2018, la derni\u00e8re ann\u00e9e \u00e9tudi\u00e9e, la Suisse obtenait une position interm\u00e9diaire \u00e0 sup\u00e9rieure parmi les pays europ\u00e9ens. Toutefois, en consid\u00e9rant l\u2019ensemble de la p\u00e9riode 2009-2018, la Suisse retombe \u00e0 une position interm\u00e9diaire \u00e0 inf\u00e9rieure par rapport \u00e0 d\u2019autres pays europ\u00e9ens, avec une moyenne de 2 % de r\u00e9sident\u00b7e\u00b7s \u00e9trangers\u00b7\u00e8res acqu\u00e9rant la nationalit\u00e9 suisse chaque ann\u00e9e.<\/p>\n<p><a title=\"https:\/\/nccr-onthemove.ch\/DataManagement\/Inventory.pdf\" href=\"https:\/\/nccr-onthemove.ch\/DataManagement\/Inventory.pdf\" target=\"_blank\" rel=\"noopener\">Les personnes migrantes souhaitent-t-elles se faire naturaliser ?<\/a><\/p>\n<p><a title=\"https:\/\/nccr-onthemove.ch\/indicators\/combien-de-migrant%c2%b7e%c2%b7s-sont-naturalise%c2%b7e%c2%b7s-au-fil-du-temps\/?lang=fr\" href=\"https:\/\/nccr-onthemove.ch\/indicators\/combien-de-migrant%c2%b7e%c2%b7s-sont-naturalise%c2%b7e%c2%b7s-au-fil-du-temps\/?lang=fr\" target=\"_blank\" rel=\"noopener\">Combien de migrant\u00b7e\u00b7s sont naturalis\u00e9\u00b7e\u00b7s au fil du temps ?<\/a><\/p>\n<p><a title=\"https:\/\/nccr-onthemove.ch\/indicators\/comment-les-pays-deurope-regulent-ils-lacces-a-la-citoyennete\/?lang=fr\" href=\"https:\/\/nccr-onthemove.ch\/indicators\/comment-les-pays-deurope-regulent-ils-lacces-a-la-citoyennete\/?lang=fr\" target=\"_blank\" rel=\"noopener\">Comment les pays d\u2019Europe r\u00e9gulent-ils l\u2019acc\u00e8s \u00e0 la citoyennet\u00e9 ?<\/a><\/p>\n<p>\u2013<\/p>\n<p><strong>D\u00e9finitions :<\/strong><\/p>\n<p><strong>Citoyennet\u00e9<\/strong> : Par citoyennet\u00e9, on entend le fait d\u2019\u00eatre citoyen\u00b7ne d\u2019un pays donn\u00e9, et le lien juridique correspondant liant un individu \u00e0 cet \u00c9tat, acquis par naissance ou naturalisation, par d\u00e9claration, choix, mariage ou tout autre moyen relevant du droit national.<\/p>\n<p>\u2013<\/p>\n<p><strong>Sources<\/strong> : Statistiques d\u2019EUROSTAT sur l\u2019acquisition de la citoyennet\u00e9 (2009-2018)<\/p>\n<p><strong>Note sur la m\u00e9thodologie<\/strong> : Cet indicateur compare le nombre de personnes n\u00e9es \u00e0 l\u2019\u00e9tranger r\u00e9sidant en Suisse et dans d\u2019autres pays europ\u00e9ens.<\/p>\n<p><strong>Conditions g\u00e9n\u00e9rales d\u2019utilisation<\/strong> : Les \u00ab Migration-Mobility Indicators \u00bb sont disponibles gratuitement pour une utilisation non commerciale. Nous prions les utilisatrices et utilisateurs de mentionner la source.<\/p>\n<p><strong>R\u00e9f\u00e9rence propos\u00e9e<\/strong> : nccr \u2013 on the move, Migration-Mobility Indicators. Neuch\u00e2tel: nccr \u2013 on the move, 2020.<\/p>\n<p>Pour plus d\u2019informations sur les fichiers de donn\u00e9es utilis\u00e9es, veuillez cliquer <a title=\"https:\/\/nccr-onthemove.ch\/DataManagement\/Inventory.pdf\" href=\"https:\/\/nccr-onthemove.ch\/DataManagement\/Inventory.pdf\" target=\"_blank\" rel=\"noopener\">ici<\/a>.<\/p>\n<p><strong>Derni\u00e8re mise \u00e0 jour <\/strong>: 28 juillet 2020<\/p>\n","protected":false},"excerpt":{"rendered":"<p>L\u2019acquisition de la citoyennet\u00e9 est largement reconnue comme \u00e9tant un indicateur tr\u00e8s significatif de l\u2019int\u00e9gration des populations de migrant\u00b7e\u00b7s dans les soci\u00e9t\u00e9s d\u2019accueil. Depuis 2009, Eurostat fournit des informations annuelles sur la part de r\u00e9sident\u00b7e\u00b7s \u00e9trangers\u00b7\u00e8res ayant acquis la citoyennet\u00e9 dans chaque pays europ\u00e9en. En 2018, la derni\u00e8re ann\u00e9e \u00e9tudi\u00e9e,<\/p>\n","protected":false},"author":16,"featured_media":0,"comment_status":"open","ping_status":"closed","sticky":false,"template":"","format":"standard","meta":{"_acf_changed":false,"footnotes":""},"categories":[377],"tags":[],"class_list":["post-4955","post","type-post","status-publish","format-standard","hentry","category-citoyennete"],"acf":[],"aioseo_notices":[],"_links":{"self":[{"href":"https:\/\/nccr-onthemove.ch\/indicators\/wp-json\/wp\/v2\/posts\/4955","targetHints":{"allow":["GET"]}}],"collection":[{"href":"https:\/\/nccr-onthemove.ch\/indicators\/wp-json\/wp\/v2\/posts"}],"about":[{"href":"https:\/\/nccr-onthemove.ch\/indicators\/wp-json\/wp\/v2\/types\/post"}],"author":[{"embeddable":true,"href":"https:\/\/nccr-onthemove.ch\/indicators\/wp-json\/wp\/v2\/users\/16"}],"replies":[{"embeddable":true,"href":"https:\/\/nccr-onthemove.ch\/indicators\/wp-json\/wp\/v2\/comments?post=4955"}],"version-history":[{"count":12,"href":"https:\/\/nccr-onthemove.ch\/indicators\/wp-json\/wp\/v2\/posts\/4955\/revisions"}],"predecessor-version":[{"id":6796,"href":"https:\/\/nccr-onthemove.ch\/indicators\/wp-json\/wp\/v2\/posts\/4955\/revisions\/6796"}],"wp:attachment":[{"href":"https:\/\/nccr-onthemove.ch\/indicators\/wp-json\/wp\/v2\/media?parent=4955"}],"wp:term":[{"taxonomy":"category","embeddable":true,"href":"https:\/\/nccr-onthemove.ch\/indicators\/wp-json\/wp\/v2\/categories?post=4955"},{"taxonomy":"post_tag","embeddable":true,"href":"https:\/\/nccr-onthemove.ch\/indicators\/wp-json\/wp\/v2\/tags?post=4955"}],"curies":[{"name":"wp","href":"https:\/\/api.w.org\/{rel}","templated":true}]}}