{"id":4959,"date":"2020-04-28T08:36:20","date_gmt":"2020-04-28T06:36:20","guid":{"rendered":"https:\/\/indicators.nccr-onthemove.ch\/?p=4959"},"modified":"2025-02-02T01:17:05","modified_gmt":"2025-02-02T00:17:05","slug":"wie-schneidet-die-schweiz-in-bezug-auf-den-erwerb-der-staatsbuergerschaft-ab","status":"publish","type":"post","link":"https:\/\/nccr-onthemove.ch\/indicators\/wie-schneidet-die-schweiz-in-bezug-auf-den-erwerb-der-staatsbuergerschaft-ab\/?lang=de","title":{"rendered":"Wie schneidet die Schweiz in Bezug auf den Erwerb der Staatsb\u00fcrger&shy;schaft ab?"},"content":{"rendered":"<p><a href=\"https:\/\/public.tableau.com\/views\/Citizenshipacquisition\/Naturalization?:language=en&amp;:display_count=y&amp;:origin=viz_share_link\"><img loading=\"lazy\" decoding=\"async\" class=\"alignnone size-full wp-image-5200\" src=\"https:\/\/nccr-onthemove.ch\/indicators\/wp-content\/uploads\/2020\/04\/MMI-Citizenship_611_PerformanceCitizenshipAcquisition.jpg\" alt=\"\" width=\"786\" height=\"460\" srcset=\"https:\/\/nccr-onthemove.ch\/indicators\/wp-content\/uploads\/2020\/04\/MMI-Citizenship_611_PerformanceCitizenshipAcquisition.jpg 786w, https:\/\/nccr-onthemove.ch\/indicators\/wp-content\/uploads\/2020\/04\/MMI-Citizenship_611_PerformanceCitizenshipAcquisition-300x176.jpg 300w, https:\/\/nccr-onthemove.ch\/indicators\/wp-content\/uploads\/2020\/04\/MMI-Citizenship_611_PerformanceCitizenshipAcquisition-768x449.jpg 768w\" sizes=\"auto, (max-width: 786px) 100vw, 786px\" \/><\/a><\/p>\n<p>Der Erwerb der Staatsb\u00fcrgerschaft gilt allgemein als besonders aussagekr\u00e4ftiger Indikator f\u00fcr die Integration von Migrant*innen in die jeweilige Aufnahmegesellschaft. Seit 2009 ver\u00f6ffentlicht Eurostat jedes Jahr die Daten zum Erwerb der Staatsb\u00fcrgerschaft von ausl\u00e4ndischen Personen in den verschiedenen europ\u00e4ischen L\u00e4ndern.<\/p>\n<p>F\u00fcr das Jahr 2018 wurden diese Daten zum letzten Mal erhoben, und damals befand sich die Schweiz im europ\u00e4ischen Vergleich im oberen Mittelfeld. In Bezug auf den Gesamtzeitraum 2009\u20132018 liegt die Schweiz mit durchschnittlich 2 % der ausl\u00e4ndischen Wohnbev\u00f6lkerung, die jedes Jahr die Schweizer Staatsangeh\u00f6rigkeit erwerben, jedoch nur noch im unteren Mittelfeld oder tiefer.<\/p>\n<p><a title=\"https:\/\/nccr-onthemove.ch\/indicators\/moechten-sich-die-migrantinnen-einbuergern-lassen\/?lang=de\" href=\"https:\/\/nccr-onthemove.ch\/indicators\/moechten-sich-die-migrantinnen-einbuergern-lassen\/?lang=de\" target=\"_blank\" rel=\"noopener\">M\u00f6chten sich die Migrant*innen einb\u00fcrgern lassen?<\/a><\/p>\n<p><a title=\"https:\/\/nccr-onthemove.ch\/indicators\/wie-viele-migrantinnen-werden-im-laufe-der-zeit-eingebuergert\/?lang=de\" href=\"https:\/\/nccr-onthemove.ch\/indicators\/wie-viele-migrantinnen-werden-im-laufe-der-zeit-eingebuergert\/?lang=de\" target=\"_blank\" rel=\"noopener\">Wie viele Migrant*innen werden im Laufe der Zeit eingeb\u00fcrgert?<\/a><\/p>\n<p><a href=\"\/?p=3815&amp;lang=de\">Wie inklusiv sind europ\u00e4ische und Schweizer B\u00fcrgerrechtsgesetze?<\/a><\/p>\n<p>\u2013<\/p>\n<p><strong>Definition<\/strong>:<\/p>\n<p><strong>Staatsb\u00fcrgerschaft<\/strong>: Die Staatsb\u00fcrgerschaft ist die Zugeh\u00f6rigkeit einer B\u00fcrger*in zu einem bestimmten Land und die sich daraus ergebende rechtliche Bindung zwischen ihm \/ ihr und diesem Staat, die durch Geburt oder durch Einb\u00fcrgerung (je nach den nationalen Rechtsvorschriften durch Erkl\u00e4rung, Wahl, Eheschliessung oder auf anderen Wegen) erworben wird.<\/p>\n<p>\u2013<\/p>\n<p><strong>Quellen<\/strong>: EUROSTAT-Statistik zum Erwerb der Staatsb\u00fcrgerschaft (2009-2018)<\/p>\n<p><strong>Hinweis zum Verfahren<\/strong>: Dieser Indikator zeigt den Anteil der ausl\u00e4ndischen Bev\u00f6lkerung mit B\u00fcrgerrecht in den verschiedenen europ\u00e4ischen L\u00e4ndern im Verh\u00e4ltnis zu den aufenthaltsberechtigten Nicht-EU-B\u00fcrgerinnen und -B\u00fcrgern.<\/p>\n<p><strong>Nutzungsbedingungen<\/strong>: Die Migration-Mobility Indicators werden kostenlos f\u00fcr nichtkommerzielle Zwecke zur Verf\u00fcgung gestellt. Wir bitten die Benutzer*innen um Angabe der Bezugsquelle.<\/p>\n<p><strong>Vorgeschlagene Quellenangabe<\/strong>: nccr \u2013 on the move, Migration-Mobility Indicators. Neuch\u00e2tel: nccr \u2013 on the move, 2020.<\/p>\n<p>F\u00fcr n\u00e4here Informationen zu den verwendeten Datens\u00e4tzen klicken Sie bitte <a title=\"https:\/\/nccr-onthemove.ch\/DataManagement\/Inventory.pdf\" href=\"https:\/\/nccr-onthemove.ch\/DataManagement\/Inventory.pdf\" target=\"_blank\" rel=\"noopener\">hier<\/a>.<\/p>\n<p><strong>Letzte Aktualisierung<\/strong>: 28. Juli 2020<\/p>\n","protected":false},"excerpt":{"rendered":"<p>Der Erwerb der Staatsb\u00fcrgerschaft gilt allgemein als besonders aussagekr\u00e4ftiger Indikator f\u00fcr die Integration von Migrant*innen in die jeweilige Aufnahmegesellschaft. Seit 2009 ver\u00f6ffentlicht Eurostat jedes Jahr die Daten zum Erwerb der Staatsb\u00fcrgerschaft von ausl\u00e4ndischen Personen in den verschiedenen europ\u00e4ischen L\u00e4ndern. F\u00fcr das Jahr 2018 wurden diese Daten zum letzten Mal erhoben,<\/p>\n","protected":false},"author":16,"featured_media":0,"comment_status":"open","ping_status":"closed","sticky":false,"template":"","format":"standard","meta":{"_acf_changed":false,"footnotes":""},"categories":[376],"tags":[],"class_list":["post-4959","post","type-post","status-publish","format-standard","hentry","category-buergerrechte"],"acf":[],"aioseo_notices":[],"_links":{"self":[{"href":"https:\/\/nccr-onthemove.ch\/indicators\/wp-json\/wp\/v2\/posts\/4959","targetHints":{"allow":["GET"]}}],"collection":[{"href":"https:\/\/nccr-onthemove.ch\/indicators\/wp-json\/wp\/v2\/posts"}],"about":[{"href":"https:\/\/nccr-onthemove.ch\/indicators\/wp-json\/wp\/v2\/types\/post"}],"author":[{"embeddable":true,"href":"https:\/\/nccr-onthemove.ch\/indicators\/wp-json\/wp\/v2\/users\/16"}],"replies":[{"embeddable":true,"href":"https:\/\/nccr-onthemove.ch\/indicators\/wp-json\/wp\/v2\/comments?post=4959"}],"version-history":[{"count":13,"href":"https:\/\/nccr-onthemove.ch\/indicators\/wp-json\/wp\/v2\/posts\/4959\/revisions"}],"predecessor-version":[{"id":6840,"href":"https:\/\/nccr-onthemove.ch\/indicators\/wp-json\/wp\/v2\/posts\/4959\/revisions\/6840"}],"wp:attachment":[{"href":"https:\/\/nccr-onthemove.ch\/indicators\/wp-json\/wp\/v2\/media?parent=4959"}],"wp:term":[{"taxonomy":"category","embeddable":true,"href":"https:\/\/nccr-onthemove.ch\/indicators\/wp-json\/wp\/v2\/categories?post=4959"},{"taxonomy":"post_tag","embeddable":true,"href":"https:\/\/nccr-onthemove.ch\/indicators\/wp-json\/wp\/v2\/tags?post=4959"}],"curies":[{"name":"wp","href":"https:\/\/api.w.org\/{rel}","templated":true}]}}