{"id":4964,"date":"2021-01-08T12:00:52","date_gmt":"2021-01-08T11:00:52","guid":{"rendered":"https:\/\/indicators.nccr-onthemove.ch\/?p=4964"},"modified":"2025-02-02T01:22:39","modified_gmt":"2025-02-02T00:22:39","slug":"comment-le-revenu-des-migrant%c2%b7e%c2%b7s-evolue-t-il-dans-le-temps","status":"publish","type":"post","link":"https:\/\/nccr-onthemove.ch\/indicators\/comment-le-revenu-des-migrant%c2%b7e%c2%b7s-evolue-t-il-dans-le-temps\/?lang=fr","title":{"rendered":"Comment le revenu des migrant\u00b7e\u00b7s \u00e9volue-t-il dans le temps ?"},"content":{"rendered":"<p>Le <strong>revenu m\u00e9dian des \u00e9tranger\u00b7e\u00b7s<\/strong>, class\u00e9\u00b7e\u00b7s selon le permis et la nationalit\u00e9, est <strong>syst\u00e9matiquement compar\u00e9 \u00e0 celui des Suisses\u00b7esses<\/strong> (groupe de r\u00e9f\u00e9rence). En brun figure la diff\u00e9rence au d\u00e9triment des \u00e9tranger\u00b7e\u00b7s. Lorsque le revenu d\u2019un groupe d\u2019\u00e9trangers est sup\u00e9rieur au groupe de r\u00e9f\u00e9rence, l\u2019\u00e9cart est indiqu\u00e9 en gris.<\/p>\n<p>Les graphiques montrent la <strong>p\u00e9nalit\u00e9 de revenus observ\u00e9e parmi les actifs titulaires des permis les plus pr\u00e9caires<\/strong> (permis F et L). Par contre, quelques <strong>groupes \u00e9trangers pr\u00e9sentent un revenu m\u00e9dian sup\u00e9rieur \u00e0 celui du Suisses\u00b7esses<\/strong>. C\u2019est le cas par exemple des ressortissant\u00b7e\u00b7s de l\u2019Am\u00e9rique du Nord, d\u2019Allemagne, de France et du Royaume Uni.<\/p>\n<p>Cela peut s&#8217;expliquer par le fait que ces derni\u00e8res ann\u00e9es, dans le contexte d&#8217;une <strong>migration vers la Suisse ax\u00e9e sur le march\u00e9 du travail<\/strong>, une <strong>augmentation g\u00e9n\u00e9rale du nombre de migrant\u00b7e\u00b7s hautement qualifi\u00e9\u00b7e\u00b7s <\/strong>a \u00e9t\u00e9 constat\u00e9e. Aujourd&#8217;hui, plus de la moiti\u00e9 des personnes en \u00e2ge de travailler qui arrivent de l&#8217;\u00e9tranger sont hautement qualifi\u00e9es, avec une proportion particuli\u00e8rement \u00e9lev\u00e9e parmi les migrant\u00b7e\u00b7s des pays anglophones. Certain\u00b7e\u00b7s migrant\u00b7e\u00b7s sont non seulement <strong>plus souvent tr\u00e8s qualifi\u00e9\u00b7e\u00b7s, mais ils\u00b7elles occupent des emplois exigeant des comp\u00e9tences sp\u00e9cifiques<\/strong>, ce qui se traduit, dans de nombreux cas, par un salaire m\u00e9dian plus \u00e9lev\u00e9 pour les ressortissant\u00b7e\u00b7s de certains pays que le salaire m\u00e9dian des travailleurs\u00b7euses suisses.<\/p>\n<p>Dans l&#8217;ensemble, cet indicateur fournit des <strong>preuves suppl\u00e9mentaires que l&#8217;immigration r\u00e9cente comble les lacunes du march\u00e9 du travail suisse<\/strong>, car les migrant\u00b7e\u00b7s r\u00e9cemment arriv\u00e9\u00b7e\u00b7s en Suisse occupent, selon leur nationalit\u00e9 et d\u2019autres caract\u00e9ristiques, des postes dans les segments \u00e0 haut ou \u00e0 bas revenus du march\u00e9 de l\u2019emploi.<\/p>\n<p>Le revenu des <strong>Suissesses est souvent plus d\u00e9favorable que le revenu des diff\u00e9rents groupes d\u2019\u00e9trang\u00e8res<\/strong>. Cette situation s\u2019explique principalement par le fait que l\u2019acc\u00e8s au <strong>travail \u00e0 temps partiel<\/strong> est plus fr\u00e9quent chez les Suissesses.<\/p>\n<p>Sur la p\u00e9riode consid\u00e9r\u00e9e, on n\u2019observe pas de tendance \u00e0 l\u2019uniformisation des revenus.<\/p>\n<p><a title=\"https:\/\/nccr-onthemove.ch\/indicators\/quel-est-le-niveau-de-formation-des-personnes-migrantes\/?lang=fr\" href=\"https:\/\/nccr-onthemove.ch\/indicators\/quel-est-le-niveau-de-formation-des-personnes-migrantes\/?lang=fr\" target=\"_blank\" rel=\"noopener\">Quel est le niveau de formation des personnes migrantes\u00a0?<\/a><\/p>\n<p><a title=\"https:\/\/nccr-onthemove.ch\/indicators\/dans-quels-secteurs-economiques-trouve-t-on-le-plus-de-migrant%c2%b7e%c2%b7s\/?lang=fr\" href=\"https:\/\/nccr-onthemove.ch\/indicators\/dans-quels-secteurs-economiques-trouve-t-on-le-plus-de-migrant%c2%b7e%c2%b7s\/?lang=fr\" target=\"_blank\" rel=\"noopener\">Dans quels secteurs \u00e9conomiques trouve-t-on le plus de migrant\u00b7e\u00b7s\u00a0?<\/a><\/p>\n<p><a title=\"https:\/\/nccr-onthemove.ch\/indicators\/les-personnes-migrantes-arrivent-elles-avec-un-contrat-de-travail\/?lang=fr\" href=\"https:\/\/nccr-onthemove.ch\/indicators\/les-personnes-migrantes-arrivent-elles-avec-un-contrat-de-travail\/?lang=fr\" target=\"_blank\" rel=\"noopener\">Les personnes migrantes arrivent-elles avec un contrat de travail\u00a0?<\/a><\/p>\n<p><a title=\"https:\/\/nccr-onthemove.ch\/indicators\/la-situation-professionnelle-sameliore-t-elle-grace-a-la-migration\/?lang=fr\" href=\"https:\/\/nccr-onthemove.ch\/indicators\/la-situation-professionnelle-sameliore-t-elle-grace-a-la-migration\/?lang=fr\" target=\"_blank\" rel=\"noopener\">La situation professionnelle s\u2019am\u00e9liore-t-elle gr\u00e2ce \u00e0 la migration\u00a0?<\/a><\/p>\n<p><a title=\"https:\/\/nccr-onthemove.ch\/indicators\/les-migrant%c2%b7e%c2%b7s-utilisent-ils-elles-leurs-competences-professionnelles\/?lang=fr\" href=\"https:\/\/nccr-onthemove.ch\/indicators\/les-migrant%c2%b7e%c2%b7s-utilisent-ils-elles-leurs-competences-professionnelles\/?lang=fr\" target=\"_blank\" rel=\"noopener\">Les migrant\u00b7e\u00b7s utilisent-ils\/elles leurs comp\u00e9tences professionnelles\u00a0?<\/a><\/p>\n<p>\u2013<\/p>\n<p><strong>D\u00e9finitions<\/strong><\/p>\n<p><strong>Revenu <\/strong>: Le revenu soumis aux cotisations AVS est indiqu\u00e9 sur les graphiques. Le revenu comprend le salaire, y compris les primes et indemnit\u00e9s, les allocations de d\u00e9placement et gratifications L\u2019obligation de cotiser d\u00e9bute le 1er janvier suivant le 17\u00e8me anniversaire.<\/p>\n<p>\u2013<\/p>\n<p><strong>Source :<\/strong> Compte individuel, <a href=\"https:\/\/www.zas.admin.ch\/zas\/fr\/home.html\" target=\"_blank\" rel=\"noopener\">Centrale des compensations<\/a> (1998-2020)<\/p>\n<p><strong>Note m\u00e9thodologique :<\/strong> Les revenus de l\u2019activit\u00e9 professionnelle soumis \u00e0 cotisation sont disponibles par les registres du 1er pilier. Ces informations quasi-exhaustives permettent de suivre dans le temps l\u2019\u00e9volution du revenu de chaque personne active, sans cependant conna\u00eetre le taux d\u2019emploi (nombre d\u2019heures travaill\u00e9es). Malgr\u00e9 cette limite, elles fournissent des informations int\u00e9ressantes sur la trajectoire de revenus depuis l\u2019arriv\u00e9e en Suisse.<\/p>\n<p>Les cotisations \u00e0 l\u2019AVS effectu\u00e9es par des personnes non actives n\u2019ont pas \u00e9t\u00e9 prises en consid\u00e9ration.<\/p>\n<p><strong>Conditions g\u00e9n\u00e9rales d\u2019utilisation :<\/strong> Les \u00ab Migration-Mobility Indicators \u00bb sont disponibles gratuitement pour une utilisation non commerciale. Nous prions les utilisatrices et utilisateurs de mentionner la source.<\/p>\n<p><strong>R\u00e9f\u00e9rence propos\u00e9e :<\/strong> nccr \u2013 on the move, Migration-Mobility Indicators. Neuch\u00e2tel: nccr \u2013 on the move, 2022.<\/p>\n<p>Pour plus d\u2019informations sur les fichiers de donn\u00e9es utilis\u00e9es, veuillez cliquer <a title=\"https:\/\/nccr-onthemove.ch\/DataManagement\/Inventory.pdf\" href=\"https:\/\/nccr-onthemove.ch\/DataManagement\/Inventory.pdf\" target=\"_blank\" rel=\"noopener\">ici<\/a>.<\/p>\n<p><strong>Derni\u00e8re mise \u00e0 jour :<\/strong>\u00a07 f\u00e9vrier 2022<\/p>\n","protected":false},"excerpt":{"rendered":"<p>Le revenu m\u00e9dian des \u00e9tranger\u00b7e\u00b7s, class\u00e9\u00b7e\u00b7s selon le permis et la nationalit\u00e9, est syst\u00e9matiquement compar\u00e9 \u00e0 celui des Suisses\u00b7esses (groupe de r\u00e9f\u00e9rence). En brun figure la diff\u00e9rence au d\u00e9triment des \u00e9tranger\u00b7e\u00b7s. Lorsque le revenu d\u2019un groupe d\u2019\u00e9trangers est sup\u00e9rieur au groupe de r\u00e9f\u00e9rence, l\u2019\u00e9cart est indiqu\u00e9 en gris. Les graphiques<\/p>\n","protected":false},"author":16,"featured_media":0,"comment_status":"open","ping_status":"closed","sticky":false,"template":"","format":"standard","meta":{"_acf_changed":false,"footnotes":""},"categories":[57],"tags":[],"class_list":["post-4964","post","type-post","status-publish","format-standard","hentry","category-marche-du-travail"],"acf":[],"aioseo_notices":[],"_links":{"self":[{"href":"https:\/\/nccr-onthemove.ch\/indicators\/wp-json\/wp\/v2\/posts\/4964","targetHints":{"allow":["GET"]}}],"collection":[{"href":"https:\/\/nccr-onthemove.ch\/indicators\/wp-json\/wp\/v2\/posts"}],"about":[{"href":"https:\/\/nccr-onthemove.ch\/indicators\/wp-json\/wp\/v2\/types\/post"}],"author":[{"embeddable":true,"href":"https:\/\/nccr-onthemove.ch\/indicators\/wp-json\/wp\/v2\/users\/16"}],"replies":[{"embeddable":true,"href":"https:\/\/nccr-onthemove.ch\/indicators\/wp-json\/wp\/v2\/comments?post=4964"}],"version-history":[{"count":34,"href":"https:\/\/nccr-onthemove.ch\/indicators\/wp-json\/wp\/v2\/posts\/4964\/revisions"}],"predecessor-version":[{"id":6807,"href":"https:\/\/nccr-onthemove.ch\/indicators\/wp-json\/wp\/v2\/posts\/4964\/revisions\/6807"}],"wp:attachment":[{"href":"https:\/\/nccr-onthemove.ch\/indicators\/wp-json\/wp\/v2\/media?parent=4964"}],"wp:term":[{"taxonomy":"category","embeddable":true,"href":"https:\/\/nccr-onthemove.ch\/indicators\/wp-json\/wp\/v2\/categories?post=4964"},{"taxonomy":"post_tag","embeddable":true,"href":"https:\/\/nccr-onthemove.ch\/indicators\/wp-json\/wp\/v2\/tags?post=4964"}],"curies":[{"name":"wp","href":"https:\/\/api.w.org\/{rel}","templated":true}]}}