{"id":5541,"date":"2021-09-02T11:09:14","date_gmt":"2021-09-02T09:09:14","guid":{"rendered":"https:\/\/nccr-onthemove.ch\/indicators\/?p=5541"},"modified":"2025-09-23T13:55:15","modified_gmt":"2025-09-23T11:55:15","slug":"ou-les-migrant%c2%b7e%c2%b7s-ont-ils-elles-sejourne-pendant-la-pandemie","status":"publish","type":"post","link":"https:\/\/nccr-onthemove.ch\/indicators\/ou-les-migrant%c2%b7e%c2%b7s-ont-ils-elles-sejourne-pendant-la-pandemie\/?lang=fr","title":{"rendered":"O\u00f9 les immigr\u00e9\u00b7e\u00b7s ont-ils\/elles s\u00e9journ\u00e9 pendant la pand\u00e9mie ?"},"content":{"rendered":"<p>La majorit\u00e9 des immigr\u00e9\u00b7e\u00b7s, soit 97 %, est rest\u00e9e dans le pays de leur r\u00e9sidence habituelle : la Suisse. Ce r\u00e9sultat est en corr\u00e9lation avec les restrictions de mouvement en vigueur lors de la pand\u00e9mie de COVID-19 qui ont emp\u00each\u00e9 de nombreuses personnes de retourner dans leur pays d\u2019origine.<\/p>\n<p>Il n\u2019y a pas de grandes diff\u00e9rences perceptibles du point de vue socio-d\u00e9mographique. Ce qui atteste que presque tous les r\u00e9pondant\u00b7e\u00b7s ont \u00e9t\u00e9 contraint\u00b7e\u00b7s de rester en Suisse lors de la premi\u00e8re vague de la pand\u00e9mie, quels que soient leurs origines et leurs moyens.<\/p>\n<p><a title=\"https:\/\/nccr-onthemove.ch\/indicators\/comment-les-personnes-etrangeres-ont-elles-vecu-la-pandemie-en-suisse\/?lang=fr\" href=\"https:\/\/nccr-onthemove.ch\/indicators\/comment-les-personnes-etrangeres-ont-elles-vecu-la-pandemie-en-suisse\/?lang=fr\" target=\"_blank\" rel=\"noopener\">Comment les personnes immigr\u00e9es ont-elles v\u00e9cu la pand\u00e9mie en Suisse ?<\/a><\/p>\n<p><a title=\"https:\/\/nccr-onthemove.ch\/indicators\/la-pandemie-a-t-elle-affecte-leurs-projets-de-sejour-en-suisse\/?lang=fr\" href=\"https:\/\/nccr-onthemove.ch\/indicators\/la-pandemie-a-t-elle-affecte-leurs-projets-de-sejour-en-suisse\/?lang=fr\" target=\"_blank\" rel=\"noopener\">La pand\u00e9mie a-t-elle affect\u00e9 les projets de s\u00e9jour en Suisse des personnes immigr\u00e9es ?<\/a><\/p>\n<p><a title=\"https:\/\/nccr-onthemove.ch\/indicators\/quel-a-ete-limpact-de-covid-19-sur-la-situation-professionnelle-des-migrant%c2%b7e%c2%b7s\/?lang=fr\" href=\"https:\/\/nccr-onthemove.ch\/indicators\/quel-a-ete-limpact-de-covid-19-sur-la-situation-professionnelle-des-migrant%c2%b7e%c2%b7s\/?lang=fr\" target=\"_blank\" rel=\"noopener\">Quel a \u00e9t\u00e9 l\u2019impact du COVID-19 sur la situation professionnelle des personnes immigr\u00e9es ?<\/a><\/p>\n<p><a title=\"https:\/\/nccr-onthemove.ch\/indicators\/les-residents-locaux-ont-ils-fait-preuve-dempathie-envers-les-migrant%c2%b7e%c2%b7s\/?lang=fr\" href=\"https:\/\/nccr-onthemove.ch\/indicators\/les-residents-locaux-ont-ils-fait-preuve-dempathie-envers-les-migrant%c2%b7e%c2%b7s\/?lang=fr\" target=\"_blank\" rel=\"noopener\">Les r\u00e9sidents locaux ont-ils fait preuve d\u2019empathie envers les migrant\u00b7e\u00b7s ?<\/a><\/p>\n<p>\u2013<\/p>\n<p><strong>Sources<\/strong> : Enqu\u00eate Migration-Mobilit\u00e9 2020, nccr &#8211; on the move<\/p>\n<p><strong>Note sur la m\u00e9thodologie<\/strong> : Ces chiffres sont issus de l&#8217;enqu\u00eate Migration-Mobilit\u00e9, men\u00e9e en automne 2020 aupr\u00e8s d&#8217;une population de personnes n\u00e9es \u00e0 l&#8217;\u00e9tranger et de nationalit\u00e9 \u00e9trang\u00e8re ayant d\u00e9m\u00e9nag\u00e9 en Suisse au cours des 14 derni\u00e8res ann\u00e9es. Pour faire partie de l&#8217;\u00e9chantillon de population, les personnes interrog\u00e9es devaient \u00eatre \u00e2g\u00e9es de 24 \u00e0 64 ans au moment de l&#8217;enqu\u00eate, et avoir au moins 18 ans \u00e0 leur arriv\u00e9e en Suisse. 7&#8217;393 personnes ont r\u00e9pondu\u00a0<span lang=\"FR-CH\">int\u00e9gralement\u00a0<\/span>au questionnaire complet, soit en ligne, soit par t\u00e9l\u00e9phone.<\/p>\n<p><strong>La question pos\u00e9e : <\/strong>Au cours de la p\u00e9riode d<span lang=\"FR-CH\">e confinement<\/span>\u00a0d\u00e9butant en mars 2020, o\u00f9 avez-vous pass\u00e9 la majeure partie de votre temps (travail et temps libre) ?<br \/>\n\u2013 Dans mon lieu de r\u00e9sidence habituel en Suisse<br \/>\n\u2013 Dans un autre lieu en Suisse<br \/>\n\u2013 Dans mon pays d&#8217;origine<br \/>\n\u2013 Dans un autre pays<\/p>\n<p><strong>Conditions g\u00e9n\u00e9rales d\u2019utilisation<\/strong> : Les \u00ab Migration-Mobility Indicators \u00bb sont disponibles gratuitement pour une utilisation non commerciale. Nous prions les utilisatrices et utilisateurs de mentionner la source.<\/p>\n<p><strong>R\u00e9f\u00e9rence propos\u00e9e<\/strong> : nccr \u2013 on the move, Migration-Mobility Indicators. Neuch\u00e2tel: nccr \u2013 on the move, 2022.<\/p>\n<p>Pour plus d\u2019informations sur les fichiers de donn\u00e9es utilis\u00e9es, veuillez cliquer <a title=\"https:\/\/nccr-onthemove.ch\/DataManagement\/Inventory.pdf\" href=\"https:\/\/nccr-onthemove.ch\/DataManagement\/Inventory.pdf\" target=\"_blank\" rel=\"noopener\">ici<\/a>.<\/p>\n<p><strong>Derni\u00e8re mise \u00e0 jour <\/strong>: 28 f\u00e9vrier 2022<\/p>\n","protected":false},"excerpt":{"rendered":"<p>La majorit\u00e9 des immigr\u00e9\u00b7e\u00b7s, soit 97 %, est rest\u00e9e dans le pays de leur r\u00e9sidence habituelle : la Suisse. Ce r\u00e9sultat est en corr\u00e9lation avec les restrictions de mouvement en vigueur lors de la pand\u00e9mie de COVID-19 qui ont emp\u00each\u00e9 de nombreuses personnes de retourner dans leur pays d\u2019origine. Il<\/p>\n","protected":false},"author":16,"featured_media":0,"comment_status":"open","ping_status":"closed","sticky":false,"template":"","format":"standard","meta":{"_acf_changed":false,"footnotes":""},"categories":[392],"tags":[],"class_list":["post-5541","post","type-post","status-publish","format-standard","hentry","category-covid-19"],"acf":[],"aioseo_notices":[],"_links":{"self":[{"href":"https:\/\/nccr-onthemove.ch\/indicators\/wp-json\/wp\/v2\/posts\/5541","targetHints":{"allow":["GET"]}}],"collection":[{"href":"https:\/\/nccr-onthemove.ch\/indicators\/wp-json\/wp\/v2\/posts"}],"about":[{"href":"https:\/\/nccr-onthemove.ch\/indicators\/wp-json\/wp\/v2\/types\/post"}],"author":[{"embeddable":true,"href":"https:\/\/nccr-onthemove.ch\/indicators\/wp-json\/wp\/v2\/users\/16"}],"replies":[{"embeddable":true,"href":"https:\/\/nccr-onthemove.ch\/indicators\/wp-json\/wp\/v2\/comments?post=5541"}],"version-history":[{"count":20,"href":"https:\/\/nccr-onthemove.ch\/indicators\/wp-json\/wp\/v2\/posts\/5541\/revisions"}],"predecessor-version":[{"id":7046,"href":"https:\/\/nccr-onthemove.ch\/indicators\/wp-json\/wp\/v2\/posts\/5541\/revisions\/7046"}],"wp:attachment":[{"href":"https:\/\/nccr-onthemove.ch\/indicators\/wp-json\/wp\/v2\/media?parent=5541"}],"wp:term":[{"taxonomy":"category","embeddable":true,"href":"https:\/\/nccr-onthemove.ch\/indicators\/wp-json\/wp\/v2\/categories?post=5541"},{"taxonomy":"post_tag","embeddable":true,"href":"https:\/\/nccr-onthemove.ch\/indicators\/wp-json\/wp\/v2\/tags?post=5541"}],"curies":[{"name":"wp","href":"https:\/\/api.w.org\/{rel}","templated":true}]}}