{"id":5545,"date":"2021-09-02T10:09:50","date_gmt":"2021-09-02T08:09:50","guid":{"rendered":"https:\/\/nccr-onthemove.ch\/indicators\/?p=5545"},"modified":"2025-09-23T13:55:09","modified_gmt":"2025-09-23T11:55:09","slug":"wo-haben-die-migrantinnen-waehrend-der-pandemie-gelebt","status":"publish","type":"post","link":"https:\/\/nccr-onthemove.ch\/indicators\/wo-haben-die-migrantinnen-waehrend-der-pandemie-gelebt\/?lang=de","title":{"rendered":"Wo haben die Migrant*innen w\u00e4hrend der Pandemie gelebt?"},"content":{"rendered":"<p>Die grosse Mehrheit, 97 % der Migrant*innen, blieb w\u00e4hrend der Pandemie in dem Land, in dem sie ihren Wohnsitz hatten; in der Schweiz. Dieses Ergebnis steht im Zusammenhang mit den w\u00e4hrend der COVID-19-Pandemie geltenden Reisebeschr\u00e4nkungen, die es vielen Menschen nicht erlaubten, in ihre Herkunftsl\u00e4nder zur\u00fcckzureisen.<\/p>\n<p>Unter soziodemografischen Gesichtspunkten sind keine grossen Unterschiede festzustellen.<\/p>\n<p><a title=\"https:\/\/nccr-onthemove.ch\/indicators\/wie-haben-auslaendische-buergerinnen-die-pandemie-in-der-schweiz-erlebt\/?lang=de\" href=\"https:\/\/nccr-onthemove.ch\/indicators\/wie-haben-auslaendische-buergerinnen-die-pandemie-in-der-schweiz-erlebt\/?lang=de\" target=\"_blank\" rel=\"noopener\">Wie haben ausl\u00e4ndische B\u00fcrger*innen die Pandemie in der Schweiz erlebt?<\/a><\/p>\n<p><a title=\"https:\/\/nccr-onthemove.ch\/indicators\/hat-die-pandemie-die-plaene-in-der-schweiz-zu-bleiben-beeintraechtigt\/?lang=de\" href=\"https:\/\/nccr-onthemove.ch\/indicators\/hat-die-pandemie-die-plaene-in-der-schweiz-zu-bleiben-beeintraechtigt\/?lang=de\" target=\"_blank\" rel=\"noopener\">Hat COVID-19 die Pl\u00e4ne der Migrant*innen, in der Schweiz zu bleiben, beeintr\u00e4chtigt?<\/a><\/p>\n<p>\u2013<\/p>\n<p><strong>Quellen<\/strong>: Migration-Mobility Survey 2020, nccr \u2013 on the move<\/p>\n<p><strong>Hinweis zum Verfahren<\/strong>: Diese Daten stammen aus dem Migration-Mobility Survey, einer im Herbst 2022 durchgef\u00fchrten Umfrage unter im Ausland geborenen ausl\u00e4ndischen Staatsangeh\u00f6rigen, die in den letzten 14 Jahren in die Schweiz eingewandert sind. Um in die Stichprobe aufgenommen zu werden, mussten diese Personen zum Zeitpunkt der Erhebung zwischen 24 und 64 Jahre alt sein und bei ihrer Einreise in die Schweiz mindestens das 18. Altersjahr vollendet haben. 7\u2019393 Personen haben den Fragebogen entweder online oder per Telefon vollst\u00e4ndig beantwortet.<\/p>\n<p><strong>Gestellte Frage<\/strong>: Wo haben Sie w\u00e4hrend des seit M\u00e4rz 2020 bestehenden Lockdowns die meiste Zeit verbracht (Arbeit und Freizeit)?<\/p>\n<p>\u2013 An meinem \u00fcblichen Wohnort<br \/>\n\u2013 An einem anderen Ort in der Schweiz<br \/>\n\u2013 In meinem Herkunftsland<br \/>\n\u2013 In einem anderen Land<\/p>\n<p><strong>Bemerkung: <\/strong>Das \u00abHerkunftsland\u00bb ist das Land, das die Befragten als solches angegeben haben. In den meisten F\u00e4llen entspricht dieses (einer) ihrer Nationalit\u00e4t(en).<\/p>\n<p><strong>Nutzungsbedingungen<\/strong>: Die Migration-Mobility Indicators werden kostenlos f\u00fcr nichtkommerzielle Zwecke zur Verf\u00fcgung gestellt. Wir bitten die Benutzer*innen um Angabe der Bezugsquelle.<\/p>\n<p><strong>Vorgeschlagene Quellenangabe<\/strong>: nccr \u2013 on the move, Migration-Mobility Indicators. Neuch\u00e2tel: nccr \u2013 on the move, 2021.<\/p>\n<p>F\u00fcr n\u00e4here Informationen zu den verwendeten Datens\u00e4tzen klicken Sie bitte <a title=\"https:\/\/nccr-onthemove.ch\/DataManagement\/Inventory.pdf\" href=\"https:\/\/nccr-onthemove.ch\/DataManagement\/Inventory.pdf\" target=\"_blank\" rel=\"noopener\">hier<\/a>.<\/p>\n<p><strong>Letzte Aktualisierung<\/strong>: 2. September 2021<\/p>\n","protected":false},"excerpt":{"rendered":"<p>Die grosse Mehrheit, 97 % der Migrant*innen, blieb w\u00e4hrend der Pandemie in dem Land, in dem sie ihren Wohnsitz hatten; in der Schweiz. Dieses Ergebnis steht im Zusammenhang mit den w\u00e4hrend der COVID-19-Pandemie geltenden Reisebeschr\u00e4nkungen, die es vielen Menschen nicht erlaubten, in ihre Herkunftsl\u00e4nder zur\u00fcckzureisen. Unter soziodemografischen Gesichtspunkten sind keine<\/p>\n","protected":false},"author":16,"featured_media":0,"comment_status":"open","ping_status":"closed","sticky":false,"template":"","format":"standard","meta":{"_acf_changed":false,"footnotes":""},"categories":[393],"tags":[],"class_list":["post-5545","post","type-post","status-publish","format-standard","hentry","category-covid-19"],"acf":[],"aioseo_notices":[],"_links":{"self":[{"href":"https:\/\/nccr-onthemove.ch\/indicators\/wp-json\/wp\/v2\/posts\/5545","targetHints":{"allow":["GET"]}}],"collection":[{"href":"https:\/\/nccr-onthemove.ch\/indicators\/wp-json\/wp\/v2\/posts"}],"about":[{"href":"https:\/\/nccr-onthemove.ch\/indicators\/wp-json\/wp\/v2\/types\/post"}],"author":[{"embeddable":true,"href":"https:\/\/nccr-onthemove.ch\/indicators\/wp-json\/wp\/v2\/users\/16"}],"replies":[{"embeddable":true,"href":"https:\/\/nccr-onthemove.ch\/indicators\/wp-json\/wp\/v2\/comments?post=5545"}],"version-history":[{"count":15,"href":"https:\/\/nccr-onthemove.ch\/indicators\/wp-json\/wp\/v2\/posts\/5545\/revisions"}],"predecessor-version":[{"id":7035,"href":"https:\/\/nccr-onthemove.ch\/indicators\/wp-json\/wp\/v2\/posts\/5545\/revisions\/7035"}],"wp:attachment":[{"href":"https:\/\/nccr-onthemove.ch\/indicators\/wp-json\/wp\/v2\/media?parent=5545"}],"wp:term":[{"taxonomy":"category","embeddable":true,"href":"https:\/\/nccr-onthemove.ch\/indicators\/wp-json\/wp\/v2\/categories?post=5545"},{"taxonomy":"post_tag","embeddable":true,"href":"https:\/\/nccr-onthemove.ch\/indicators\/wp-json\/wp\/v2\/tags?post=5545"}],"curies":[{"name":"wp","href":"https:\/\/api.w.org\/{rel}","templated":true}]}}