{"id":5550,"date":"2021-09-02T10:06:00","date_gmt":"2021-09-02T08:06:00","guid":{"rendered":"https:\/\/nccr-onthemove.ch\/indicators\/?p=5550"},"modified":"2025-09-23T13:57:52","modified_gmt":"2025-09-23T11:57:52","slug":"hat-die-pandemie-die-plaene-in-der-schweiz-zu-bleiben-beeintraechtigt","status":"publish","type":"post","link":"https:\/\/nccr-onthemove.ch\/indicators\/hat-die-pandemie-die-plaene-in-der-schweiz-zu-bleiben-beeintraechtigt\/?lang=de","title":{"rendered":"Hat COVID-19 die Pl\u00e4ne der Migrant*innen, in der Schweiz zu bleiben, beeintr\u00e4chtigt?"},"content":{"rendered":"<p>Insgesamt 94 % der Befragten gaben an, dass die COVID-19-Pandemie ihre Pl\u00e4ne, in der Schweiz zu bleiben, nicht beeintr\u00e4chtigt hat.<\/p>\n<p>Interessant ist, dass bei denjenigen, deren Bleibepl\u00e4ne durch die Pandemie beeintr\u00e4chtigt wurden, ein leichter Unterschied (5 %) zwischen denjenigen bestand, die noch nicht so lange in der Schweiz lebten (0 bis 4 Jahre), und denjenigen, die bereits seit 5 bis 10 Jahren hier waren.<\/p>\n<p>Auch bei denjenigen, die eine negative Auswirkung erlebten, war die \u00e4ltere Altersgruppe, d. h. die Gruppe der 40- bis 64-J\u00e4hrigen, weniger betroffen (5 %) als die j\u00fcngere Altersgruppe der 24- bis 40-J\u00e4hrigen (8 %).<\/p>\n<p><a title=\"https:\/\/nccr-onthemove.ch\/indicators\/welche-auswirkungen-hatte-covid-19-auf-die-berufliche-situation-der-in-der-schweiz-lebenden-auslaenderinnen\/?lang=de\" href=\"https:\/\/nccr-onthemove.ch\/indicators\/welche-auswirkungen-hatte-covid-19-auf-die-berufliche-situation-der-in-der-schweiz-lebenden-auslaenderinnen\/?lang=de\" target=\"_blank\" rel=\"noopener\">Welche Auswirkungen hatte COVID-19 auf die berufliche Situation der Migrant*innen?<\/a><\/p>\n<p><a title=\"https:\/\/nccr-onthemove.ch\/indicators\/hat-die-lokale-wohnbevoelkerung-emmpathie-gegenueber-den-migrantinnen-gezeigt\/?lang=de\" href=\"https:\/\/nccr-onthemove.ch\/indicators\/hat-die-lokale-wohnbevoelkerung-emmpathie-gegenueber-den-migrantinnen-gezeigt\/?lang=de\" target=\"_blank\" rel=\"noopener\">Haben die Migrant*innen von der lokalen Wohnbev\u00f6lkerung Empathie erfahren?<\/a><\/p>\n<p>\u2013<\/p>\n<p><strong>Quellen<\/strong>: Migration-Mobility Survey 2022, nccr \u2013 on the move<\/p>\n<p><strong>Hinweis zum Verfahren<\/strong>: Diese Daten stammen aus dem Migration-Mobility Survey, einer im Herbst 2022 durchgef\u00fchrten Umfrage unter im Ausland geborenen ausl\u00e4ndischen Staatsangeh\u00f6rigen, die in den letzten 16 Jahren in die Schweiz eingewandert sind. Um in die Stichprobe aufgenommen zu werden, mussten diese Personen zum Zeitpunkt der Erhebung zwischen 24 und 64 Jahre alt sein und bei ihrer Einreise in die Schweiz mindestens das 18. Altersjahr vollendet haben. 7\u2019206 Personen haben den Fragebogen entweder online oder per Telefon vollst\u00e4ndig beantwortet.<\/p>\n<p><strong>Gestellte Frage <\/strong>: Hat der Ausbruch von COVID-19 Ihre Pl\u00e4ne bez\u00fcglich Ihres Aufenthaltes in der Schweiz beeinflusst?<\/p>\n<p>\u2013 Ja, ich habe beschlossen, meine Abreise zeitlich vorzuziehen.<br \/>\n\u2013 Ja, ich habe beschlossen, meine Abreise hinauszuschieben.<br \/>\n\u2013 Nein.<\/p>\n<p><strong>Bemerkung: <\/strong>Das \u00abHerkunftsland\u00bb ist das Land, das die Befragten als solches angegeben haben. In den meisten F\u00e4llen entspricht dieses (einer) ihrer Nationalit\u00e4t(en).<\/p>\n<p><strong>Nutzungsbedingungen<\/strong>: Die Migration-Mobility Indicators werden kostenlos f\u00fcr nichtkommerzielle Zwecke zur Verf\u00fcgung gestellt. Wir bitten die Benutzer*innen um Angabe der Bezugsquelle.<\/p>\n<p><strong>Vorgeschlagene Quellenangabe<\/strong>: nccr \u2013 on the move, Migration-Mobility Indicators. Neuch\u00e2tel: nccr \u2013 on the move, 2023.<\/p>\n<p>F\u00fcr n\u00e4here Informationen zu den verwendeten Datens\u00e4tzen klicken Sie bitte <a title=\"https:\/\/nccr-onthemove.ch\/DataManagement\/Inventory.pdf\" href=\"https:\/\/nccr-onthemove.ch\/DataManagement\/Inventory.pdf\" target=\"_blank\" rel=\"noopener\">hier<\/a>.<\/p>\n<p><strong>Letzte Aktualisierung<\/strong>: 21 Juni 2023<\/p>\n","protected":false},"excerpt":{"rendered":"<p>Insgesamt 94 % der Befragten gaben an, dass die COVID-19-Pandemie ihre Pl\u00e4ne, in der Schweiz zu bleiben, nicht beeintr\u00e4chtigt hat. Interessant ist, dass bei denjenigen, deren Bleibepl\u00e4ne durch die Pandemie beeintr\u00e4chtigt wurden, ein leichter Unterschied (5 %) zwischen denjenigen bestand, die noch nicht so lange in der Schweiz lebten (0<\/p>\n","protected":false},"author":16,"featured_media":0,"comment_status":"open","ping_status":"closed","sticky":false,"template":"","format":"standard","meta":{"_acf_changed":false,"footnotes":""},"categories":[393],"tags":[],"class_list":["post-5550","post","type-post","status-publish","format-standard","hentry","category-covid-19"],"acf":[],"aioseo_notices":[],"_links":{"self":[{"href":"https:\/\/nccr-onthemove.ch\/indicators\/wp-json\/wp\/v2\/posts\/5550","targetHints":{"allow":["GET"]}}],"collection":[{"href":"https:\/\/nccr-onthemove.ch\/indicators\/wp-json\/wp\/v2\/posts"}],"about":[{"href":"https:\/\/nccr-onthemove.ch\/indicators\/wp-json\/wp\/v2\/types\/post"}],"author":[{"embeddable":true,"href":"https:\/\/nccr-onthemove.ch\/indicators\/wp-json\/wp\/v2\/users\/16"}],"replies":[{"embeddable":true,"href":"https:\/\/nccr-onthemove.ch\/indicators\/wp-json\/wp\/v2\/comments?post=5550"}],"version-history":[{"count":24,"href":"https:\/\/nccr-onthemove.ch\/indicators\/wp-json\/wp\/v2\/posts\/5550\/revisions"}],"predecessor-version":[{"id":7054,"href":"https:\/\/nccr-onthemove.ch\/indicators\/wp-json\/wp\/v2\/posts\/5550\/revisions\/7054"}],"wp:attachment":[{"href":"https:\/\/nccr-onthemove.ch\/indicators\/wp-json\/wp\/v2\/media?parent=5550"}],"wp:term":[{"taxonomy":"category","embeddable":true,"href":"https:\/\/nccr-onthemove.ch\/indicators\/wp-json\/wp\/v2\/categories?post=5550"},{"taxonomy":"post_tag","embeddable":true,"href":"https:\/\/nccr-onthemove.ch\/indicators\/wp-json\/wp\/v2\/tags?post=5550"}],"curies":[{"name":"wp","href":"https:\/\/api.w.org\/{rel}","templated":true}]}}