{"id":5558,"date":"2021-09-02T10:05:56","date_gmt":"2021-09-02T08:05:56","guid":{"rendered":"https:\/\/nccr-onthemove.ch\/indicators\/?p=5558"},"modified":"2025-09-23T14:00:10","modified_gmt":"2025-09-23T12:00:10","slug":"hat-die-lokale-wohnbevoelkerung-emmpathie-gegenueber-den-migrantinnen-gezeigt","status":"publish","type":"post","link":"https:\/\/nccr-onthemove.ch\/indicators\/hat-die-lokale-wohnbevoelkerung-emmpathie-gegenueber-den-migrantinnen-gezeigt\/?lang=de","title":{"rendered":"Haben die Migrant*innen von der lokalen Wohnbev\u00f6lke&shy;rung Empathie erfahren?"},"content":{"rendered":"<p>Die Mehrheit der ausl\u00e4ndischen Einwohner*innen, n\u00e4mlich 65 %, war nicht der Meinung, dass sie von Einheimischen Empathie erfahren haben. Nur 35 % gab an, dass sie eine gewisse Unterst\u00fctzung wahrgenommen haben. Dies unterstreicht das \u00fcberraschende Ergebnis, dass die ausl\u00e4ndischen Einwohner*innen die Schweiz w\u00e4hrend der Pandemie f\u00fcr den richtigen Ort hielten, obwohl viele von ihnen keine Unterst\u00fctzung und\/oder Empathie seitens der Einheimischen empfunden haben.<\/p>\n<p>Interessant ist, dass der Anteil der Frauen, die Empathie von Einheimischen erfahren haben, etwas h\u00f6her war (38 %) als jener der der M\u00e4nner (33 %). Au\u00dferdem empfanden Personen mit einem Hochschulabschluss etwas mehr Empathie (37 %) als Personen mit einem tieferen Abschluss (33 %).<\/p>\n<p><a title=\"https:\/\/nccr-onthemove.ch\/indicators\/wie-haben-auslaendische-buergerinnen-die-pandemie-in-der-schweiz-erlebt\/?lang=de\" href=\"https:\/\/nccr-onthemove.ch\/indicators\/wie-haben-auslaendische-buergerinnen-die-pandemie-in-der-schweiz-erlebt\/?lang=de\" target=\"_blank\" rel=\"noopener\">Wie haben ausl\u00e4ndische B\u00fcrger*innen die Pandemie in der Schweiz erlebt?<\/a><\/p>\n<p><a title=\"https:\/\/nccr-onthemove.ch\/indicators\/hat-die-pandemie-die-plaene-in-der-schweiz-zu-bleiben-beeintraechtigt\/?lang=de\" href=\"https:\/\/nccr-onthemove.ch\/indicators\/hat-die-pandemie-die-plaene-in-der-schweiz-zu-bleiben-beeintraechtigt\/?lang=de\" target=\"_blank\" rel=\"noopener\">Hat COVID-19 die Pl\u00e4ne der Migrant*innen, in der Schweiz zu bleiben, beeintr\u00e4chtigt?<\/a><\/p>\n<p><a title=\"https:\/\/nccr-onthemove.ch\/indicators\/welche-auswirkungen-hatte-covid-19-auf-die-berufliche-situation-der-in-der-schweiz-lebenden-auslaenderinnen\/?lang=de\" href=\"https:\/\/nccr-onthemove.ch\/indicators\/welche-auswirkungen-hatte-covid-19-auf-die-berufliche-situation-der-in-der-schweiz-lebenden-auslaenderinnen\/?lang=de\" target=\"_blank\" rel=\"noopener\">Welche Auswirkungen hatte COVID-19 auf die berufliche Situation der Migrant*innen?<\/a><\/p>\n<p>\u2013<\/p>\n<p><strong>Quellen<\/strong>: Migration-Mobility Survey 2020, nccr \u2013 on the move<\/p>\n<p><strong>Hinweis zum Verfahren<\/strong>: Diese Daten stammen aus dem Migration-Mobility Survey, einer im Herbst 2020 durchgef\u00fchrten Umfrage unter im Ausland geborenen ausl\u00e4ndischen Staatsangeh\u00f6rigen, die in den letzten 14 Jahren in die Schweiz eingewandert sind. Um in die Stichprobe aufgenommen zu werden, mussten diese Personen zum Zeitpunkt der Erhebung zwischen 24 und 64 Jahre alt sein und bei ihrer Einreise in die Schweiz mindestens das 18. Altersjahr vollendet haben. 7\u2019393 Personen haben den Fragebogen entweder online oder per Telefon vollst\u00e4ndig beantwortet.<\/p>\n<p><strong>Gestellte Frage<\/strong>: Haben Sie aufgrund der Auswirkungen des Ausbruchs von COVID-19 auf Ihr Herkunftsland Unterst\u00fctzung oder Wohlwollen durch die in der Schweiz lebende Bev\u00f6lkerung erfahren?<br \/>\n\u2013 Ja, ich habe Zeichen der Unterst\u00fctzung oder des Wohlwollens erfahren.<br \/>\n\u2013 Nein, ich glaube nicht.<\/p>\n<p><strong>Bemerkung<\/strong>: Das \u00abHerkunftsland\u00bb ist das Land, das die Befragten als solches angegeben haben. In den meisten F\u00e4llen entspricht dieses (einer) ihrer Nationalit\u00e4t(en).<\/p>\n<p><strong>Nutzungsbedingungen<\/strong>: Die Migration-Mobility Indicators werden kostenlos f\u00fcr nichtkommerzielle Zwecke zur Verf\u00fcgung gestellt. Wir bitten die Benutzer*innen um Angabe der Bezugsquelle.<\/p>\n<p><strong>Vorgeschlagene Quellenangabe<\/strong>: nccr \u2013 on the move, Migration-Mobility Indicators. Neuch\u00e2tel: nccr \u2013 on the move, 2021.<\/p>\n<p>F\u00fcr n\u00e4here Informationen zu den verwendeten Datens\u00e4tzen klicken Sie bitte <a title=\"https:\/\/nccr-onthemove.ch\/DataManagement\/Inventory.pdf\" href=\"https:\/\/nccr-onthemove.ch\/DataManagement\/Inventory.pdf\" target=\"_blank\" rel=\"noopener\">hier<\/a>.<\/p>\n<p><strong>Letzte Aktualisierung<\/strong>: 27 Dezember 2021<\/p>\n","protected":false},"excerpt":{"rendered":"<p>Die Mehrheit der ausl\u00e4ndischen Einwohner*innen, n\u00e4mlich 65 %, war nicht der Meinung, dass sie von Einheimischen Empathie erfahren haben. Nur 35 % gab an, dass sie eine gewisse Unterst\u00fctzung wahrgenommen haben. Dies unterstreicht das \u00fcberraschende Ergebnis, dass die ausl\u00e4ndischen Einwohner*innen die Schweiz w\u00e4hrend der Pandemie f\u00fcr den richtigen Ort hielten,<\/p>\n","protected":false},"author":16,"featured_media":0,"comment_status":"open","ping_status":"closed","sticky":false,"template":"","format":"standard","meta":{"_acf_changed":false,"footnotes":""},"categories":[393],"tags":[],"class_list":["post-5558","post","type-post","status-publish","format-standard","hentry","category-covid-19"],"acf":[],"aioseo_notices":[],"_links":{"self":[{"href":"https:\/\/nccr-onthemove.ch\/indicators\/wp-json\/wp\/v2\/posts\/5558","targetHints":{"allow":["GET"]}}],"collection":[{"href":"https:\/\/nccr-onthemove.ch\/indicators\/wp-json\/wp\/v2\/posts"}],"about":[{"href":"https:\/\/nccr-onthemove.ch\/indicators\/wp-json\/wp\/v2\/types\/post"}],"author":[{"embeddable":true,"href":"https:\/\/nccr-onthemove.ch\/indicators\/wp-json\/wp\/v2\/users\/16"}],"replies":[{"embeddable":true,"href":"https:\/\/nccr-onthemove.ch\/indicators\/wp-json\/wp\/v2\/comments?post=5558"}],"version-history":[{"count":25,"href":"https:\/\/nccr-onthemove.ch\/indicators\/wp-json\/wp\/v2\/posts\/5558\/revisions"}],"predecessor-version":[{"id":7062,"href":"https:\/\/nccr-onthemove.ch\/indicators\/wp-json\/wp\/v2\/posts\/5558\/revisions\/7062"}],"wp:attachment":[{"href":"https:\/\/nccr-onthemove.ch\/indicators\/wp-json\/wp\/v2\/media?parent=5558"}],"wp:term":[{"taxonomy":"category","embeddable":true,"href":"https:\/\/nccr-onthemove.ch\/indicators\/wp-json\/wp\/v2\/categories?post=5558"},{"taxonomy":"post_tag","embeddable":true,"href":"https:\/\/nccr-onthemove.ch\/indicators\/wp-json\/wp\/v2\/tags?post=5558"}],"curies":[{"name":"wp","href":"https:\/\/api.w.org\/{rel}","templated":true}]}}