{"id":5575,"date":"2021-09-02T10:08:47","date_gmt":"2021-09-02T08:08:47","guid":{"rendered":"https:\/\/nccr-onthemove.ch\/indicators\/?p=5575"},"modified":"2025-09-23T13:56:36","modified_gmt":"2025-09-23T11:56:36","slug":"wie-haben-auslaendische-buergerinnen-die-pandemie-in-der-schweiz-erlebt","status":"publish","type":"post","link":"https:\/\/nccr-onthemove.ch\/indicators\/wie-haben-auslaendische-buergerinnen-die-pandemie-in-der-schweiz-erlebt\/?lang=de","title":{"rendered":"Wie haben ausl\u00e4ndische B\u00fcrger*innen die Pandemie in der Schweiz erlebt?"},"content":{"rendered":"<p>Generell waren ausl\u00e4ndische Einwohner*innen relativ stark betroffen von den Mobilit\u00e4tsbeschr\u00e4nkungen, die als Reaktion auf die Pandemie in der Schweiz eingef\u00fchrt wurden.<\/p>\n<p>Die \u00fcberwiegende Mehrheit der ausl\u00e4ndischen Wohnbev\u00f6lkerung blieb in der Schweiz w\u00e4hrend der ersten Welle der Pandemie, die vom ersten Lockdown und einschr\u00e4nkenden Vorschriften gepr\u00e4gt war. Dennoch war die Mehrheit von ihnen, 77 %, der Meinung, dass die Schweiz f\u00fcr sie w\u00e4hrend der ersten Welle der Pandemie der richtige Ort zum Leben war. Nur 7 % h\u00e4tten es vorgezogen, in ihrem Herkunftsland zu sein.<\/p>\n<p>Die Antworten unterschieden sich stark zwischen den vier gr\u00f6\u00dften Gruppen von Ausl\u00e4nder*innen in der Schweiz: Die Franzos*innen antworteten am h\u00e4ufigsten (88 %), dass sie die Schweiz w\u00e4hrend der Pandemie f\u00fcr den richtigen Ort zum Leben hielten, die Deutschen lagen mit 79 % leicht \u00fcber dem Durchschnitt und die Italiener*innen mit 74 % darunter. Unter den Portugies*innen hingegen waren nur 54 % der Meinung, dass die Schweiz der richtige Ort zum Leben war, und ein relativ hoher Anteil, n\u00e4mlich 19 %, gab an, dass sie diese Zeit lieber in ihrem Heimatland verbracht h\u00e4tten. Auch unter den Italiener*innen h\u00e4tten es 12 % vorgezogen, w\u00e4hrend der Pandemie zu Hause zu sein.<\/p>\n<p>Interessanterweise gaben diejenigen ausl\u00e4ndischen Einwohner*innen, die erst vor kurzem, also in den letzten vier Jahren, in die Schweiz gekommen sind, \u00fcberdurchschnittlich h\u00e4ufig an (9 %), dass sie es vorgezogen h\u00e4tten, w\u00e4hrend diesen ausserordentlichen Zeiten in ihrem Heimatland zu leben.<\/p>\n<p><a title=\"https:\/\/nccr-onthemove.ch\/indicators\/hat-die-pandemie-die-plaene-in-der-schweiz-zu-bleiben-beeintraechtigt\/?lang=de\" href=\"https:\/\/nccr-onthemove.ch\/indicators\/hat-die-pandemie-die-plaene-in-der-schweiz-zu-bleiben-beeintraechtigt\/?lang=de\" target=\"_blank\" rel=\"noopener\">Hat COVID-19 die Pl\u00e4ne der Migrant*innen, in der Schweiz zu bleiben, beeintr\u00e4chtigt?<\/a><\/p>\n<p><a title=\"https:\/\/nccr-onthemove.ch\/indicators\/welche-auswirkungen-hatte-covid-19-auf-die-berufliche-situation-der-in-der-schweiz-lebenden-auslaenderinnen\/?lang=de\" href=\"https:\/\/nccr-onthemove.ch\/indicators\/welche-auswirkungen-hatte-covid-19-auf-die-berufliche-situation-der-in-der-schweiz-lebenden-auslaenderinnen\/?lang=de\" target=\"_blank\" rel=\"noopener\">Welche Auswirkungen hatte COVID-19 auf die berufliche Situation der Migrant*innen?<\/a><\/p>\n<p><a title=\"https:\/\/nccr-onthemove.ch\/indicators\/hat-die-lokale-wohnbevoelkerung-emmpathie-gegenueber-den-migrantinnen-gezeigt\/?lang=de\" href=\"https:\/\/nccr-onthemove.ch\/indicators\/hat-die-lokale-wohnbevoelkerung-emmpathie-gegenueber-den-migrantinnen-gezeigt\/?lang=de\" target=\"_blank\" rel=\"noopener\">Haben die Migrant*innen von der lokalen Wohnbev\u00f6lkerung Empathie erfahren?<\/a><\/p>\n<p>\u2013<\/p>\n<p><strong>Quelle<\/strong>: Migration-Mobility Survey 2020, \u00ab nccr \u2013 on the move \u00bb<\/p>\n<p><strong>Hinweis zum Verfahren<\/strong>: Diese Daten stammen aus dem Migration-Mobility Survey, einer im Herbst 2020 durchgef\u00fchrten Umfrage unter im Ausland geborenen ausl\u00e4ndischen Staatsangeh\u00f6rigen, die in den letzten zw\u00f6lf Jahren in die Schweiz eingewandert sind. Um in die Stichprobe aufgenommen zu werden, mussten diese Personen zum Zeitpunkt der Erhebung zwischen 24 und 64 Jahre alt sein und bei ihrer Einreise in die Schweiz mindestens das 18. Altersjahr vollendet haben. 7\u2019393 Personen haben den Fragebogen entweder online oder per Telefon vollst\u00e4ndig beantwortet.<\/p>\n<p><strong>Gestellte Frage<\/strong>: Welche Aussage beschreibt Ihre\u00a0Befindlichkeit [w\u00e4hrend des im M\u00e4rz 2020 beginnenden Lockdowns] am besten ?<br \/>\n\u2013 Mein Lebensmittelpunkt ist in der Schweiz, deshalb f\u00fchlte ich mich am richtigen Platz.<br \/>\n\u2013 In der Schweiz oder in meinem Herkunftsland zu sein, war f\u00fcr mich dasselbe.<br \/>\n\u2013 Ich w\u00e4re lieber in meinem Herkunftsland gewesen.<\/p>\n<p><strong>Bemerkung<\/strong>: Das \u00abHerkunftsland\u00bb ist das Land, das die Befragten als solches angegeben haben. In den meisten F\u00e4llen entspricht dieses (einer) ihrer Nationalit\u00e4t(en).<\/p>\n<p><strong>Nutzungsbedingungen<\/strong>: Die Migration-Mobility Indicators werden kostenlos f\u00fcr nichtkommerzielle Zwecke zur Verf\u00fcgung gestellt. Wir bitten die Benutzer*innen um Angabe der Bezugsquelle.<\/p>\n<p><strong>Vorgeschlagene Quellenangabe<\/strong>: nccr \u2013 on the move, Migration-Mobility Indicators. Neuch\u00e2tel: nccr \u2013 on the move, 2021.<\/p>\n<p>F\u00fcr n\u00e4here Informationen zu den verwendeten Datens\u00e4tzen klicken Sie bitte <a title=\"https:\/\/nccr-onthemove.ch\/DataManagement\/Inventory.pdf\" href=\"https:\/\/nccr-onthemove.ch\/DataManagement\/Inventory.pdf\" target=\"_blank\" rel=\"noopener\">hier<\/a>.<\/p>\n<p><strong>Letzte Aktualisierung<\/strong>: 2. September 2021<\/p>\n","protected":false},"excerpt":{"rendered":"<p>Generell waren ausl\u00e4ndische Einwohner*innen relativ stark betroffen von den Mobilit\u00e4tsbeschr\u00e4nkungen, die als Reaktion auf die Pandemie in der Schweiz eingef\u00fchrt wurden. Die \u00fcberwiegende Mehrheit der ausl\u00e4ndischen Wohnbev\u00f6lkerung blieb in der Schweiz w\u00e4hrend der ersten Welle der Pandemie, die vom ersten Lockdown und einschr\u00e4nkenden Vorschriften gepr\u00e4gt war. Dennoch war die Mehrheit<\/p>\n","protected":false},"author":16,"featured_media":0,"comment_status":"open","ping_status":"closed","sticky":false,"template":"","format":"standard","meta":{"_acf_changed":false,"footnotes":""},"categories":[393],"tags":[],"class_list":["post-5575","post","type-post","status-publish","format-standard","hentry","category-covid-19"],"acf":[],"aioseo_notices":[],"_links":{"self":[{"href":"https:\/\/nccr-onthemove.ch\/indicators\/wp-json\/wp\/v2\/posts\/5575","targetHints":{"allow":["GET"]}}],"collection":[{"href":"https:\/\/nccr-onthemove.ch\/indicators\/wp-json\/wp\/v2\/posts"}],"about":[{"href":"https:\/\/nccr-onthemove.ch\/indicators\/wp-json\/wp\/v2\/types\/post"}],"author":[{"embeddable":true,"href":"https:\/\/nccr-onthemove.ch\/indicators\/wp-json\/wp\/v2\/users\/16"}],"replies":[{"embeddable":true,"href":"https:\/\/nccr-onthemove.ch\/indicators\/wp-json\/wp\/v2\/comments?post=5575"}],"version-history":[{"count":21,"href":"https:\/\/nccr-onthemove.ch\/indicators\/wp-json\/wp\/v2\/posts\/5575\/revisions"}],"predecessor-version":[{"id":7050,"href":"https:\/\/nccr-onthemove.ch\/indicators\/wp-json\/wp\/v2\/posts\/5575\/revisions\/7050"}],"wp:attachment":[{"href":"https:\/\/nccr-onthemove.ch\/indicators\/wp-json\/wp\/v2\/media?parent=5575"}],"wp:term":[{"taxonomy":"category","embeddable":true,"href":"https:\/\/nccr-onthemove.ch\/indicators\/wp-json\/wp\/v2\/categories?post=5575"},{"taxonomy":"post_tag","embeddable":true,"href":"https:\/\/nccr-onthemove.ch\/indicators\/wp-json\/wp\/v2\/tags?post=5575"}],"curies":[{"name":"wp","href":"https:\/\/api.w.org\/{rel}","templated":true}]}}