{"id":5579,"date":"2021-09-02T10:06:04","date_gmt":"2021-09-02T08:06:04","guid":{"rendered":"https:\/\/nccr-onthemove.ch\/indicators\/?p=5579"},"modified":"2025-09-23T13:59:03","modified_gmt":"2025-09-23T11:59:03","slug":"welche-auswirkungen-hatte-covid-19-auf-die-berufliche-situation-der-in-der-schweiz-lebenden-auslaenderinnen","status":"publish","type":"post","link":"https:\/\/nccr-onthemove.ch\/indicators\/welche-auswirkungen-hatte-covid-19-auf-die-berufliche-situation-der-in-der-schweiz-lebenden-auslaenderinnen\/?lang=de","title":{"rendered":"Welche Aus&shy;wirkungen hatte COVID-19 auf die berufliche Situation der Migrant*innen?"},"content":{"rendered":"<p>Die in der Schweiz lebenden Ausl\u00e4nder*innen erlebten w\u00e4hrend der ersten partiellen Lockdowns im Fr\u00fchjahr 2020 \u00e4hnliche Auswirkungen auf die Arbeitsmarktbeteiligung wie die Schweizer*innen.<\/p>\n<p>W\u00e4hrend nur 2 % der ausl\u00e4ndischen Wohnbev\u00f6lkerung ihren Arbeitsplatz verloren, musste mehr als ein Drittel auf Telearbeit ausweichen. Unternehmer*innen und Selbstst\u00e4ndige hatten im Durchschnitt gr\u00f6ssere Schwierigkeiten als Arbeitnehmende. Gering qualifizierte ausl\u00e4ndische Arbeitnehmende waren st\u00e4rker betroffen als hoch qualifizierte.<\/p>\n<p><a title=\"https:\/\/nccr-onthemove.ch\/indicators\/wo-haben-die-migrantinnen-waehrend-der-pandemie-gelebt\/?lang=de\" href=\"https:\/\/nccr-onthemove.ch\/indicators\/wo-haben-die-migrantinnen-waehrend-der-pandemie-gelebt\/?lang=de\" target=\"_blank\" rel=\"noopener\">Wo haben die Migrant*innen w\u00e4hrend der Pandemie gelebt?<\/a><\/p>\n<p><a title=\"https:\/\/nccr-onthemove.ch\/indicators\/wie-haben-auslaendische-buergerinnen-die-pandemie-in-der-schweiz-erlebt\/?lang=de\" href=\"https:\/\/nccr-onthemove.ch\/indicators\/wie-haben-auslaendische-buergerinnen-die-pandemie-in-der-schweiz-erlebt\/?lang=de\" target=\"_blank\" rel=\"noopener\">Wie haben ausl\u00e4ndische B\u00fcrger*innen die Pandemie in der Schweiz erlebt?<\/a><\/p>\n<p><a title=\"https:\/\/nccr-onthemove.ch\/indicators\/hat-die-pandemie-die-plaene-in-der-schweiz-zu-bleiben-beeintraechtigt\/?lang=de\" href=\"https:\/\/nccr-onthemove.ch\/indicators\/hat-die-pandemie-die-plaene-in-der-schweiz-zu-bleiben-beeintraechtigt\/?lang=de\" target=\"_blank\" rel=\"noopener\">Hat COVID-19 die Pl\u00e4ne der Migrant*innen, in der Schweiz zu bleiben, beeintr\u00e4chtigt?<\/a><\/p>\n<p><a title=\"https:\/\/nccr-onthemove.ch\/indicators\/hat-die-lokale-wohnbevoelkerung-emmpathie-gegenueber-den-migrantinnen-gezeigt\/?lang=de\" href=\"https:\/\/nccr-onthemove.ch\/indicators\/hat-die-lokale-wohnbevoelkerung-emmpathie-gegenueber-den-migrantinnen-gezeigt\/?lang=de\" target=\"_blank\" rel=\"noopener\">Haben die Migrant*innen von der lokalen Wohnbev\u00f6lkerung Empathie erfahren?<\/a><\/p>\n<p>\u2013<\/p>\n<p><strong>Quelle<\/strong>: Migration-Mobility Survey 2020, nccr \u2013 on the move<\/p>\n<p><strong>Hinweis zum Verfahren<\/strong>: Diese Zahlen stammen aus der Migrations-Mobilit\u00e4tsbefragung, die im Herbst 2020 bei einer Grundgesamtheit von im Ausland geborenen Personen mit ausl\u00e4ndischer Staatsangeh\u00f6rigkeit, die in den letzten 14 Jahren in die Schweiz gezogen sind, durchgef\u00fchrt wurde. Um in die Stichprobenpopulation aufgenommen zu werden, mussten die Befragten zum Zeitpunkt der Befragung zwischen 24 und 64 Jahre alt sein und bei ihrer Ankunft in der Schweiz mindestens 18 Jahre alt sein. 7\u2019393 Personen beantworteten den vollst\u00e4ndigen Fragebogen, entweder online oder telefonisch.<\/p>\n<p><strong>Gestellte Frage<\/strong>: Welche Auswirkungen hat der partielle Lockdown [im Fr\u00fchling 2020] auf Ihre berufliche Situation gehabt?<br \/>\n\u2013 Sie hatte (fast) keine Auswirkungen gehabt.<br \/>\n\u2013 Ich habe meine Stelle behalten, aber ich musste von zu Hause aus arbeite.<br \/>\n\u2013 Ich musste vor\u00fcbergehend meinen Besch\u00e4ftigungsgrad reduzieren.<br \/>\n\u2013 Ich war vor\u00fcbergehend arbeitslos.<br \/>\n\u2013 Ich habe meine Stelle verloren.<\/p>\n<p><strong>Bemerkung<\/strong>: Das \u00abHerkunftsland\u00bb ist das Land, das die Befragten als solches angegeben haben. In den meisten F\u00e4llen entspricht dieses (einer) ihrer Nationalit\u00e4t(en).<\/p>\n<p>Mehrere Indikatoren deuten darauf hin, dass sich das Gef\u00fchl des &#8216;Unwohlseins&#8217; unter den ausl\u00e4ndischen Einwohnern insgesamt in Grenzen gehalten hat. Etwa 10 % der Befragten bef\u00fcrchten jedoch, dass die Pandemie und ihre Folgen dazu f\u00fchren k\u00f6nnten, dass sie ihre Aufenthaltsgenehmigung verlieren.<\/p>\n<p><strong>Nutzungsbedingungen<\/strong>: Die Migration-Mobility Indicators werden kostenlos f\u00fcr nichtkommerzielle Zwecke zur Verf\u00fcgung gestellt. Wir bitten die Benutzer*innen um Angabe der Bezugsquelle.<\/p>\n<p><strong>Vorgeschlagene Quellenangabe<\/strong>: nccr \u2013 on the move, Migration-Mobility Indicators. Neuch\u00e2tel: nccr \u2013 on the move, 2021.<\/p>\n<p>F\u00fcr n\u00e4here Informationen zu den verwendeten Datens\u00e4tzen klicken Sie bitte <a title=\"https:\/\/nccr-onthemove.ch\/DataManagement\/Inventory.pdf\" href=\"https:\/\/nccr-onthemove.ch\/DataManagement\/Inventory.pdf\" target=\"_blank\" rel=\"noopener\">hier<\/a>.<\/p>\n<p><strong>Letzte Aktualisierung<\/strong>: 2. September 2021<\/p>\n","protected":false},"excerpt":{"rendered":"<p>Die in der Schweiz lebenden Ausl\u00e4nder*innen erlebten w\u00e4hrend der ersten partiellen Lockdowns im Fr\u00fchjahr 2020 \u00e4hnliche Auswirkungen auf die Arbeitsmarktbeteiligung wie die Schweizer*innen. W\u00e4hrend nur 2 % der ausl\u00e4ndischen Wohnbev\u00f6lkerung ihren Arbeitsplatz verloren, musste mehr als ein Drittel auf Telearbeit ausweichen. Unternehmer*innen und Selbstst\u00e4ndige hatten im Durchschnitt gr\u00f6ssere Schwierigkeiten als<\/p>\n","protected":false},"author":16,"featured_media":0,"comment_status":"open","ping_status":"closed","sticky":false,"template":"","format":"standard","meta":{"_acf_changed":false,"footnotes":""},"categories":[393],"tags":[],"class_list":["post-5579","post","type-post","status-publish","format-standard","hentry","category-covid-19"],"acf":[],"aioseo_notices":[],"_links":{"self":[{"href":"https:\/\/nccr-onthemove.ch\/indicators\/wp-json\/wp\/v2\/posts\/5579","targetHints":{"allow":["GET"]}}],"collection":[{"href":"https:\/\/nccr-onthemove.ch\/indicators\/wp-json\/wp\/v2\/posts"}],"about":[{"href":"https:\/\/nccr-onthemove.ch\/indicators\/wp-json\/wp\/v2\/types\/post"}],"author":[{"embeddable":true,"href":"https:\/\/nccr-onthemove.ch\/indicators\/wp-json\/wp\/v2\/users\/16"}],"replies":[{"embeddable":true,"href":"https:\/\/nccr-onthemove.ch\/indicators\/wp-json\/wp\/v2\/comments?post=5579"}],"version-history":[{"count":24,"href":"https:\/\/nccr-onthemove.ch\/indicators\/wp-json\/wp\/v2\/posts\/5579\/revisions"}],"predecessor-version":[{"id":7058,"href":"https:\/\/nccr-onthemove.ch\/indicators\/wp-json\/wp\/v2\/posts\/5579\/revisions\/7058"}],"wp:attachment":[{"href":"https:\/\/nccr-onthemove.ch\/indicators\/wp-json\/wp\/v2\/media?parent=5579"}],"wp:term":[{"taxonomy":"category","embeddable":true,"href":"https:\/\/nccr-onthemove.ch\/indicators\/wp-json\/wp\/v2\/categories?post=5579"},{"taxonomy":"post_tag","embeddable":true,"href":"https:\/\/nccr-onthemove.ch\/indicators\/wp-json\/wp\/v2\/tags?post=5579"}],"curies":[{"name":"wp","href":"https:\/\/api.w.org\/{rel}","templated":true}]}}