{"id":5656,"date":"2022-01-11T14:20:06","date_gmt":"2022-01-11T13:20:06","guid":{"rendered":"https:\/\/nccr-onthemove.ch\/indicators\/?p=5656"},"modified":"2025-09-23T14:13:52","modified_gmt":"2025-09-23T12:13:52","slug":"hat-covid-19-die-plaene-sich-in-der-schweiz-einzubuergern-beeintraechtigt","status":"publish","type":"post","link":"https:\/\/nccr-onthemove.ch\/indicators\/hat-covid-19-die-plaene-sich-in-der-schweiz-einzubuergern-beeintraechtigt\/?lang=de","title":{"rendered":"Hat COVID-19 die Pl\u00e4ne, sich in der Schweiz einzub\u00fcrgern, beeintr\u00e4chtigt?"},"content":{"rendered":"<p>Etwa 90 % der befragten ausl\u00e4ndischen Einwohner*innen geben an, dass die COVID-19-Pandemie ihre Pl\u00e4ne, das Schweizer B\u00fcrgerrecht zu erwerben, nicht ver\u00e4ndert hat. Nur 6 % waren der Meinung, dass die Pandemie ihre Pl\u00e4ne beeinflusst hat, da sie erkannten, dass der Einb\u00fcrgerungsprozess ihre Situation in der Schweiz stabilisieren w\u00fcrde.<\/p>\n<p>Von den Befragten, die aus anderen Gr\u00fcnden als aus famili\u00e4ren oder beruflichen Gr\u00fcnden in die Schweiz eingewandert waren, gaben 50 % an, dass die Pandemie ihre Pl\u00e4ne beeinflusst hat, da sie das Bed\u00fcrfnis hatten, die Schweizer Staatsb\u00fcrgerschaft zu erwerben. 28 % der Migrant*innen ohne oder mit sekund\u00e4rem Bildungsabschluss waren der Meinung, dass sie ihren Staatsb\u00fcrgerschaftsstatus stabilisieren m\u00fcssten, im Gegensatz zu 19 % der Befragten mit Hochschulabschluss. Von den Migrant*innen, die der Meinung waren, ihre Einb\u00fcrgerungspl\u00e4ne \u00e4ndern zu m\u00fcssen, waren 20 % indischer Herkunft, 15 % afrikanischer und 15 % polnischer Herkunft, neben einigen anderen Nationalit\u00e4ten und ethnischen Gruppen.<\/p>\n<p><a title=\"https:\/\/nccr-onthemove.ch\/indicators\/wie-haben-auslaendische-buergerinnen-die-pandemie-in-der-schweiz-erlebt\/?lang=de\" href=\"https:\/\/nccr-onthemove.ch\/indicators\/wie-haben-auslaendische-buergerinnen-die-pandemie-in-der-schweiz-erlebt\/?lang=de\" target=\"_blank\" rel=\"noopener\">Wie haben ausl\u00e4ndische B\u00fcrger*innen die Pandemie in der Schweiz erlebt?<\/a><\/p>\n<p><a title=\"https:\/\/nccr-onthemove.ch\/indicators\/hat-die-pandemie-die-plaene-in-der-schweiz-zu-bleiben-beeintraechtigt\/?lang=de\" href=\"https:\/\/nccr-onthemove.ch\/indicators\/hat-die-pandemie-die-plaene-in-der-schweiz-zu-bleiben-beeintraechtigt\/?lang=de\" target=\"_blank\" rel=\"noopener\">Hat COVID-19 die Pl\u00e4ne der Migrant*innen, in der Schweiz zu bleiben, beeintr\u00e4chtigt?<\/a><\/p>\n<p><a title=\"https:\/\/nccr-onthemove.ch\/indicators\/welche-auswirkungen-hatte-covid-19-auf-die-berufliche-situation-der-in-der-schweiz-lebenden-auslaenderinnen\/?lang=de\" href=\"https:\/\/nccr-onthemove.ch\/indicators\/welche-auswirkungen-hatte-covid-19-auf-die-berufliche-situation-der-in-der-schweiz-lebenden-auslaenderinnen\/?lang=de\" target=\"_blank\" rel=\"noopener\">Welche Aus\u00adwirkungen hatte COVID-19 auf die berufliche Situation der Migrant*innen?<\/a><\/p>\n<p><a title=\"https:\/\/nccr-onthemove.ch\/indicators\/wo-haben-die-migrantinnen-waehrend-der-pandemie-gelebt\/?lang=de\" href=\"https:\/\/nccr-onthemove.ch\/indicators\/wo-haben-die-migrantinnen-waehrend-der-pandemie-gelebt\/?lang=de\" target=\"_blank\" rel=\"noopener\">Wo haben die Migrant*innen w\u00e4hrend der Pandemie gelebt?<\/a><\/p>\n<p><a title=\"https:\/\/nccr-onthemove.ch\/indicators\/hat-die-lokale-wohnbevoelkerung-emmpathie-gegenueber-den-migrantinnen-gezeigt\/?lang=de\" href=\"https:\/\/nccr-onthemove.ch\/indicators\/hat-die-lokale-wohnbevoelkerung-emmpathie-gegenueber-den-migrantinnen-gezeigt\/?lang=de\" target=\"_blank\" rel=\"noopener\">Haben die Migrant*innen von der lokalen Wohnbev\u00f6lke\u00adrung Empathie erfahren?<\/a><\/p>\n<p><a title=\"https:\/\/nccr-onthemove.ch\/indicators\/haben-die-migrantinnen-wegen-covid-19-diskriminierung-erlebt\/?lang=de\" href=\"https:\/\/nccr-onthemove.ch\/indicators\/haben-die-migrantinnen-wegen-covid-19-diskriminierung-erlebt\/?lang=de\" target=\"_blank\" rel=\"noopener\">Haben die Migrant*innen wegen COVID-19 Diskriminierung erlebt?<\/a><\/p>\n<p>\u2013<\/p>\n<p><strong>Quelle<\/strong>: Migration-Mobility Survey 2020, \u00ab nccr \u2013 on the move \u00bb<\/p>\n<p><strong>Hinweis zum Verfahren<\/strong>: Diese Daten stammen aus dem Migration-Mobility Survey, einer im Herbst 2020 durchgef\u00fchrten Umfrage unter im Ausland geborenen ausl\u00e4ndischen Staatsangeh\u00f6rigen, die in den letzten zw\u00f6lf Jahren in die Schweiz eingewandert sind. Um in die Stichprobe aufgenommen zu werden, mussten diese Personen zum Zeitpunkt der Erhebung zwischen 24 und 64 Jahre alt sein und bei ihrer Einreise in die Schweiz mindestens das 18. Altersjahr vollendet haben. 7\u2019393 Personen haben den Fragebogen entweder online oder per Telefon vollst\u00e4ndig beantwortet.<\/p>\n<p><strong>Gestellte Frage<\/strong>: Hat der Ausbruch von COVID-19 Auswirkungen auf Ihre Pl\u00e4ne bez\u00fcglich Einb\u00fcrgerung?<br \/>\n\u2013 Ja, ich habe realisiert, dass die Einb\u00fcrgerung dazu beitragen w\u00fcrde, meinen Aufenthalt in der Schweiz zu stabilisieren.<br \/>\n\u2013 Ja, ich habe realisiert, dass ich mich nicht l\u00e4nger in der Schweiz einb\u00fcrgern lassen will.<br \/>\n\u2013 Ja, aus anderen Gr\u00fcnden.<br \/>\n\u2013 Nein.<\/p>\n<p><strong>Nutzungsbedingungen<\/strong>: Die Migration-Mobility Indicators werden kostenlos f\u00fcr nichtkommerzielle Zwecke zur Verf\u00fcgung gestellt. Wir bitten die Benutzer*innen um Angabe der Bezugsquelle.<\/p>\n<p><strong>Vorgeschlagene Quellenangabe<\/strong>: nccr \u2013 on the move, Migration-Mobility Indicators. Neuch\u00e2tel: nccr \u2013 on the move, 2022.<\/p>\n<p>F\u00fcr n\u00e4here Informationen zu den verwendeten Datens\u00e4tzen klicken Sie bitte <a href=\"https:\/\/nccr-onthemove.ch\/DataManagement\/Inventory.pdf\">hier<\/a>.<\/p>\n<p><strong>Letzte Aktualisierung<\/strong>: 11. Januar 2022<\/p>\n","protected":false},"excerpt":{"rendered":"<p>Etwa 90 % der befragten ausl\u00e4ndischen Einwohner*innen geben an, dass die COVID-19-Pandemie ihre Pl\u00e4ne, das Schweizer B\u00fcrgerrecht zu erwerben, nicht ver\u00e4ndert hat. Nur 6 % waren der Meinung, dass die Pandemie ihre Pl\u00e4ne beeinflusst hat, da sie erkannten, dass der Einb\u00fcrgerungsprozess ihre Situation in der Schweiz stabilisieren w\u00fcrde. Von den<\/p>\n","protected":false},"author":16,"featured_media":0,"comment_status":"open","ping_status":"closed","sticky":false,"template":"","format":"standard","meta":{"_acf_changed":false,"footnotes":""},"categories":[393],"tags":[],"class_list":["post-5656","post","type-post","status-publish","format-standard","hentry","category-covid-19"],"acf":[],"aioseo_notices":[],"_links":{"self":[{"href":"https:\/\/nccr-onthemove.ch\/indicators\/wp-json\/wp\/v2\/posts\/5656","targetHints":{"allow":["GET"]}}],"collection":[{"href":"https:\/\/nccr-onthemove.ch\/indicators\/wp-json\/wp\/v2\/posts"}],"about":[{"href":"https:\/\/nccr-onthemove.ch\/indicators\/wp-json\/wp\/v2\/types\/post"}],"author":[{"embeddable":true,"href":"https:\/\/nccr-onthemove.ch\/indicators\/wp-json\/wp\/v2\/users\/16"}],"replies":[{"embeddable":true,"href":"https:\/\/nccr-onthemove.ch\/indicators\/wp-json\/wp\/v2\/comments?post=5656"}],"version-history":[{"count":9,"href":"https:\/\/nccr-onthemove.ch\/indicators\/wp-json\/wp\/v2\/posts\/5656\/revisions"}],"predecessor-version":[{"id":7073,"href":"https:\/\/nccr-onthemove.ch\/indicators\/wp-json\/wp\/v2\/posts\/5656\/revisions\/7073"}],"wp:attachment":[{"href":"https:\/\/nccr-onthemove.ch\/indicators\/wp-json\/wp\/v2\/media?parent=5656"}],"wp:term":[{"taxonomy":"category","embeddable":true,"href":"https:\/\/nccr-onthemove.ch\/indicators\/wp-json\/wp\/v2\/categories?post=5656"},{"taxonomy":"post_tag","embeddable":true,"href":"https:\/\/nccr-onthemove.ch\/indicators\/wp-json\/wp\/v2\/tags?post=5656"}],"curies":[{"name":"wp","href":"https:\/\/api.w.org\/{rel}","templated":true}]}}