{"id":5660,"date":"2022-02-28T13:32:19","date_gmt":"2022-02-28T12:32:19","guid":{"rendered":"https:\/\/nccr-onthemove.ch\/indicators\/?p=5660"},"modified":"2025-09-23T14:13:35","modified_gmt":"2025-09-23T12:13:35","slug":"comment-lepidemie-de-covid-19-a-t-elle-influence-les-projets-de-naturalisation","status":"publish","type":"post","link":"https:\/\/nccr-onthemove.ch\/indicators\/comment-lepidemie-de-covid-19-a-t-elle-influence-les-projets-de-naturalisation\/?lang=fr","title":{"rendered":"Comment l\u2019\u00e9pid\u00e9mie de COVID-19 a-t-elle influenc\u00e9 les projets de naturalisation ?"},"content":{"rendered":"<p>Environ 90 % des personnes r\u00e9sidentes \u00e9trang\u00e8res interrog\u00e9es d\u00e9clarent que la pand\u00e9mie de COVID-19 n&#8217;a pas modifi\u00e9 leurs projets d&#8217;acquisition de la nationalit\u00e9 suisse. \u00a0Seuls 6 % estiment que la pand\u00e9mie leur a fait changer d\u2019avis quant \u00e0 leur volont\u00e9 pass\u00e9e de ne pas se naturaliser, car ils\/elles ont r\u00e9alis\u00e9 que le processus de naturalisation leur permettrait de stabiliser leur situation en Suisse.<\/p>\n<p>Parmi les personnes interrog\u00e9es ayant immigr\u00e9 en Suisse pour d\u2019autres raisons que la famille ou le travail, 50 % ont indiqu\u00e9 que la pand\u00e9mie avait chang\u00e9 leurs plans, car elles ressentaient le besoin d\u2019acqu\u00e9rir la citoyennet\u00e9 suisse. 28 % des personnes migrantes n\u2019ayant aucun ou seulement un niveau d\u2019\u00e9ducation secondaire ont ressenti le besoin de stabiliser leur statut de citoyennet\u00e9 contre 19 % des r\u00e9pondant\u00b7e\u00b7s ayant un dipl\u00f4me universitaire. Parmi les personnes immigr\u00e9es qui ont ressenti le besoin de changer leurs plans de naturalisation, 20 % \u00e9taient d\u2019origine indienne, 15 % d\u2019origine africaine et 15 % d\u2019origine polonaise, parmi d\u2019autres nationalit\u00e9s et groupes ethniques.<\/p>\n<p><a title=\"https:\/\/nccr-onthemove.ch\/indicators\/comment-les-personnes-etrangeres-ont-elles-vecu-la-pandemie-en-suisse\/?lang=fr\" href=\"https:\/\/nccr-onthemove.ch\/indicators\/comment-les-personnes-etrangeres-ont-elles-vecu-la-pandemie-en-suisse\/?lang=fr\" target=\"_blank\" rel=\"noopener\">Comment les personnes \u00e9trang\u00e8res ont-elles v\u00e9cu la pand\u00e9mie en Suisse ?<\/a><\/p>\n<p><a title=\"https:\/\/nccr-onthemove.ch\/indicators\/la-pandemie-a-t-elle-affecte-leurs-projets-de-sejour-en-suisse\/?lang=fr\" href=\"https:\/\/nccr-onthemove.ch\/indicators\/la-pandemie-a-t-elle-affecte-leurs-projets-de-sejour-en-suisse\/?lang=fr\" target=\"_blank\" rel=\"noopener\">La pand\u00e9mie a-t-elle affect\u00e9 les projets de s\u00e9jour en Suisse des personnes immigr\u00e9es ?<\/a><\/p>\n<p><a title=\"https:\/\/nccr-onthemove.ch\/indicators\/quel-a-ete-limpact-de-covid-19-sur-la-situation-professionnelle-des-migrant%c2%b7e%c2%b7s\/?lang=fr\" href=\"https:\/\/nccr-onthemove.ch\/indicators\/quel-a-ete-limpact-de-covid-19-sur-la-situation-professionnelle-des-migrant%c2%b7e%c2%b7s\/?lang=fr\" target=\"_blank\" rel=\"noopener\">Quel a \u00e9t\u00e9 l\u2019impact du COVID-19 sur la situation professionnelle des personnes immigr\u00e9es ?<\/a><\/p>\n<p><a title=\"https:\/\/nccr-onthemove.ch\/indicators\/ou-les-migrant%c2%b7e%c2%b7s-ont-ils-elles-sejourne-pendant-la-pandemie\/?lang=fr\" href=\"https:\/\/nccr-onthemove.ch\/indicators\/ou-les-migrant%c2%b7e%c2%b7s-ont-ils-elles-sejourne-pendant-la-pandemie\/?lang=fr\" target=\"_blank\" rel=\"noopener\">O\u00f9 les immigr\u00e9\u00b7e\u00b7s ont-ils\/elles s\u00e9journ\u00e9 pendant la pand\u00e9mie ?<\/a><\/p>\n<p><a title=\"https:\/\/nccr-onthemove.ch\/indicators\/les-residents-locaux-ont-ils-fait-preuve-dempathie-envers-les-migrant%c2%b7e%c2%b7s\/?lang=fr\" href=\"https:\/\/nccr-onthemove.ch\/indicators\/les-residents-locaux-ont-ils-fait-preuve-dempathie-envers-les-migrant%c2%b7e%c2%b7s\/?lang=fr\" target=\"_blank\" rel=\"noopener\">Les r\u00e9sidents locaux ont-ils fait preuve d\u2019empathie envers les personnes immigr\u00e9\u00b7e\u00b7s ?<\/a><\/p>\n<p>\u2013<\/p>\n<p><strong>Sources<\/strong> : Enqu\u00eate Migration-Mobilit\u00e9 2020, nccr &#8211; on the move<\/p>\n<p><strong>Note sur la m\u00e9thodologie<\/strong> : Ces chiffres sont issus de l\u2019enqu\u00eate Migration-Mobilit\u00e9, men\u00e9e en automne 2020 aupr\u00e8s d\u2019une population de personnes n\u00e9es \u00e0 l\u2019\u00e9tranger et de nationalit\u00e9 \u00e9trang\u00e8re ayant d\u00e9m\u00e9nag\u00e9 en Suisse au cours des 14 derni\u00e8res ann\u00e9es. Pour faire partie de l&#8217;\u00e9chantillon de population, les personnes interrog\u00e9es devaient \u00eatre \u00e2g\u00e9es de 24 \u00e0 64 ans au moment de l&#8217;enqu\u00eate, et avoir au moins 18 ans \u00e0 leur arriv\u00e9e en Suisse. 7\u2019393 personnes ont r\u00e9pondu\u00a0<span lang=\"FR-CH\">int\u00e9gralement\u00a0<\/span>au questionnaire complet, soit en ligne, soit par t\u00e9l\u00e9phone.<\/p>\n<p><strong>La question pos\u00e9e : <\/strong>L&#8217;\u00e9pid\u00e9mie de COVID-19 a-t-elle affect\u00e9 vos projets de naturalisation ?<br \/>\n\u2013 Oui, j&#8217;ai r\u00e9alis\u00e9 que la naturalisation est un moyen de stabiliser mon s\u00e9jour en Suisse.<br \/>\n\u2013 Oui, j&#8217;ai r\u00e9alis\u00e9 que je ne voulais plus me faire naturaliser en Suisse.<br \/>\n\u2013 Oui, pour d&#8217;autres raisons.<br \/>\n\u2013 Non.<\/p>\n<p><strong>Conditions g\u00e9n\u00e9rales d\u2019utilisation<\/strong> : Les \u00ab Migration-Mobility Indicators \u00bb sont disponibles gratuitement pour une utilisation non commerciale. Nous prions les utilisatrices et utilisateurs de mentionner la source.<\/p>\n<p><strong>R\u00e9f\u00e9rence propos\u00e9e<\/strong> : nccr \u2013 on the move, Migration-Mobility Indicators. Neuch\u00e2tel: nccr \u2013 on the move, 2022.<\/p>\n<p>Pour plus d\u2019informations sur les fichiers de donn\u00e9es utilis\u00e9es, veuillez cliquer <a title=\"https:\/\/nccr-onthemove.ch\/DataManagement\/Inventory.pdf\" href=\"https:\/\/nccr-onthemove.ch\/DataManagement\/Inventory.pdf\" target=\"_blank\" rel=\"noopener\">ici<\/a>.<\/p>\n<p><strong>Derni\u00e8re mise \u00e0 jour <\/strong>: 11 janvier 2022<\/p>\n","protected":false},"excerpt":{"rendered":"<p>Environ 90 % des personnes r\u00e9sidentes \u00e9trang\u00e8res interrog\u00e9es d\u00e9clarent que la pand\u00e9mie de COVID-19 n&#8217;a pas modifi\u00e9 leurs projets d&#8217;acquisition de la nationalit\u00e9 suisse. \u00a0Seuls 6 % estiment que la pand\u00e9mie leur a fait changer d\u2019avis quant \u00e0 leur volont\u00e9 pass\u00e9e de ne pas se naturaliser, car ils\/elles ont r\u00e9alis\u00e9<\/p>\n","protected":false},"author":16,"featured_media":0,"comment_status":"open","ping_status":"closed","sticky":false,"template":"","format":"standard","meta":{"_acf_changed":false,"footnotes":""},"categories":[392],"tags":[],"class_list":["post-5660","post","type-post","status-publish","format-standard","hentry","category-covid-19"],"acf":[],"aioseo_notices":[],"_links":{"self":[{"href":"https:\/\/nccr-onthemove.ch\/indicators\/wp-json\/wp\/v2\/posts\/5660","targetHints":{"allow":["GET"]}}],"collection":[{"href":"https:\/\/nccr-onthemove.ch\/indicators\/wp-json\/wp\/v2\/posts"}],"about":[{"href":"https:\/\/nccr-onthemove.ch\/indicators\/wp-json\/wp\/v2\/types\/post"}],"author":[{"embeddable":true,"href":"https:\/\/nccr-onthemove.ch\/indicators\/wp-json\/wp\/v2\/users\/16"}],"replies":[{"embeddable":true,"href":"https:\/\/nccr-onthemove.ch\/indicators\/wp-json\/wp\/v2\/comments?post=5660"}],"version-history":[{"count":12,"href":"https:\/\/nccr-onthemove.ch\/indicators\/wp-json\/wp\/v2\/posts\/5660\/revisions"}],"predecessor-version":[{"id":7072,"href":"https:\/\/nccr-onthemove.ch\/indicators\/wp-json\/wp\/v2\/posts\/5660\/revisions\/7072"}],"wp:attachment":[{"href":"https:\/\/nccr-onthemove.ch\/indicators\/wp-json\/wp\/v2\/media?parent=5660"}],"wp:term":[{"taxonomy":"category","embeddable":true,"href":"https:\/\/nccr-onthemove.ch\/indicators\/wp-json\/wp\/v2\/categories?post=5660"},{"taxonomy":"post_tag","embeddable":true,"href":"https:\/\/nccr-onthemove.ch\/indicators\/wp-json\/wp\/v2\/tags?post=5660"}],"curies":[{"name":"wp","href":"https:\/\/api.w.org\/{rel}","templated":true}]}}